{"id":997,"date":"2019-03-02T18:16:29","date_gmt":"2019-03-02T17:16:29","guid":{"rendered":"http:\/\/annapisze.art\/?p=997"},"modified":"2019-03-02T18:16:29","modified_gmt":"2019-03-02T17:16:29","slug":"trzymac-kciuki","status":"publish","type":"post","link":"https:\/\/annapisze.art\/?p=997","title":{"rendered":"Trzyma\u0107 kciuki"},"content":{"rendered":"<p>Wczoraj nie w\u0142\u0105cza\u0142am Lapcia, w og\u00f3le nie mia\u0142am kiedy usi\u0105\u015b\u0107, jako\u015b tak zesz\u0142o na porz\u0105dkowaniu ogr\u00f3dka, w\u0142a\u015bciwie tzw. przedogr\u00f3dka. Przyci\u0119\u0142am ma\u0142y bez (podobno bez turecki si\u0119 nazywa, krzak, nie drzewko), bo si\u0119 rozpanoszy\u0142 niemo\u017cebnie a\u017c do przesady. Pr\u00f3bowa\u0142am mu wyt\u0142umaczy\u0107, \u017ceby r\u00f3s\u0142 na boki a nie do przodu. Nie wiem czy dotar\u0142o, sprawdzimy. Poobcina\u0142am zielone kulki na winobluszczu, \u017ceby nie obci\u0105\u017ca\u0107 \u015bciany, no i potem b\u0119dzie mniej sprz\u0105tania. Na p\u0142ocie niech sobie rosn\u0105, ale na \u015bcianie budynku nie. Przenios\u0142am pelargonie na okno. Okaza\u0142o si\u0119, \u017ce te bidulki kupione w Biedronce rosn\u0105 przepi\u0119knie, odwdzi\u0119czaj\u0105c si\u0119 chyba za uratowanie i wydaje mi si\u0119, \u017ce jest to odmiana pn\u0105ca, drobne czerwone i r\u00f3\u017cowe kwiatki a duuu\u017co zielonych li\u015bci. I zaczynaj\u0105 zwisa\u0107, dlatego najd\u0142u\u017csz\u0105 prze\u0142o\u017cy\u0142am na parapet, niech sobie zwisa i powiewa;) M\u0105\u017c przyci\u0105\u0142 perukowca, troch\u0119 iglak\u00f3w &#8211; ale to nie koniec, trzeba jeszcze przystrzyc je od uliczki, bo ludziom na g\u0142owy zaczn\u0105 za chwil\u0119 wchodzi\u0107. Perukowce dawno temu przywioz\u0142a babcia D.<br \/>\nod kole\u017canki z dzia\u0142ki, by\u0142y male\u0144kie, posadzone w pude\u0142kach po ma\u015ble ro\u015blinnym. Teraz s\u0105 ogromnymi drzewami, bo prowadzi\u0142am je nie &#8222;na krzew&#8221; ale &#8222;na drzewo&#8221;, \u017ceby na dole nie zabiera\u0142y miejsca, bo przecie\u017c nasz ogr\u00f3dek jest miniaturowy. Mieli\u015bmy japo\u0144sk\u0105 wierzb\u0119, kt\u00f3ra do pewnego momentu ros\u0142a przepi\u0119knie, dawa\u0142a cie\u0144 tworz\u0105c parasol. Niestety, w pewnym momencie zacz\u0119\u0142a schn\u0105\u0107 wi\u0119c obci\u0119li\u015bmy ga\u0142\u0119zie. Zacz\u0119\u0142y wyrasta\u0107 nowe, mia\u0142am nadziej\u0119, \u017ce od\u017cyje, ale &#8211; niestety &#8211; one r\u00f3wnie\u017c usch\u0142y. Teraz zosta\u0142 sam pie\u0144, na kt\u00f3rym powiesi\u0142am doniczk\u0119 z pelargoni\u0105, a babcia D. wiesza pranie, bo nie pozwala pra\u0107 swoich rzeczy w pralce, pierze w r\u0119kach. Je\u015bli jej to sprawia przyjemno\u015b\u0107, niech sobie pierze. Po\u015bciel tylko i r\u0119czniki jej wrzucam do pralki, z tym si\u0119 ju\u017c pogodzi\u0142a. Kilka trudniejszych chwil ostatnio by\u0142o. Po takim &#8222;czym\u015b&#8221; czuj\u0119 si\u0119 jak przepuszczona przez wy\u017cymaczk\u0119 i d\u0142u\u017cszy czas dochodz\u0119 do r\u00f3wnowagi. M\u0105\u017c ma gorzej, z wiadomych przyczyn bardziej prze\u017cywa, w ko\u0144cu to jego mama.<br \/>\nPoza tym mecze zaprz\u0105taj\u0105 uwag\u0119, moj\u0105 nie za bardzo, \u017ceby by\u0142a jasno\u015b\u0107. Ja tylko dzi\u015b b\u0119d\u0119 ogl\u0105da\u0107, bo nasi graj\u0105, wi\u0119c niejako z patriotycznych pobudek i trzyma\u0107 kciuki b\u0119d\u0119 ze wszystkich si\u0142. Niech ca\u0142y \u015bwiat zobaczy, \u017ce co\u015b nam si\u0119 udaje poza k\u0142\u00f3tni\u0105 i podzia\u0142em.<\/p>\n<p>19.06.2018<\/p>\n<ul>\n<li><a href=\"http:\/\/www.blox.pl\/html?page=userProfilePreview&amp;username=kotimyszkot\">kotimyszkot<\/a> <time title=\"2018\/06\/19 08:48:28\" datetime=\"19.06.2018\">9 miesi\u0119cy temu<\/time>Mecz naszych i my obejrzymy, tak to z daleka od tv \ud83d\ude09<br \/>\nA z tymi biedronkowymi pelargoniami co\u015b jest na rzeczy, moje r\u00f3wnie\u017c wygl\u0105da\u0142y skromnie, a jak rozkwit\u0142y to oko ciesz\u0105 bardzo \ud83d\ude42<br \/>\n<a href=\"http:\/\/kotimyszkot.blox.pl\/2018\/06\/Zakwitly.html\" rel=\"nofollow\">kotimyszkot.blox.pl\/2018\/06\/Zakwitly.html<\/a><\/li>\n<li><a href=\"http:\/\/niesfornedruty.blox.pl\/\">urszula97<\/a> <time title=\"2018\/06\/19 11:52:08\" datetime=\"19.06.2018\">9 miesi\u0119cy temu<\/time>I my ogladamy mecz.A z tymi niechcianymi kwiatami co\u015b na rzeczy.Ja w Tesco kupi\u0142am takie ogryzki miniaturek \u015bmierdziuszki w kolorze cytrynowym,juz si\u0119 zebra\u0142y ,maja du\u017co p\u0105czk\u00f3w a kilka juz kwitnie,<\/li>\n<li><a href=\"http:\/\/www.blox.pl\/html?page=userProfilePreview&amp;username=babciabezmohera\">babciabezmohera<\/a> <time title=\"2018\/06\/19 14:47:52\" datetime=\"19.06.2018\">9 miesi\u0119cy temu<\/time>U nas te\u017c by\u0142o przycinanie zieleniny. Mn\u00f3stwo tego by\u0142o. I nadal ro\u015bnie jak na dro\u017cd\u017cach, cho\u0107 niby susza. ;(<\/li>\n<li><a href=\"http:\/\/www.blox.pl\/html?page=userProfilePreview&amp;username=fusilla\">fusilla<\/a> <time title=\"2018\/06\/19 19:45:20\" datetime=\"19.06.2018\">9 miesi\u0119cy temu<\/time>Moje zielono\u015bci Synek Muminek opanowa\u0142!<br \/>\nA mecz? Niestety, chyba z\u0142y kibic ze mnie! ;-(((((<\/li>\n<li><a href=\"http:\/\/www.blox.pl\/html?page=userProfilePreview&amp;username=annazadroza\">annazadroza<\/a> <time title=\"2018\/06\/21 19:10:21\" datetime=\"21.06.2018\">9 miesi\u0119cy temu<\/time>Myszokocie:-) No i szkoda by\u0142o zdrowia na taki mecz:(<br \/>\nObejrza\u0142am Twoje pelargonie, \u015bliczne. Kiedy\u015b takie male\u0144kie funkie kupi\u0142am, te\u017c kompletnie zdech\u0142e, a rosn\u0105 do tej pory i s\u0105 pi\u0119kne, odwdzi\u0119czaj\u0105 si\u0119 :)))<\/li>\n<li><a href=\"http:\/\/www.blox.pl\/html?page=userProfilePreview&amp;username=annazadroza\">annazadroza<\/a> <time title=\"2018\/06\/21 19:15:02\" datetime=\"21.06.2018\">9 miesi\u0119cy temu<\/time>Urszulo:-) Ciesz\u0105 si\u0119, \u017ce \u017cyj\u0105:)))<br \/>\nCzy m\u00f3wi\u0105c &#8222;\u015bmierdziuszki&#8221; masz na my\u015bli aksamitki?<\/li>\n<li><a href=\"http:\/\/www.blox.pl\/html?page=userProfilePreview&amp;username=annazadroza\">annazadroza<\/a> <time title=\"2018\/06\/21 19:23:17\" datetime=\"21.06.2018\">9 miesi\u0119cy temu<\/time>BBM:-) Mo\u017ce si\u0119 pogoda zmieni, przecie\u017c lato si\u0119 zacznie, to kalendarzowe i teraz mo\u017ce si\u0119 zrobi zimno. Tak na przek\u00f3r, bo lato ju\u017c by\u0142o, wiosn\u0105&#8230;<\/li>\n<li><a href=\"http:\/\/www.blox.pl\/html?page=userProfilePreview&amp;username=annazadroza\">annazadroza<\/a> <time title=\"2018\/06\/21 19:31:53\" datetime=\"21.06.2018\">9 miesi\u0119cy temu<\/time>Fusilko:-) Taki Synek to skarb:) Niech dr\u017c\u0105 niepotrzebne zielono\u015bci;)<br \/>\nChyba sami \u017ali kibice, skoro wysz\u0142o jak wysz\u0142o:(((<\/li>\n<li><a href=\"http:\/\/www.blox.pl\/html?page=userProfilePreview&amp;username=krzysztof213\">krzysztof213<\/a> <time title=\"2018\/06\/22 16:13:55\" datetime=\"22.06.2018\">9 miesi\u0119cy temu<\/time>No to nie tylko ty co\u015b przezywasz<br \/>\nku\u017awa a ja gdzie\u015b tam widz\u0105c t\u0105 staro\u015b\u0107 te\u017c nie raz gdzie\u015b kto\u015b mi m\u00f3wi ze m\u0142ody i nie wiem czy to prawda czy nie .<br \/>\nA tu tak masz si\u0119 modli\u0107 dawa\u0107 na ko\u015bci\u00f3\u0142 tylko kto pomorze jak potrzebujesz naprawd\u0119 pomocy gdzie nieraz pa\u0144stwo i szpitalne sprawy nie takie proste .<br \/>\nGdzie znowu chodzi o to samo &#8230;<\/li>\n<li><a href=\"http:\/\/www.blox.pl\/html?page=userProfilePreview&amp;username=annazadroza\">annazadroza<\/a> <time title=\"2018\/06\/25 08:14:06\" datetime=\"25.06.2018\">9 miesi\u0119cy temu<\/time>Krzysztof:-) Przykre bardzo, ale ju\u017c chyba tylko na siebie liczy\u0107 mo\u017cna. Na pa\u0144stwo na pewno nie, na ko\u015bci\u00f3\u0142 tym bardziej, bo to jeszcze bardziej obce pa\u0144stwo. Jedynie na konkretnych, pojedynczych ludzi, bo ludzie s\u0105 wspaniali, tylko przez te dwa pa\u0144stwa t\u0142amszeni i zastraszani &#8211; represjami i ogniem piekielnym.<\/li>\n<li><a href=\"http:\/\/www.blox.pl\/html?page=userProfilePreview&amp;username=krzysztof213\">krzysztof213<\/a> <time title=\"2018\/06\/27 07:06:49\" datetime=\"27.06.2018\">9 miesi\u0119cy temu<\/time>To te\u017c tak masz .<br \/>\nOj taka smutna rzeczywisto\u015b\u0107<br \/>\nAle \u017cycz\u0119 ci powodzenia w tym borykaniu si\u0119 widz\u0105c jak to wygl\u0105da<\/li>\n<li><a href=\"http:\/\/www.blox.pl\/html?page=userProfilePreview&amp;username=annazadroza\">annazadroza<\/a> <time title=\"2018\/06\/27 19:50:58\" datetime=\"27.06.2018\">9 miesi\u0119cy temu<\/time>Krzysztof:-) Pomy\u015bl, \u017ce my\u015bl\u0105cy ludzie zawsze zastanawiaj\u0105 si\u0119, rozwa\u017caj\u0105, prze\u017cywaj\u0105, tylko g\u0142upcy i&#8230;. (wstaw jakie okre\u015blenia chcesz)&#8230; uwa\u017caj\u0105, \u017ce wszystkie rozumy zjedli i s\u0105 lepsi od innych, wi\u0119c mog\u0105 nimi pogardza\u0107 i poni\u017ca\u0107 ich &#8230;<br \/>\nTy nale\u017cysz z pewno\u015bci\u0105 do my\u015bl\u0105cych. Pozdrawiam:)))<\/li>\n<li><a href=\"http:\/\/www.blox.pl\/html?page=userProfilePreview&amp;username=krzysztof213\">krzysztof213<\/a> <time title=\"2018\/06\/28 07:46:19\" datetime=\"28.06.2018\">9 miesi\u0119cy temu<\/time>I dzi\u0119kuj\u0119 bardzo<br \/>\nI znikam w tym wszystkim oj &#8230;<br \/>\nWi\u0119c znikam i mi\u0142ego dnia \u017cycz\u0119<\/li>\n<li><a href=\"http:\/\/www.blox.pl\/html?page=userProfilePreview&amp;username=annazadroza\">annazadroza<\/a> <time title=\"2018\/07\/20 12:15:40\" datetime=\"20.07.2018\">8 miesi\u0119cy temu<\/time>Krzysztof:-) Dopiero teraz spojrza\u0142am i zobaczy\u0142am, \u017ce by\u0142e\u015b. Dzi\u0119kuj\u0119 za \u017cyczenia na wtedy, \u017cycz\u0119 najlepszego na przysz\u0142o\u015b\u0107:)))<\/li>\n<\/ul>\n<div class=\"fcbkbttn_buttons_block\" id=\"fcbkbttn_middle\"><div class=\"fcbkbttn_like \"><fb:like href=\"https:\/\/annapisze.art\/?p=997\" action=\"like\" colorscheme=\"light\" layout=\"box_count\"  size=\"small\"><\/fb:like><\/div><div class=\"fb-share-button  \" data-href=\"https:\/\/annapisze.art\/?p=997\" data-type=\"button_count\" data-size=\"small\"><\/div><\/div>","protected":false},"excerpt":{"rendered":"<p>Wczoraj nie w\u0142\u0105cza\u0142am Lapcia, w og\u00f3le nie mia\u0142am kiedy usi\u0105\u015b\u0107, jako\u015b tak zesz\u0142o na porz\u0105dkowaniu ogr\u00f3dka, w\u0142a\u015bciwie tzw. przedogr\u00f3dka. Przyci\u0119\u0142am ma\u0142y bez (podobno bez turecki si\u0119 nazywa, krzak, nie drzewko), bo si\u0119 rozpanoszy\u0142 niemo\u017cebnie a\u017c do przesady. Pr\u00f3bowa\u0142am mu wyt\u0142umaczy\u0107, &hellip; <a href=\"https:\/\/annapisze.art\/?p=997\">Czytaj dalej <span class=\"meta-nav\">&rarr;<\/span><\/a><\/p>\n","protected":false},"author":1,"featured_media":0,"comment_status":"open","ping_status":"open","sticky":false,"template":"","format":"standard","meta":{"footnotes":""},"categories":[8],"tags":[],"class_list":["post-997","post","type-post","status-publish","format-standard","hentry","category-mysle-sobie"],"_links":{"self":[{"href":"https:\/\/annapisze.art\/index.php?rest_route=\/wp\/v2\/posts\/997","targetHints":{"allow":["GET"]}}],"collection":[{"href":"https:\/\/annapisze.art\/index.php?rest_route=\/wp\/v2\/posts"}],"about":[{"href":"https:\/\/annapisze.art\/index.php?rest_route=\/wp\/v2\/types\/post"}],"author":[{"embeddable":true,"href":"https:\/\/annapisze.art\/index.php?rest_route=\/wp\/v2\/users\/1"}],"replies":[{"embeddable":true,"href":"https:\/\/annapisze.art\/index.php?rest_route=%2Fwp%2Fv2%2Fcomments&post=997"}],"version-history":[{"count":1,"href":"https:\/\/annapisze.art\/index.php?rest_route=\/wp\/v2\/posts\/997\/revisions"}],"predecessor-version":[{"id":998,"href":"https:\/\/annapisze.art\/index.php?rest_route=\/wp\/v2\/posts\/997\/revisions\/998"}],"wp:attachment":[{"href":"https:\/\/annapisze.art\/index.php?rest_route=%2Fwp%2Fv2%2Fmedia&parent=997"}],"wp:term":[{"taxonomy":"category","embeddable":true,"href":"https:\/\/annapisze.art\/index.php?rest_route=%2Fwp%2Fv2%2Fcategories&post=997"},{"taxonomy":"post_tag","embeddable":true,"href":"https:\/\/annapisze.art\/index.php?rest_route=%2Fwp%2Fv2%2Ftags&post=997"}],"curies":[{"name":"wp","href":"https:\/\/api.w.org\/{rel}","templated":true}]}}