{"id":900,"date":"2019-03-01T18:28:54","date_gmt":"2019-03-01T17:28:54","guid":{"rendered":"http:\/\/annapisze.art\/?p=900"},"modified":"2019-03-01T18:28:54","modified_gmt":"2019-03-01T17:28:54","slug":"niech-wam-wiosna-szczescie-da","status":"publish","type":"post","link":"https:\/\/annapisze.art\/?p=900","title":{"rendered":"Niech Wam wiosna szcz\u0119\u015bcie da:)"},"content":{"rendered":"<p>Przemin\u0105\u0142 weekend. Ciep\u0142y, s\u0142oneczny jakby ju\u017c lato si\u0119 zacz\u0119\u0142o, nie wiosna. Deszczyk pada\u0142 noc\u0105 &#8211; czyli sytuacja idealna, tak powinno by\u0107:)<br \/>\nW sobot\u0119 si\u0119 leni\u0142am z konieczno\u015bci, bo b\u00f3l nie pozwala\u0142 mi na \u017cadne szale\u0144stwa fizyczne, mog\u0142am najwy\u017cej szare kom\u00f3rki potrenowa\u0107. Wzi\u0119\u0142am pierwsz\u0105 z od\u0142o\u017conych do przejrzenia ksi\u0105\u017cek. Pad\u0142o na &#8222;Zimowe serca&#8221; Belindy Jones. Taki sympatyczny romans, tylko&#8230; akcja toczy si\u0119 w Kanadzie w zimie! A ja zimy mam do\u015b\u0107 i prawie zmarz\u0142am podczas czytania, musia\u0142am wyj\u015b\u0107 na s\u0142o\u0144ce:) My\u015bl\u0119, \u017ce Ewie by si\u0119 podoba\u0142o, \u017ce opisuje jej znajome miejsca, bo Montreal i Quebec. Nie zostawi\u0119 tej powie\u015bci dla siebie, puszcz\u0119 dalej, niech idzie do ludzi.<br \/>\nRozgrza\u0142am si\u0119, gdy wyszli\u015bmy z psami. Przy okazji zobaczy\u0142am ile zosta\u0142o zrobione nowej drogi i chodnika od poprzedniej soboty. Dop\u00f3ki nie sko\u0144cz\u0105 przebudowy skrzy\u017cowania &#8211; mam nadziej\u0119, \u017ce ze \u015bwiat\u0142ami &#8211; b\u0119dzie wci\u0105\u017c bardzo niebezpiecznie.<br \/>\nBzy coraz wi\u0119ksze maj\u0105 &#8222;ki\u015bcie&#8221; i zakwitn\u0105 niebawem, dzikie wino wypuszcza listeczki, tulipany ju\u017c zakwit\u0142y, za chwil\u0119 wystrzel\u0105 kolorem szafirki. Uwielbiam wiosn\u0119 najbardziej ze wszystkich p\u00f3r roku. \u017bycz\u0119 Wam wszystkim wiosny w my\u015blach, w duszy, wsz\u0119dzie:)))<\/p>\n<p>16.04.2018<\/p>\n<ul>\n<li><a href=\"http:\/\/niesfornedruty.blox.pl\/\">urszula97<\/a> <time title=\"2018\/04\/16 08:25:27\" datetime=\"16.04.2018\">11 miesi\u0119cy temu<\/time>Uwielbiam wiosn\u0119 za kolory i najwieksz\u0105 ilo\u015b\u0107 kwiat\u00f3w,u mnie szafirki ju\u017c kwitn\u0105,tulipany w p\u0105czkach,nie wiem jak teraz gdy\u017c ostatni raz by\u0142am na dzia\u0142ce w czwartek,goscie rano odjechali,po po\u0142udniu b\u0119dzie dy\u017cur z ma\u0142ym a jutro lub pojutrze kolejni b\u0119d\u0105 w rodzinnym domku,my\u015bl\u0119 oko\u0142o czwartku b\u0119dzie normalno\u015b\u0107.<\/li>\n<li><a href=\"http:\/\/www.blox.pl\/html?page=userProfilePreview&amp;username=annazadroza\">annazadroza<\/a> <time title=\"2018\/04\/16 09:03:47\" datetime=\"16.04.2018\">11 miesi\u0119cy temu<\/time>Urszulo:-) Wiosna poza kolorami niesie rado\u015b\u0107, nadziej\u0119, nowe \u017cycie po prostu. Jesie\u0144 te\u017c ma pi\u0119kne kolory ale jest w niej smutek przemijania.<br \/>\nTroch\u0119 si\u0119 zachmurzy\u0142o, ale nie pada, psiaki mog\u0105 w ogr\u00f3dku siedzie\u0107. Ja do malutkiej w czwartek pojad\u0119, wi\u0119c do tego czasu chcia\u0142abym sko\u0144czy\u0107 ogr\u00f3dkowe porz\u0105dki, je\u015bli dam rad\u0119, bo mnie jeszcze &#8222;\u0142upie w kr\u0119gos\u0142upie&#8221;:)))<\/li>\n<li><a href=\"http:\/\/www.blox.pl\/html?page=userProfilePreview&amp;username=nie-okrzesana\">nie-okrzesana<\/a> <time title=\"2018\/04\/16 09:18:12\" datetime=\"16.04.2018\">11 miesi\u0119cy temu<\/time>Wszystkim widz\u0119, udziela si\u0119 ten, wiosenny nastr\u00f3j !<\/li>\n<li><a href=\"http:\/\/www.blox.pl\/html?page=userProfilePreview&amp;username=kotimyszkot\">kotimyszkot<\/a> <time title=\"2018\/04\/16 12:50:48\" datetime=\"16.04.2018\">11 miesi\u0119cy temu<\/time>Nic dziwnego, kiedy s\u0142o\u0144ce za oknem i ciep\u0142o, a\u017c si\u0119 chce \u017cy\u0107 i ch\u0142on\u0105\u0107 to \u017cycie ca\u0142ym sob\u0105 :)) Mocy i si\u0142 na t\u0119 wiosn\u0119 \u017cycz\u0119 \ud83d\ude42<\/li>\n<li><a href=\"http:\/\/www.blox.pl\/html?page=userProfilePreview&amp;username=kobietawbarwachjesieni\">kobietawbarwachjesieni<\/a> <time title=\"2018\/04\/16 22:21:58\" datetime=\"16.04.2018\">11 miesi\u0119cy temu<\/time>Ja ju\u017c wystawi\u0142am na taras swoje drzewka i kwiaty. Skorzysta\u0142am z tego, \u017ce m\u00f3j wnuk mia\u0142 troch\u0119 czasu, bo to on zawsze je wynosi na powietrze i wnosi do mieszkania przed zim\u0105. Troch\u0119 si\u0119 boj\u0119 przymrozk\u00f3w majowych, ale mam agrow\u0142\u00f3knin\u0119 i w razie czego b\u0119d\u0119 ni\u0105 otula\u0142a ro\u015bliny.<\/li>\n<li><a href=\"http:\/\/www.blox.pl\/html?page=userProfilePreview&amp;username=annazadroza\">annazadroza<\/a> <time title=\"2018\/04\/17 11:11:16\" datetime=\"17.04.2018\">11 miesi\u0119cy temu<\/time>Nie-okrzesana:-) Niech si\u0119 udziela i rozprzestrzenia dobry humor i dobry nastr\u00f3j, jak najdalej i jak najszerzej, bo wci\u0105\u017c tego za ma\u0142o w naszym klimacie:)<\/li>\n<li><a href=\"http:\/\/www.blox.pl\/html?page=userProfilePreview&amp;username=annazadroza\">annazadroza<\/a> <time title=\"2018\/04\/17 11:14:10\" datetime=\"17.04.2018\">11 miesi\u0119cy temu<\/time>Myszokocie:-) Dzi\u0119ki:) Masz racj\u0119,\u017ce \u017cy\u0107 si\u0119 chce kiedy s\u0142once \u015bwieci, szczeg\u00f3lnie teraz, po zimie. Korzysta\u0107 trzeba, bo dzi\u015b ju\u017c si\u0119 schowa\u0142o za chmury, mokro jest, ale na szcz\u0119\u015bcie ciep\u0142o:)<\/li>\n<li><a href=\"http:\/\/www.blox.pl\/html?page=userProfilePreview&amp;username=annazadroza\">annazadroza<\/a> <time title=\"2018\/04\/17 11:24:18\" datetime=\"17.04.2018\">11 miesi\u0119cy temu<\/time>Marysiu:-) A taras masz r\u00f3wno z ziemi\u0105 czy wy\u017cej? Bo jak wy\u017cej, to ro\u015blinom nie powinny zaszkodzi\u0107 majowe ch\u0142ody. Chyba, \u017ce &#8211; odpuka\u0107- sypnie \u015bniegiem, tak te\u017c si\u0119 zdarza\u0142o. Skoro jednak jeste\u015b przygotowana do okrycia ro\u015blinek &#8211; na pewno b\u0119dzie ok:)))<\/li>\n<li><a href=\"http:\/\/www.blox.pl\/html?page=userProfilePreview&amp;username=babciabezmohera\">babciabezmohera<\/a> <time title=\"2018\/04\/17 12:19:21\" datetime=\"17.04.2018\">11 miesi\u0119cy temu<\/time>Dzi\u0119ki, Aniu! Tobie te\u017c pi\u0119knej wiosny! Cieszmy si\u0119 ni\u0105 wszyscy! :))<\/li>\n<li><a href=\"http:\/\/www.blox.pl\/html?page=userProfilePreview&amp;username=krzysztof213\">krzysztof213<\/a> <time title=\"2018\/04\/18 04:40:11\" datetime=\"18.04.2018\">11 miesi\u0119cy temu<\/time>Te\u017c lubi\u0119 wiosn\u0119.Choc i szaro\u015b\u0107 dnia te\u017c mam .Wi\u0119c pozdrawiam<\/li>\n<li><a href=\"http:\/\/www.blox.pl\/html?page=userProfilePreview&amp;username=annazadroza\">annazadroza<\/a> <time title=\"2018\/04\/18 11:44:23\" datetime=\"18.04.2018\">11 miesi\u0119cy temu<\/time>BBM:-) Szkoda tylko, \u017ce \u017cycie wiosennych kwiat\u00f3w jest tak kr\u00f3tkie. Ju\u017c tulipany wczesne przekwit\u0142y a deszcz z wiatrem do sp\u00f3\u0142ki zdmuchn\u0105\u0142 bia\u0142e p\u0142atki kwiat\u00f3w z mirabelki. W pierwszej chwili my\u015bla\u0142am, \u017ce to \u015bnieg! Na szcz\u0119\u015bcie to tylko zmy\u0142ka i Pani Wiosna zapanowa\u0142a niepodzielnie. Du\u017co rado\u015bci:)))<\/li>\n<li><a href=\"http:\/\/www.blox.pl\/html?page=userProfilePreview&amp;username=annazadroza\">annazadroza<\/a> <time title=\"2018\/04\/18 11:46:18\" datetime=\"18.04.2018\">11 miesi\u0119cy temu<\/time>Krzysztof:-) Podobno jak mamy w duszy &#8211; tak postrzegamy \u015bwiat wok\u00f3\u0142. Niech wi\u0119c Ci s\u0142oneczko \u015bwieci w \u015brodku i t\u0119 szaro\u015b\u0107 rozja\u015bnia:)))<\/li>\n<li><a href=\"http:\/\/www.blox.pl\/html?page=userProfilePreview&amp;username=krzysztof213\">krzysztof213<\/a> <time title=\"2018\/04\/18 16:07:57\" datetime=\"18.04.2018\">11 miesi\u0119cy temu<\/time>Jest tak jak m\u00f3wisz . Cho\u0107 chce nieraz inaczej.Taki nieraz jest \u015bwiat i tak los \u017ce nieraz pomimo wiosny tak si\u0119 potrzega \u015bwiat.Wiem \u017ce to nie fajne\n<p>Ale pozdrawiam serdecznie i aby\u015b mia\u0142a fajnie<\/li>\n<li><a href=\"http:\/\/www.blox.pl\/html?page=userProfilePreview&amp;username=annazadroza\">annazadroza<\/a> <time title=\"2018\/04\/19 20:22:37\" datetime=\"19.04.2018\">11 miesi\u0119cy temu<\/time>Krzysiu:-) Dzi\u0119ki:) Mimo kiepskich chwil &#8211; niech Ci wiosna nadziej\u0119 i spe\u0142nienie pragnie\u0144 przyniesie. Czasem jaka\u015b drobna rzecz, zdarzenie, potrafi spowodowa\u0107 du\u017c\u0105 zmian\u0119. Trzymaj si\u0119 i nie daj si\u0119 &#8211; jak mawia\u0142 m\u00f3j Tata. Pozdrawiam serdecznie:)))<\/li>\n<\/ul>\n<div class=\"fcbkbttn_buttons_block\" id=\"fcbkbttn_middle\"><div class=\"fcbkbttn_like \"><fb:like href=\"https:\/\/annapisze.art\/?p=900\" action=\"like\" colorscheme=\"light\" layout=\"box_count\"  size=\"small\"><\/fb:like><\/div><div class=\"fb-share-button  \" data-href=\"https:\/\/annapisze.art\/?p=900\" data-type=\"button_count\" data-size=\"small\"><\/div><\/div>","protected":false},"excerpt":{"rendered":"<p>Przemin\u0105\u0142 weekend. Ciep\u0142y, s\u0142oneczny jakby ju\u017c lato si\u0119 zacz\u0119\u0142o, nie wiosna. Deszczyk pada\u0142 noc\u0105 &#8211; czyli sytuacja idealna, tak powinno by\u0107:) W sobot\u0119 si\u0119 leni\u0142am z konieczno\u015bci, bo b\u00f3l nie pozwala\u0142 mi na \u017cadne szale\u0144stwa fizyczne, mog\u0142am najwy\u017cej szare kom\u00f3rki &hellip; <a href=\"https:\/\/annapisze.art\/?p=900\">Czytaj dalej <span class=\"meta-nav\">&rarr;<\/span><\/a><\/p>\n","protected":false},"author":1,"featured_media":0,"comment_status":"open","ping_status":"open","sticky":false,"template":"","format":"standard","meta":{"footnotes":""},"categories":[8],"tags":[],"class_list":["post-900","post","type-post","status-publish","format-standard","hentry","category-mysle-sobie"],"_links":{"self":[{"href":"https:\/\/annapisze.art\/index.php?rest_route=\/wp\/v2\/posts\/900","targetHints":{"allow":["GET"]}}],"collection":[{"href":"https:\/\/annapisze.art\/index.php?rest_route=\/wp\/v2\/posts"}],"about":[{"href":"https:\/\/annapisze.art\/index.php?rest_route=\/wp\/v2\/types\/post"}],"author":[{"embeddable":true,"href":"https:\/\/annapisze.art\/index.php?rest_route=\/wp\/v2\/users\/1"}],"replies":[{"embeddable":true,"href":"https:\/\/annapisze.art\/index.php?rest_route=%2Fwp%2Fv2%2Fcomments&post=900"}],"version-history":[{"count":1,"href":"https:\/\/annapisze.art\/index.php?rest_route=\/wp\/v2\/posts\/900\/revisions"}],"predecessor-version":[{"id":901,"href":"https:\/\/annapisze.art\/index.php?rest_route=\/wp\/v2\/posts\/900\/revisions\/901"}],"wp:attachment":[{"href":"https:\/\/annapisze.art\/index.php?rest_route=%2Fwp%2Fv2%2Fmedia&parent=900"}],"wp:term":[{"taxonomy":"category","embeddable":true,"href":"https:\/\/annapisze.art\/index.php?rest_route=%2Fwp%2Fv2%2Fcategories&post=900"},{"taxonomy":"post_tag","embeddable":true,"href":"https:\/\/annapisze.art\/index.php?rest_route=%2Fwp%2Fv2%2Ftags&post=900"}],"curies":[{"name":"wp","href":"https:\/\/api.w.org\/{rel}","templated":true}]}}