{"id":894,"date":"2019-03-01T18:18:47","date_gmt":"2019-03-01T17:18:47","guid":{"rendered":"http:\/\/annapisze.art\/?p=894"},"modified":"2019-03-01T18:18:47","modified_gmt":"2019-03-01T17:18:47","slug":"schody","status":"publish","type":"post","link":"https:\/\/annapisze.art\/?p=894","title":{"rendered":"Schody"},"content":{"rendered":"<p>Kiedy\u015b by\u0142a audycja w radio &#8222;Z kraju i ze \u015bwiata&#8221;. Tak mi si\u0119 przypomnia\u0142o kiedy pomy\u015bla\u0142am, \u017ce teraz ilo\u015b\u0107 informacji jest przyt\u0142aczaj\u0105ca. Nie do wys\u0142uchania, nie do przyswojenia i nie ma w\u0142a\u015bciwie mo\u017cliwo\u015bci oddzielenia w pierwszej chwili tego co wa\u017cne od bzdet\u00f3w, kt\u00f3rych jest oczywi\u015bcie wi\u0119cej. Cz\u0119sto w zalewie tych ostatnich niknie to, co wa\u017cne. W ten te\u017c spos\u00f3b nasi &#8222;znakomici&#8221; politycy przeprowadzaj\u0105 swoje &#8222;genialne&#8221; pomys\u0142y po cichu, wiedz\u0105c, \u017ce og\u00f3\u0142 zajmie si\u0119 tymi bzdetami p\u0142ywaj\u0105cymi po wierzchu. Przecie\u017c ciemny lud wszystko kupi. Ciemnota wyst\u0119puje wsz\u0119dzie. Ciemnota atakuje nawet papie\u017ca Franciszka, bo troch\u0119 \u015bwiat\u0142a do zat\u0119ch\u0142ej kruchty stara si\u0119 wpu\u015bci\u0107 &#8211; dlatego nasi sukienkowi nie s\u0105 z niego zadowoleni, to nie jest &#8222;nasz&#8221; papie\u017c, omylny, mo\u017cna si\u0119 nawet modli\u0107 o rych\u0142e jego odej\u015bcie do domu Ojca&#8230;<\/p>\n<p>Z innej beczki &#8211; przeczyta\u0142am o &#8222;dorzynaniu Nowoczesnej&#8221; &#8211; trudno si\u0119 nie zgodzi\u0107, \u017ce popieranie pana Ujazdowskiego jest popieraniem jego pogl\u0105d\u00f3w, kt\u00f3re nijak si\u0119 maj\u0105 do programu Nowoczesnej. I gdybym nawet chcia\u0142a wcze\u015bniej, to bym na ni\u0105 teraz nie zag\u0142osowa\u0142a. Kolejny absurd &#8211; to schody dla ma\u0142ego cz\u0142owieczka, \u017ceby wydawa\u0142 si\u0119 sobie i ciemnemu ludowi wi\u0119kszy. Ju\u017c widz\u0119, jak stoi na szczycie pomnika a poddani kl\u0119cz\u0105 u st\u00f3p schod\u00f3w i bij\u0105 pok\u0142ony. A zaraz niedaleko drugi pomnik, jego sobowt\u00f3ra na nas patrzy. Co ulica to Kaczy\u0144skich, Kaczy\u0144skiego albo Kaczy\u0144skiej, albo Dw\u00f3ch Takich Co Ukradli Ksi\u0119\u017cyc, na ka\u017cdym placu pomnik, popiersie albo chocia\u017c tablica pami\u0105tkowa g\u0142osz\u0105ca wyj\u0105tkowo\u015b\u0107&#8230; \u00a0Jak w dowcipie: otworzysz lod\u00f3wk\u0119 &#8211; a tam &#8230;Kaczy\u0144ski. Wiadomo, \u017ce z przesytu rodzi si\u0119 niech\u0119\u0107, niech\u0119\u0107 mo\u017ce przej\u015b\u0107 w nienawi\u015b\u0107, za\u015b st\u0105d ju\u017c niedaleko do tragedii&#8230; Je\u015bli kto\u015b si\u0119 modli, niech prosi: od g\u0142upoty rz\u0105dz\u0105cych (wszystkich opcji) zachowaj nas, Panie&#8230;<\/p>\n<p>A tak na marginesie &#8211; nikt dzi\u015b nie pami\u0119ta\u0142 o Katyniu, schody przys\u0142oni\u0142y wszystko&#8230;<\/p>\n<p>10.04.2018<\/p>\n<div id=\"posts-container\" class=\"body\">\n<div id=\"comments-list\" class=\"comments-list\">\n<ul>\n<li><a href=\"http:\/\/www.blox.pl\/html?page=userProfilePreview&amp;username=kobietawbarwachjesieni\">kobietawbarwachjesieni<\/a> <time title=\"2018\/04\/10 22:19:19\" datetime=\"10.04.2018\">11 miesi\u0119cy temu<\/time>Bardzo podoba mi si\u0119 papie\u017c Franciszek. Ma otwart\u0105 g\u0142ow\u0119. Widzi ludzi, a nie tylko ideologi\u0119. \u015aciskam Ci\u0119 mocno.<\/li>\n<li><a href=\"http:\/\/www.blox.pl\/html?page=userProfilePreview&amp;username=oldakowski2013\">oldakowski2013<\/a> <time title=\"2018\/04\/10 23:40:09\" datetime=\"10.04.2018\">11 miesi\u0119cy temu<\/time>Jednak o Katyniu by\u0142o du\u017co, w telewizji publicznej. Ogl\u0105da\u0142em!<\/li>\n<li><a href=\"http:\/\/niesfornedruty.blox.pl\/\">urszula97<\/a> <time title=\"2018\/04\/11 08:35:33\" datetime=\"11.04.2018\">11 miesi\u0119cy temu<\/time>Masz racj\u0119 Aniu,swoj\u0105 drog\u0105 tyle tych program\u00f3w informacyjnych \u017ce nie spos\u00f3b pos\u0142ucha\u0107 i ogl\u0105da\u0107,a zreszt\u0105 co to s\u0142ucha\u0107,nienawi\u015b\u0107,plucia, wol\u0119 sobie na kompie pogra\u0107,zreszt\u0105 teraz ciep\u0142y i zacz\u0105\u0142 si\u0119 sezon dzia\u0142kowy.<\/li>\n<li><a href=\"http:\/\/www.mycastle.blox.pl\/\">e.urlik<\/a> <time title=\"2018\/04\/12 14:07:39\" datetime=\"12.04.2018\">11 miesi\u0119cy temu<\/time>Franciszek to jedyny papie\u017c, kt\u00f3rego powa\u017cam. Poza tym, mo\u017ce do\u015b\u0107 tej martyrologii powszechnej? Inne narody jako\u015b pozamyka\u0142y swoj\u0105 przesz\u0142o\u015b\u0107, id\u0105 do przodu. Niech ka\u017cdy idzie drzewo zasadzi\u0107, b\u0119dzie super :-))<\/li>\n<li><a href=\"http:\/\/www.blox.pl\/html?page=userProfilePreview&amp;username=annazadroza\">annazadroza<\/a> <time title=\"2018\/04\/12 19:13:24\" datetime=\"12.04.2018\">11 miesi\u0119cy temu<\/time>Maryniu:-) W\u0142a\u015bnie, widzi ludzi. Jest ludzki a nie: nad\u0119ty i narcystycznie zapatrzony w siebie.<br \/>\nOd\u015bciskuj\u0119 najserdeczniej:)))<\/li>\n<li><a href=\"http:\/\/www.blox.pl\/html?page=userProfilePreview&amp;username=annazadroza\">annazadroza<\/a> <time title=\"2018\/04\/12 19:24:13\" datetime=\"12.04.2018\">11 miesi\u0119cy temu<\/time>Oldakowski2013:-) Nie trafi\u0142am, bo ma\u0142o ogl\u0105da\u0142am. Poza tym chodzi mi o zwyk\u0142ych ludzi, dla kt\u00f3rych wa\u017cniejsza jest codzienno\u015b\u0107 od przesz\u0142o\u015bci i przebijaj\u0105 si\u0119 tu przekazy (dzie\u0144 w dzie\u0144, miesi\u0105c w miesi\u0105c) zwi\u0105zane z rokiem 2010, o tym s\u0142ysza\u0142am w sklepie i na ulicy &#8211; o barierkach, obchodach itp. Nikt nie wspomnia\u0142 roku 1940. Dobrze, ze w tv nie zapomniano, w ko\u0144cu media od tego &#8211; m.in. &#8211; s\u0105.<\/li>\n<li><a href=\"http:\/\/www.blox.pl\/html?page=userProfilePreview&amp;username=annazadroza\">annazadroza<\/a> <time title=\"2018\/04\/12 19:29:05\" datetime=\"12.04.2018\">11 miesi\u0119cy temu<\/time>Urszulo:-) I ca\u0142e szcz\u0119\u015bcie, \u017ce odskoczni\u0119 od ci\u0119\u017ckich temat\u00f3w mo\u017cna znale\u017a\u0107 na \u0142onie natury. Uwielbiam zapach \u015bwie\u017co poruszonej ziemi, grabionej trawy, tylko &#8211; nie lubi\u0119 jak mnie przy okazji &#8222;pokr\u0119ci&#8221;. A jak Twoje zakwasy, ju\u017c si\u0119 &#8222;rozesz\u0142y&#8221; czy jeszcze m\u0119cz\u0105?<br \/>\nS\u0142oneczka i samych dzia\u0142kowych przyjemno\u015bci:)))<\/li>\n<li><a href=\"http:\/\/www.blox.pl\/html?page=userProfilePreview&amp;username=annazadroza\">annazadroza<\/a> <time title=\"2018\/04\/12 19:36:06\" datetime=\"12.04.2018\">11 miesi\u0119cy temu<\/time>Ewo:-) Z zasadzeniem drzewa dobry pomys\u0142:) Martyrologii zdecydowanie do\u015b\u0107. Zamiast wiecznego gloryfikowania umierania za Ojczyzn\u0119 proponuj\u0119 gloryfikowa\u0107 \u017cycie i prac\u0119 dla Niej. A poza tym- to za \u017cadn\u0105 Ojczyzn\u0119, tylko za polityk\u00f3w, kt\u00f3rzy najpierw wp\u0119dzaj\u0105 kraj w k\u0142opoty a potem uciekaj\u0105 ratuj\u0105c ty\u0142ki, przez co gin\u0105 setki tysi\u0119cy przyzwoitych ludzi. Nieprzyzwoici sobie radz\u0105 np. wydaj\u0105c wrogom s\u0105siad\u00f3w i zgarniaj\u0105c ich maj\u0105tki, i wcale nie my\u015bl\u0119 o wydawaniu tylko tych, co wszyscy my\u015bl\u0105&#8230;<\/li>\n<\/ul>\n<\/div>\n<\/div>\n<div class=\"fcbkbttn_buttons_block\" id=\"fcbkbttn_middle\"><div class=\"fcbkbttn_like \"><fb:like href=\"https:\/\/annapisze.art\/?p=894\" action=\"like\" colorscheme=\"light\" layout=\"box_count\"  size=\"small\"><\/fb:like><\/div><div class=\"fb-share-button  \" data-href=\"https:\/\/annapisze.art\/?p=894\" data-type=\"button_count\" data-size=\"small\"><\/div><\/div>","protected":false},"excerpt":{"rendered":"<p>Kiedy\u015b by\u0142a audycja w radio &#8222;Z kraju i ze \u015bwiata&#8221;. Tak mi si\u0119 przypomnia\u0142o kiedy pomy\u015bla\u0142am, \u017ce teraz ilo\u015b\u0107 informacji jest przyt\u0142aczaj\u0105ca. Nie do wys\u0142uchania, nie do przyswojenia i nie ma w\u0142a\u015bciwie mo\u017cliwo\u015bci oddzielenia w pierwszej chwili tego co wa\u017cne &hellip; <a href=\"https:\/\/annapisze.art\/?p=894\">Czytaj dalej <span class=\"meta-nav\">&rarr;<\/span><\/a><\/p>\n","protected":false},"author":1,"featured_media":0,"comment_status":"open","ping_status":"open","sticky":false,"template":"","format":"standard","meta":{"footnotes":""},"categories":[8],"tags":[],"class_list":["post-894","post","type-post","status-publish","format-standard","hentry","category-mysle-sobie"],"_links":{"self":[{"href":"https:\/\/annapisze.art\/index.php?rest_route=\/wp\/v2\/posts\/894","targetHints":{"allow":["GET"]}}],"collection":[{"href":"https:\/\/annapisze.art\/index.php?rest_route=\/wp\/v2\/posts"}],"about":[{"href":"https:\/\/annapisze.art\/index.php?rest_route=\/wp\/v2\/types\/post"}],"author":[{"embeddable":true,"href":"https:\/\/annapisze.art\/index.php?rest_route=\/wp\/v2\/users\/1"}],"replies":[{"embeddable":true,"href":"https:\/\/annapisze.art\/index.php?rest_route=%2Fwp%2Fv2%2Fcomments&post=894"}],"version-history":[{"count":1,"href":"https:\/\/annapisze.art\/index.php?rest_route=\/wp\/v2\/posts\/894\/revisions"}],"predecessor-version":[{"id":895,"href":"https:\/\/annapisze.art\/index.php?rest_route=\/wp\/v2\/posts\/894\/revisions\/895"}],"wp:attachment":[{"href":"https:\/\/annapisze.art\/index.php?rest_route=%2Fwp%2Fv2%2Fmedia&parent=894"}],"wp:term":[{"taxonomy":"category","embeddable":true,"href":"https:\/\/annapisze.art\/index.php?rest_route=%2Fwp%2Fv2%2Fcategories&post=894"},{"taxonomy":"post_tag","embeddable":true,"href":"https:\/\/annapisze.art\/index.php?rest_route=%2Fwp%2Fv2%2Ftags&post=894"}],"curies":[{"name":"wp","href":"https:\/\/api.w.org\/{rel}","templated":true}]}}