{"id":886,"date":"2019-03-01T17:58:54","date_gmt":"2019-03-01T16:58:54","guid":{"rendered":"http:\/\/annapisze.art\/?p=886"},"modified":"2019-03-01T17:58:54","modified_gmt":"2019-03-01T16:58:54","slug":"przecudne-obie","status":"publish","type":"post","link":"https:\/\/annapisze.art\/?p=886","title":{"rendered":"Przecudne obie:)"},"content":{"rendered":"<p>Nie patrzy\u0142am na prognoz\u0119 pogody, wi\u0119c nie wiem jak\u0105 przewiduj\u0105 na weekend. Chcia\u0142abym, \u017ceby \u0142adnie i ciep\u0142o by\u0142o, bo zaplanowa\u0142am porz\u0105dki w ogr\u00f3dku. Skoro m\u0142ode ro\u015blinki wychylaj\u0105 g\u0142\u00f3wki, trzeba im zrobi\u0107 miejsce i porz\u0105dek wok\u00f3\u0142, \u017ceby mia\u0142y ch\u0119\u0107 \u017cy\u0107 i kwitn\u0105\u0107:)<br \/>\nNa razie jest \u0142adnie, psiaki biegaj\u0105 po trawniku, a raczej po czym\u015b, co trawnikiem by\u0107 powinno, lecz Skitu\u015b wykopa\u0142 kilka dziur i wygl\u0105da jak po przej\u015bciu stada dzik\u00f3w. Ale nic to, dokupi\u0119 ziemi, wsypi\u0119 w dziury, dosiej\u0119 trawki troch\u0119 i b\u0119dzie dobrze. Wa\u017cne, \u017ce prze\u017cyli\u015bmy zim\u0119.<\/p>\n<p>A teraz jest ju\u017c wiecz\u00f3r, wr\u00f3ci\u0142am od Calineczki i jestem padni\u0119ta, ale szcz\u0119\u015bliwa szcz\u0119\u015bciem jakie daje przebywanie z takim najukocha\u0144szym szkrabem. U\u015bmia\u0142am si\u0119 widz\u0105c jak pr\u00f3bowa\u0142a w pozycji na czworakach si\u0119ga\u0107 \u0142apk\u0105 po co\u015b, co jej si\u0119 podoba\u0142o, lecz zamiast do przodu, przesuwa\u0142a si\u0119 w ty\u0142 i z\u0142o\u015bci\u0142a si\u0119<br \/>\nrobi\u0105c \u015bmieszne minki, wydaj\u0105c pomruki wyra\u017caj\u0105ce z\u0142o\u015b\u0107 i niezadowolenie. Przecudna:)))<\/p>\n<p><span style=\"font-size: 0.875em; line-height: 1.5;\">Posz\u0142y\u015bmy na zakupy na bazarek, ma\u0142a by\u0142a zainteresowana wszystkim,\u00a0<\/span>co si\u0119 dzia\u0142o wok\u00f3\u0142. Ona nie lubi si\u0119 nudzi\u0107, monotonii nie znosi. Okaza\u0142o si\u0119, \u017ce bucik\u00f3w na n\u00f3\u017ckach te\u017c nie lubi, szczeg\u00f3lnie na lewej. Nie policz\u0119 ile razy butka \u015bci\u0105ga\u0142a i l\u0105dowa\u0142 na ziemi.<br \/>\nNa bazarku trafi\u0142am na farb\u0119 do w\u0142os\u00f3w, kt\u00f3rej u\u017cywam od lat, a kt\u00f3ra znikn\u0119\u0142a z Rossmana gdzie kupowa\u0142am do tej pory. No, ale mam i mog\u0119 si\u0119 odm\u0142odzi\u0107 wizualnie na wiosn\u0119. Mimo, i\u017c Wnusia K. powiedzia\u0142a mi dzisiaj, kiedy odm\u00f3wi\u0142am s\u0142odyczy, \u017ceby nie przyty\u0107, &#8211; babciu, przecie\u017c ty ju\u017c nie chodzisz na randki, a dziadek m\u00f3wi, \u017ce i tak mu si\u0119 podobasz, to przecie\u017c nie musisz si\u0119 odchudza\u0107. Te\u017c przecudna:)))<\/p>\n<p>ps. Nie mam poj\u0119cia sk\u0105d si\u0119 wzi\u0119\u0142y takie ma\u0142e literki, nie potrafi\u0119 ich \u015bwiadomie ani zmniejszy\u0107 ani zwi\u0119kszy\u0107, musz\u0105 zosta\u0107:)))<\/p>\n<p>5.04.2018<\/p>\n<ul>\n<li><span class=\"guest\">Go\u015b\u0107: [kasiapur] <\/span><span class=\"host\">*.toya.net.pl<\/span> <time title=\"2018\/04\/05 23:11:15\" datetime=\"05.04.2018\">11 miesi\u0119cy temu<\/time>Wszystko jest pi\u0119kne w tym wpisie, bo przecie\u017c jakie mo\u017ce by\u0107<br \/>\nje\u015bli dotyczy Calineczki. Ale mimo wszystko ,,&#8230;..a dziadek m\u00f3wi,<br \/>\n\u017ce i tak mu si\u0119 podobasz&#8230;,, najpi\u0119kniejsze ! :))) Oj kochaj\u0105 Ci\u0119<br \/>\nAniu te Twoje szkraby i nie tylko \ud83d\ude09<br \/>\nu\u015bciski i dobrego jutra !<\/li>\n<li><span class=\"guest\">Go\u015b\u0107: [kobietawbarwachjesieni] <\/span><span class=\"host\">*.neoplus.adsl.tpnet.pl<\/span> <time title=\"2018\/04\/06 00:12:31\" datetime=\"06.04.2018\">11 miesi\u0119cy temu<\/time>Ja te\u017c Ci\u0119 mocno \u015bciskam.<\/li>\n<li><a href=\"http:\/\/niesfornedruty.blox.pl\/\">urszula97<\/a> <time title=\"2018\/04\/06 08:18:20\" datetime=\"06.04.2018\">11 miesi\u0119cy temu<\/time>Wspania\u0142e,wnusie przes\u0142odkie, a powiedzonko z randk\u0105 rewelacyjne,<\/li>\n<li><a href=\"http:\/\/www.blox.pl\/html?page=userProfilePreview&amp;username=tessa37\">tessa37<\/a> <time title=\"2018\/04\/06 09:41:20\" datetime=\"06.04.2018\">11 miesi\u0119cy temu<\/time>Zr\u00f3b w\u0142os i um\u00f3w si\u0119 z dziadkiem na randke;)<br \/>\nJa si\u0119 z moim m\u0119\u017cem nadal na randki umawiam:)<br \/>\nA pogoda ma by\u0107 pi\u0119kna i s\u0142oneczna, jak ten wpis:)<br \/>\nMy w weekend bedziemy taras zakwiecac;)<\/li>\n<li><a href=\"http:\/\/www.blox.pl\/html?page=userProfilePreview&amp;username=annazadroza\">annazadroza<\/a> <time title=\"2018\/04\/06 09:58:18\" datetime=\"06.04.2018\">11 miesi\u0119cy temu<\/time>Kasiu:-) Ja ich te\u017c nieprzytomnie kocham, bo jak\u017ce inaczej? Calineczka wyrwa\u0142a mi wczoraj troch\u0119 w\u0142os\u00f3w, b\u0119dzie mniej do farbowania:)))<\/li>\n<li><a href=\"http:\/\/www.blox.pl\/html?page=userProfilePreview&amp;username=annazadroza\">annazadroza<\/a> <time title=\"2018\/04\/06 10:00:16\" datetime=\"06.04.2018\">11 miesi\u0119cy temu<\/time>Marysiu:-) Od\u015bciskuj\u0119:)))<\/li>\n<li><a href=\"http:\/\/www.blox.pl\/html?page=userProfilePreview&amp;username=annazadroza\">annazadroza<\/a> <time title=\"2018\/04\/06 10:04:52\" datetime=\"06.04.2018\">11 miesi\u0119cy temu<\/time>Urszulo:-) Dzieciaki maja w og\u00f3le rewelacyjne odezwania. Troch\u0119 zapisa\u0142am i uwieczniam w powie\u015bci. A teraz &#8211; malutka \u015bmieje si\u0119 z rado\u015bci gdy widzi starsz\u0105 wracaj\u0105c\u0105 ze szko\u0142y i s\u0142yszy: siostra, jak podro\u015bniesz to ja ci\u0119 wszystkiego naucz\u0119, niczym si\u0119 nie przejmuj. Czy\u017c to nie jest s\u0142odkie?<\/li>\n<li><a href=\"http:\/\/www.blox.pl\/html?page=userProfilePreview&amp;username=annazadroza\">annazadroza<\/a> <time title=\"2018\/04\/06 10:11:27\" datetime=\"06.04.2018\">11 miesi\u0119cy temu<\/time>Tesso:-) W\u0142os robi\u0119 w miar\u0119 regularnie, latem cz\u0119\u015bciej, bo bardziej wida\u0107 odrosty;)<br \/>\nNa randki we czw\u00f3rk\u0119 chodzimy, czyli psy nas wyprowadzaj\u0105 na spacery, bo z babci\u0105 D. same nie mog\u0105 zosta\u0107, mog\u0142oby to by\u0107 niebezpieczne dla psiak\u00f3w.<br \/>\nCzym b\u0119dziecie ukwieca\u0107 taras? Widzia\u0142am \u015bliczne bratki i my\u015bl\u0119, czy nie kupi\u0107 do skrzynek. Na razie krokusiki kwitn\u0105. Hortensja wypuszcza listki, czyli zim\u0119 prze\u017cy\u0142a i to jest rado\u015b\u0107:)))<\/li>\n<li><a href=\"http:\/\/www.blox.pl\/html?page=userProfilePreview&amp;username=annazadroza\">annazadroza<\/a> <time title=\"2018\/04\/06 10:13:03\" datetime=\"06.04.2018\">11 miesi\u0119cy temu<\/time>Kasiu:-) Zapomnia\u0142am &#8211; a mia\u0142am spyta\u0107, czy kwiatki u Ciebie kwitn\u0105 i czy widzisz je przez okno? Serdeczno\u015bci moc, kochana:)))<\/li>\n<li><a href=\"http:\/\/www.blox.pl\/html?page=userProfilePreview&amp;username=tessa37\">tessa37<\/a> <time title=\"2018\/04\/06 10:22:53\" datetime=\"06.04.2018\">11 miesi\u0119cy temu<\/time>Jeszcze nie wiem, bo taras nowiutki, jak i mieszkanie, wi\u0119c zaczynamy od podstaw;)<br \/>\nWiem, \u017ce chce lawende, r\u00f3\u017ce, jakie\u015b drzewko (ale to pozniej) i co\u015b kolorowego, co d\u0142ugo kwitnie;) Kompletnie si\u0119 nie znam na kwiatach na balkon i taras, w dodatku musz\u0105 by\u0107 bezpieczne dla kot\u00f3w, b\u0119d\u0119 si\u0119 jutro musia\u0142a dopyta\u0107, chyba, \u017ce tu kto\u015b co\u015b podpowie;) Marza jeszcze mi si\u0119 piwonie, ale nie wiem, czy nawet du\u017ca donica da rade.<\/li>\n<li><a href=\"http:\/\/www.blox.pl\/html?page=userProfilePreview&amp;username=babciabezmohera\">babciabezmohera<\/a> <time title=\"2018\/04\/06 10:36:49\" datetime=\"06.04.2018\">11 miesi\u0119cy temu<\/time>Fajnie mie\u0107 wnucz\u0119ta! Wszystkie s\u0105 kochane!:))<\/li>\n<li><a href=\"http:\/\/www.blox.pl\/html?page=userProfilePreview&amp;username=mmzd\">mmzd<\/a> <time title=\"2018\/04\/06 11:23:11\" datetime=\"06.04.2018\">11 miesi\u0119cy temu<\/time>Podpowiadam Tessie \ud83d\ude42 &#8211; nasturcje !! &#8211; szybko rosn\u0105, kwitn\u0105 d\u0142ugo i obficie. I zbieraj nasiona, &#8211; ja od lat ju\u017c nie kupuj\u0119.<\/li>\n<li><span class=\"guest\">Go\u015b\u0107: [kasiapur] <\/span><span class=\"host\">*.toya.net.pl<\/span> <time title=\"2018\/04\/06 11:25:56\" datetime=\"06.04.2018\">11 miesi\u0119cy temu<\/time>Aniu \ud83d\ude42 \u017ceby to wyja\u015bni\u0107 trzeba powiedzie\u0107 wprost &#8211; dom stoi<br \/>\nw lesie sosnowym :), wi\u0119c jest pi\u0119knie. S\u0142o\u0144ce w upa\u0142y tak nie m\u0119czy<br \/>\nbo mam parasol z koron sosnowych, pachnie \u017cywic\u0105, wiewi\u00f3rki<br \/>\ndokarmiam ( nie mam zwierzak\u00f3w w domu) wi\u0119c weso\u0142o harcuj\u0105<br \/>\nna tarasie przy doniczce z orzechami. Wygl\u0105da \u017ce \u017cy\u0107 nie umiera\u0107&#8230;<br \/>\nNa rok przed wprowadzk\u0105 robi\u0142am ogr\u00f3d (dzia\u0142ka ma 1100m) jeszcze<br \/>\nwtedy chodzi\u0142am cho\u0107 z wielkim trudem \ud83d\ude41 i wtedy kupi\u0142am w Tesco chyba<br \/>\nze dwie\u015bcie cebulek krokus\u00f3w : \u017c\u00f3\u0142tych , fioletowych. Wyznaczy\u0142em takie<br \/>\npoletka i posadzi\u0142am. Na nast\u0119pny rok mia\u0142am przepi\u0119kne pola krokus\u00f3w !<br \/>\nRaaany jak si\u0119 cieszy\u0142am ! Jako\u015b te krokusiki s\u0105 takim prze\u0142amaniem zimy<br \/>\neksplozj\u0105 \u017cycia. No i niestety rozrzucili\u015bmy na tych w\u0142a\u015bnie rabatach kor\u0119<br \/>\n(tak wszyscy robi\u0105) i prawdopodobnie kwa\u015bno\u015b\u0107 tej kory wypali\u0142a cebulki<br \/>\nw tym roku ani jednego krokusa \ud83d\ude41 Tak wi\u0119c m\u00f3j ogr\u00f3d zaczyna \u017cy\u0107 kwiatami<br \/>\ntroch\u0119 p\u00f3\u017aniej wtedy kwitn\u0105 g\u0142\u00f3wnie r\u00f3\u017caneczniki.<br \/>\nGdybym chodzi\u0142a na pewno co\u015b bym wymy\u015bli\u0142a je\u015bli chodzi o kwiaty&#8230;<br \/>\nAle i tak jest przepi\u0119knie i ciesz\u0119 si\u0119, \u017ce mieszkam pod \u0141odzi\u0105 \ud83d\ude42<br \/>\n\u015bciskam mocno :)))<\/p>\n<p><a href=\"http:\/\/www.mycastle.blox.pl\/\">.e.urlik<\/a> <time title=\"2018\/04\/06 13:56:54\" datetime=\"06.04.2018\">11 miesi\u0119cy temu<\/time>Aniu, jaki kolor? Widz\u0119 ci\u0119 na rudo!<\/li>\n<li><a href=\"http:\/\/www.blox.pl\/html?page=userProfilePreview&amp;username=tessa37\">tessa37<\/a> <time title=\"2018\/04\/06 14:17:08\" datetime=\"06.04.2018\">11 miesi\u0119cy temu<\/time>Mmzd, dzi\u0119kuj\u0119 serdecznie za podpowiedz:)<\/li>\n<li><a href=\"http:\/\/www.blox.pl\/html?page=userProfilePreview&amp;username=fusilla\">fusilla<\/a> <time title=\"2018\/04\/06 17:40:50\" datetime=\"06.04.2018\">11 miesi\u0119cy temu<\/time>TESS!<br \/>\nWszystko zale\u017cy od tego jaka masz wystaw\u0119 tarasu, i jak uk\u0142adaj\u0105 si\u0119 wiatry! Czy taras jest os\u0142oniety, czy wolny! Czy chcesz ro\u015bliny w du\u017cych, wysokich pojemnikach, czy pojedynczo, czy w d\u0142ugich korytkach! Zadaj pytanie wujkowi guglowatemu, jak dobrze poszukasz, to znajdziesz konkretna odpowied\u017a! Ja tak zrobi\u0142am dopiero po dw\u00f3ch latach, bo metoda prb i b\u0142ed\u00f3w trwa\u0142a za d\u0142ugo. Poza tym dobre podpowiedzi da\u0142a mi w\u0142a\u015bcicielka gospodarstwa ogrodniczego, gdzie od lat kupuje kwiaty!<\/li>\n<li><a href=\"http:\/\/www.blox.pl\/html?page=userProfilePreview&amp;username=tessa37\">tessa37<\/a> <time title=\"2018\/04\/06 17:53:35\" datetime=\"06.04.2018\">11 miesi\u0119cy temu<\/time>Fussilko, no szukam:) Ale wiem, \u017ce lepiej liczy\u0107 na rady z doswiadczenia;) Taras jest na 1 pi\u0119trze, od strony wschodno-poludniowej, ma ok.15-16 m2 i jest pod\u0142u\u017cny, s\u0105 na niego wyj\u015bcia z sypialni i z salonu, pomi\u0119dzy nimi jest \u015bciana, na kt\u00f3rej stoi st\u00f3\u0142 z krzes\u0142ami (wszystko drewniane), od strony sypialni jest nisza, w kt\u00f3rej chce da\u0107 co\u015b &#8222;loungowego&#8221;;), ale to za rok, dwa, na razie stanie tam nasz fotel, z kt\u00f3rym nie mamy co zrobic;) Ca\u0142o\u015b\u0107 jest zadaszona, \u015bciany bia\u0142e, a kafle i skrzynki-szare, kamienne. Najpierw chcia\u0142am wysokie i waskie skrzynie betonowe, ale troch\u0119 si\u0119 boj\u0119 \u017ce wzgl\u0119du na koty, wi\u0119c kupili\u015bmy, jak to piszesz,&#8221;korytka&#8221;;) S\u0105 do\u015b\u0107 d\u0142ugie, 60 cm i mam ich 12 sztuk do zagospodarowania. I kilka wy\u017cszych, terakotowych donic. Chcia\u0142abym tyle r\u00f3\u017cnych ro\u015blin, ale si\u0119 boj\u0119, \u017ce oczoplasu dostane;)<\/li>\n<li><a href=\"http:\/\/www.blox.pl\/html?page=userProfilePreview&amp;username=annazadroza\">annazadroza<\/a> <time title=\"2018\/04\/06 20:36:51\" datetime=\"06.04.2018\">11 miesi\u0119cy temu<\/time>Tesso:-) Dosta\u0142a\u015b od dziewczyn tyle porad, \u017ce na pewno co\u015b wybierzesz albo pobudzona dzi\u0119ki nim wyobra\u017ania pchnie Ci\u0119 we w\u0142a\u015bciw\u0105 stron\u0119. Powodzenia:)))<\/li>\n<li><a href=\"http:\/\/www.blox.pl\/html?page=userProfilePreview&amp;username=annazadroza\">annazadroza<\/a> <time title=\"2018\/04\/06 20:38:03\" datetime=\"06.04.2018\">11 miesi\u0119cy temu<\/time>BBM:-) Cudownie je mie\u0107:)))<\/li>\n<li><a href=\"http:\/\/www.blox.pl\/html?page=userProfilePreview&amp;username=annazadroza\">annazadroza<\/a> <time title=\"2018\/04\/06 21:03:28\" datetime=\"06.04.2018\">11 miesi\u0119cy temu<\/time>Ewciu:-) Kolory mia\u0142am najprzer\u00f3\u017cniejsze;) Najpierw normalny, jak wi\u0119kszo\u015b\u0107 dziewczynek. Potem by\u0142y pasemka, z kt\u00f3rych przesz\u0142am na blond na wiele lat. Potem chcia\u0142am w\u0142osy wzmocni\u0107 i zacz\u0119\u0142am tak kombinowa\u0107, \u017ce wysz\u0142o mi co\u015b pomara\u0144czowo-\u017c\u00f3\u0142to-zielonego. Musia\u0142am przykry\u0107 ten kolor &#8222;wyj\u015bciowy&#8221; (jaki wyjdzie taki jest) i kupi\u0142am farb\u0119 w odcieniu mahoniu. Potem by\u0142a czarna wi\u015bnia, bak\u0142a\u017can, rubin i sama nie wiem co jeszcze. Ale w momencie, kiedy srebro zacz\u0119\u0142o prze\u015bwitywa\u0107 dwa dni po farbowaniu, wyla\u0142am na g\u0142ow\u0119 kilka butelek wody utlenionej, oczywi\u015bcie nie w jednej chwili, po czym wr\u00f3ci\u0142am do jasnych. Teraz mam wygod\u0119 i jestem zadowolona, bo odrosty nie rzucaj\u0105 si\u0119 w oczy tak bardzo jak przy ciemnych. Poza tym zmobilizowa\u0142a mnie wnusia, powiedzia\u0142a: babciu, ja bym chcia\u0142a, \u017ceby\u015b mia\u0142a takie jasne w\u0142osy jak na zdj\u0119ciach. Tak si\u0119 wi\u0119c sta\u0142o:)))<\/li>\n<li><a href=\"http:\/\/www.blox.pl\/html?page=userProfilePreview&amp;username=annazadroza\">annazadroza<\/a> <time title=\"2018\/04\/06 21:18:10\" datetime=\"06.04.2018\">11 miesi\u0119cy temu<\/time>Kasiu:-) Dom w sosnowym lesie to moje wspomnienie. Ch\u0142\u00f3d w czasie upa\u0142u, wiewi\u00f3rki skacz\u0105ce po dachu jakby to stado s\u0142oni wyprawia\u0142o harce, a nie zgrabne, drobne stworzonka. Karczowa\u0142am w\u0142asnor\u0119cznie las nigdy nie ruszany ludzka r\u0119k\u0105, chcia\u0142am tam zosta\u0107 na zawsze&#8230; i tyle. By\u0142o, nie ma, zosta\u0142y wspomnienia.<br \/>\nKrokus\u00f3w szkoda, ale c\u00f3\u017c, widocznie tak mia\u0142o by\u0107. Same sosny i ich zapach to jest bajka. mam w oczach sosnowe igie\u0142ki po deszczu, kiedy krople dr\u017c\u0105 niczym per\u0142y&#8230; R\u00f3\u017caneczniki te\u017c s\u0105 przecudnej urody. Pi\u0119knie masz, Kasie\u0144ko, \u015bciskam Ci\u0119 serdecznie:)))<\/li>\n<li><a href=\"http:\/\/www.blox.pl\/html?page=userProfilePreview&amp;username=tessa37\">tessa37<\/a> <time title=\"2018\/04\/06 21:35:51\" datetime=\"06.04.2018\">11 miesi\u0119cy temu<\/time>Tak, dzi\u0119kuj\u0119 i przepraszam za prywate;)<\/li>\n<li><span class=\"guest\">Go\u015b\u0107: [annazadroza] <\/span><span class=\"host\">*.nat.umts.dynamic.t-mobile.pl<\/span> <time title=\"2018\/04\/07 08:30:34\" datetime=\"07.04.2018\">11 miesi\u0119cy temu<\/time>Tesso:-) Ale\u017c nie ma za co:) Bardzo mi\u0142e jest spotkanie dziewczyn, kt\u00f3re si\u0119 \u015bwietnie ze sob\u0105 porozumiewaj\u0105, takie babskie spotkanie, z kt\u00f3rego wynikaj\u0105 same korzy\u015bci:)))<\/li>\n<\/ul>\n<div class=\"fcbkbttn_buttons_block\" id=\"fcbkbttn_middle\"><div class=\"fcbkbttn_like \"><fb:like href=\"https:\/\/annapisze.art\/?p=886\" action=\"like\" colorscheme=\"light\" layout=\"box_count\"  size=\"small\"><\/fb:like><\/div><div class=\"fb-share-button  \" data-href=\"https:\/\/annapisze.art\/?p=886\" data-type=\"button_count\" data-size=\"small\"><\/div><\/div>","protected":false},"excerpt":{"rendered":"<p>Nie patrzy\u0142am na prognoz\u0119 pogody, wi\u0119c nie wiem jak\u0105 przewiduj\u0105 na weekend. Chcia\u0142abym, \u017ceby \u0142adnie i ciep\u0142o by\u0142o, bo zaplanowa\u0142am porz\u0105dki w ogr\u00f3dku. Skoro m\u0142ode ro\u015blinki wychylaj\u0105 g\u0142\u00f3wki, trzeba im zrobi\u0107 miejsce i porz\u0105dek wok\u00f3\u0142, \u017ceby mia\u0142y ch\u0119\u0107 \u017cy\u0107 i &hellip; <a href=\"https:\/\/annapisze.art\/?p=886\">Czytaj dalej <span class=\"meta-nav\">&rarr;<\/span><\/a><\/p>\n","protected":false},"author":1,"featured_media":0,"comment_status":"open","ping_status":"open","sticky":false,"template":"","format":"standard","meta":{"footnotes":""},"categories":[8],"tags":[],"class_list":["post-886","post","type-post","status-publish","format-standard","hentry","category-mysle-sobie"],"_links":{"self":[{"href":"https:\/\/annapisze.art\/index.php?rest_route=\/wp\/v2\/posts\/886","targetHints":{"allow":["GET"]}}],"collection":[{"href":"https:\/\/annapisze.art\/index.php?rest_route=\/wp\/v2\/posts"}],"about":[{"href":"https:\/\/annapisze.art\/index.php?rest_route=\/wp\/v2\/types\/post"}],"author":[{"embeddable":true,"href":"https:\/\/annapisze.art\/index.php?rest_route=\/wp\/v2\/users\/1"}],"replies":[{"embeddable":true,"href":"https:\/\/annapisze.art\/index.php?rest_route=%2Fwp%2Fv2%2Fcomments&post=886"}],"version-history":[{"count":1,"href":"https:\/\/annapisze.art\/index.php?rest_route=\/wp\/v2\/posts\/886\/revisions"}],"predecessor-version":[{"id":887,"href":"https:\/\/annapisze.art\/index.php?rest_route=\/wp\/v2\/posts\/886\/revisions\/887"}],"wp:attachment":[{"href":"https:\/\/annapisze.art\/index.php?rest_route=%2Fwp%2Fv2%2Fmedia&parent=886"}],"wp:term":[{"taxonomy":"category","embeddable":true,"href":"https:\/\/annapisze.art\/index.php?rest_route=%2Fwp%2Fv2%2Fcategories&post=886"},{"taxonomy":"post_tag","embeddable":true,"href":"https:\/\/annapisze.art\/index.php?rest_route=%2Fwp%2Fv2%2Ftags&post=886"}],"curies":[{"name":"wp","href":"https:\/\/api.w.org\/{rel}","templated":true}]}}