{"id":84,"date":"2019-02-25T17:50:34","date_gmt":"2019-02-25T16:50:34","guid":{"rendered":"http:\/\/annapisze.art\/?p=84"},"modified":"2019-02-25T17:50:34","modified_gmt":"2019-02-25T16:50:34","slug":"przedswiateczne-refleksje","status":"publish","type":"post","link":"https:\/\/annapisze.art\/?p=84","title":{"rendered":"Przed\u015bwi\u0105teczne refleksje"},"content":{"rendered":"<p>Mam wra\u017cenie, \u017ce marnuj\u0119 czas, kiedy tylko przysi\u0105d\u0119 bezczynnie i np. patrz\u0119 w telewizor. Je\u015bli my\u015bl\u0119 o czym\u015b, planuj\u0119 &#8211; jest ok. Natomiast gdy u\u015bwiadomi\u0119 sobie, \u017ce przesta\u0142am rozwa\u017ca\u0107 konkretny temat, od razu pojawiaj\u0105 si\u0119 wyrzuty sumienia. Tyle przecie\u017c jest do zrobienia!<br \/>\nSpojrza\u0142am w kalendarz i zorientowa\u0142am, \u017ce zaraz \u015awi\u0119ta. Tylko dwa tygodnie dziel\u0105 nas od Wielkanocy. Co\u015b trzeba w zwi\u0105zku z tym zacz\u0105\u0107 robi\u0107.<br \/>\nSprz\u0105tanie \u2013 wiadomo, po zimie konieczno\u015b\u0107, chocia\u017c nie lubi\u0119 sprz\u0105ta\u0107. Lubi\u0119 gotowa\u0107. Tak wi\u0119c przyjemno\u015b\u0107 mam w uk\u0142adaniu menu, przegl\u0105daniu mn\u00f3stwa ksi\u0105\u017cek kulinarnych, powycinanych z czasopism niezliczonej ilo\u015bci przepis\u00f3w, si\u0119ganie do w\u0142asnych zapisk\u00f3w. Musz\u0119 przygotowa\u0107 dwie opcje, jedna ca\u0142kowicie wegetaria\u0144ska, druga prawie (z dopuszczeniem kurczaka, indyka i ryb). I nagle &#8211; w trakcie zajmowania si\u0119 przyjemnymi, prozaicznymi sprawami &#8211; us\u0142ysza\u0142am has\u0142o z telewizora.<br \/>\nKonstytucja.<br \/>\nNo przecie\u017c, dwudziesta rocznica uchwalenia Konstytucji (to by\u0142o wczoraj).<br \/>\nOd razu refleksja, \u017ce \u017cycie to splot tak wielu czynnik\u00f3w w jednej chwili, i\u017c nie ma ich jak rozdzieli\u0107. My\u015bl przeskakuje od kuchni do Konstytucji. \u015amieszne? Niegodne? A niby dlaczego? I nast\u0119pny ci\u0105g my\u015bli: jaka to wielka warto\u015b\u0107 jest. I \u017cal, \u017ce inni swoj\u0105 potrafi\u0105 chroni\u0107 przez dwie\u015bcie lat a my? Ale zaraz te\u017c, \u017ce ludzie \u015bwi\u0119tuj\u0105. W r\u00f3\u017cny spos\u00f3b, w wielu miejscowo\u015bciach, bo s\u0105 z niej dumni. Jak dobrze, \u017ce na spo\u0142ecze\u0144stwo nasze zawsze mo\u017cna liczy\u0107.<br \/>\nNasuwaj\u0105 si\u0119 nast\u0119pne skojarzenia. Konstytucja 3-go Maja te\u017c nie wszystkim si\u0119 podoba\u0142a. A jakie by\u0142y wtedy uwarunkowania \u2026 astrologiczne? &#8211; O historycznych niech my\u015bl\u0105 historycy. Ot\u00f3\u017c przeczyta\u0142am w Nieznanym \u015awiecie (nr1\/2017), \u017ce w 2017 roku w opozycji do S\u0142o\u0144ca jest Pluton, co zdarzy\u0142o si\u0119 w roku 1771, kiedy to w Rosji panowa\u0142a caryca Katarzyna Wielka. Sko\u0144czy\u0142o si\u0119 rozbiorem. Gro\u017anie brzmi? Szczeg\u00f3lnie gdy spojrze\u0107 na spo\u0142ecze\u0144stwo wtedy i teraz. Zostaje nadzieja, \u017ce nauczyli\u015bmy si\u0119 czego\u015b jednak i historia si\u0119 nie powt\u00f3rzy, mimo powt\u00f3rzenia si\u0119 uk\u0142adu w historycznym horoskopie. Jestem dyletantk\u0105 w tych sprawach, ale skojarzenia id\u0105 swoim torem\u2026<br \/>\n\u201eTak to ju\u017c jest na tym \u015bwiecie, \u017ce si\u0119 m\u0105dre z g\u0142upim plecie\u201d.<\/p>\n<p>Ciekawych rzeczy mo\u017cna si\u0119 dowiedzie\u0107 na blogu http:\/\/ piotrpiotrowski.blog.onet.pl<\/p>\n<p>3.04.2017<\/p>\n<div class=\"fcbkbttn_buttons_block\" id=\"fcbkbttn_middle\"><div class=\"fcbkbttn_like \"><fb:like href=\"https:\/\/annapisze.art\/?p=84\" action=\"like\" colorscheme=\"light\" layout=\"box_count\"  size=\"small\"><\/fb:like><\/div><div class=\"fb-share-button  \" data-href=\"https:\/\/annapisze.art\/?p=84\" data-type=\"button_count\" data-size=\"small\"><\/div><\/div>","protected":false},"excerpt":{"rendered":"<p>Mam wra\u017cenie, \u017ce marnuj\u0119 czas, kiedy tylko przysi\u0105d\u0119 bezczynnie i np. patrz\u0119 w telewizor. Je\u015bli my\u015bl\u0119 o czym\u015b, planuj\u0119 &#8211; jest ok. Natomiast gdy u\u015bwiadomi\u0119 sobie, \u017ce przesta\u0142am rozwa\u017ca\u0107 konkretny temat, od razu pojawiaj\u0105 si\u0119 wyrzuty sumienia. Tyle przecie\u017c jest &hellip; <a href=\"https:\/\/annapisze.art\/?p=84\">Czytaj dalej <span class=\"meta-nav\">&rarr;<\/span><\/a><\/p>\n","protected":false},"author":1,"featured_media":0,"comment_status":"open","ping_status":"open","sticky":false,"template":"","format":"standard","meta":{"footnotes":""},"categories":[8],"tags":[],"class_list":["post-84","post","type-post","status-publish","format-standard","hentry","category-mysle-sobie"],"_links":{"self":[{"href":"https:\/\/annapisze.art\/index.php?rest_route=\/wp\/v2\/posts\/84","targetHints":{"allow":["GET"]}}],"collection":[{"href":"https:\/\/annapisze.art\/index.php?rest_route=\/wp\/v2\/posts"}],"about":[{"href":"https:\/\/annapisze.art\/index.php?rest_route=\/wp\/v2\/types\/post"}],"author":[{"embeddable":true,"href":"https:\/\/annapisze.art\/index.php?rest_route=\/wp\/v2\/users\/1"}],"replies":[{"embeddable":true,"href":"https:\/\/annapisze.art\/index.php?rest_route=%2Fwp%2Fv2%2Fcomments&post=84"}],"version-history":[{"count":1,"href":"https:\/\/annapisze.art\/index.php?rest_route=\/wp\/v2\/posts\/84\/revisions"}],"predecessor-version":[{"id":85,"href":"https:\/\/annapisze.art\/index.php?rest_route=\/wp\/v2\/posts\/84\/revisions\/85"}],"wp:attachment":[{"href":"https:\/\/annapisze.art\/index.php?rest_route=%2Fwp%2Fv2%2Fmedia&parent=84"}],"wp:term":[{"taxonomy":"category","embeddable":true,"href":"https:\/\/annapisze.art\/index.php?rest_route=%2Fwp%2Fv2%2Fcategories&post=84"},{"taxonomy":"post_tag","embeddable":true,"href":"https:\/\/annapisze.art\/index.php?rest_route=%2Fwp%2Fv2%2Ftags&post=84"}],"curies":[{"name":"wp","href":"https:\/\/api.w.org\/{rel}","templated":true}]}}