{"id":823,"date":"2019-02-28T17:48:45","date_gmt":"2019-02-28T16:48:45","guid":{"rendered":"http:\/\/annapisze.art\/?p=823"},"modified":"2019-02-28T17:48:45","modified_gmt":"2019-02-28T16:48:45","slug":"pasma-zycia-25","status":"publish","type":"post","link":"https:\/\/annapisze.art\/?p=823","title":{"rendered":"&#8222;Pasma \u017cycia&#8221; 25"},"content":{"rendered":"<p>Kasia nie mog\u0142a si\u0119 doczeka\u0107 kiedy zostanie babci\u0105. Perspektywa pojawienia si\u0119 w rodzinie male\u0144kiej istotki wprawi\u0142a j\u0105 w ogromn\u0105 rado\u015b\u0107, nie do por\u00f3wnania z \u017cadn\u0105 inn\u0105. Obudzi\u0142y si\u0119 w niej macierzy\u0144skie uczucia u\u015bpione wcale nie tak dawno. Chcia\u0142a mie\u0107 dziecko z Miko\u0142ajem. U\u015bwiadomiwszy sobie, \u017ce prababcia i siostry babci rodzi\u0142y najm\u0142odsze swoje dzieci po czterdziestce stwierdzi\u0142a, \u017ce jeszcze zd\u0105\u017cy. Miko\u0142aj wtedy nie da\u0142 si\u0119 przekona\u0107, a jej nie uda\u0142o si\u0119 osi\u0105gn\u0105\u0107 celu bez wzgl\u0119du na jego zdanie na ten temat. W sumie \u2013 przekona\u0142a si\u0119, \u017ce los wie jak kierowa\u0107 sprawami nie zwa\u017caj\u0105c na nasze ch\u0119ci czy niech\u0119ci, bo widocznie ma ca\u0142o\u015bciowy ogl\u0105d sytuacji. Jak\u017ce da\u0142aby sobie rad\u0119 z ma\u0142ym dzieckiem, ch\u0142opcami, ewentualnymi wnukami, ojcem z Alzheimerem oraz prac\u0105? A przy tym jeszcze musia\u0142aby znale\u017a\u0107 si\u0142\u0119 i czas na bycie partnerk\u0105 dla Miko\u0142aja. To by\u0142oby po prostu nieosi\u0105galne, poza granic\u0105 ludzkich mo\u017cliwo\u015bci. Zaj\u0105wszy si\u0119 ma\u0142ym dzieckiem zu\u017cy\u0142aby wszystkie si\u0142y i nie starczy\u0142oby ich na nic innego. No i co\u015b jeszcze, za chwil\u0119 dziecko posz\u0142oby do szko\u0142y i tu powt\u00f3rzy\u0142by si\u0119 koszmar z przesz\u0142o\u015bci: odrabianie lekcji, wywiad\u00f3wki\u2026 Nie,\u00a0 stanowczo za du\u017co. Los dobrze wiedzia\u0142 czego jej zaoszcz\u0119dzi\u0142. Teraz na zebrania b\u0119d\u0105 chodzi\u0107 Agnieszka z \u0141ukaszem. No, nie tak zaraz, za sze\u015b\u0107 lat. Niech si\u0119 najpierw Kruszynka urodzi.<\/p>\n<p>Agnieszka wr\u00f3ci\u0142a od lekarza. Termin porodu zosta\u0142 wyliczony na koniec sierpnia, a tymczasem sierpie\u0144 si\u0119 sko\u0144czy\u0142. Wszystko by\u0142o w porz\u0105dku, tak wychodzi\u0142o na zdj\u0119ciach i ten fakt potwierdza\u0142y wyniki bada\u0144, ale male\u0144stwu wcale si\u0119 nie spieszy\u0142o na ten \u015bwiat. Kasia nie do ko\u0144ca wierzy\u0142a, \u017ce dziewczynka. Mo\u017ce jednak ch\u0142opczyk? Na USG niczego nie mog\u0142a si\u0119 dopatrze\u0107, widzia\u0142a same plamy i tyle.<\/p>\n<p>&#8211; R\u00f3\u017cne cuda si\u0119 zdarzaj\u0105. Jak si\u0119 urodzi i sama zobacz\u0119, \u017ce nie ch\u0142opak to uwierz\u0119, \u017ce dziewczynka \u2013 m\u00f3wi\u0142a nie mog\u0105c si\u0119 doczeka\u0107 male\u0144stwa, kt\u00f3re b\u0119dzie mog\u0142a wzi\u0105\u0107 w ramiona i przytuli\u0107.<\/p>\n<p>My\u015bla\u0142a o s\u0142odkiej dziewczynce, kt\u00f3r\u0105 b\u0119dzie ubiera\u0107 w \u015bliczne sukieneczki, czesa\u0107 mi\u0119kkie w\u0142oski\u2026Wraca\u0142y wspomnienia z najwcze\u015bniejszego dzieci\u0144stwa, gdy sama by\u0142a dziewczynk\u0105 z warkoczykami\u2026 T\u0119skni\u0142a za dzieckiem, za male\u0144kim cia\u0142kiem, kt\u00f3re mo\u017cna zamkn\u0105\u0107 w obj\u0119ciach i nosi\u0107 przytulone, za male\u0144kimi r\u0105czkami potrafi\u0105cymi nadzwyczaj mocno uchwyci\u0107\u2026 Jednym s\u0142owem przysz\u0142a najwy\u017csza pora na dziecko w rodzinie.<\/p>\n<p>Wyznaczono wreszcie dzie\u0144 wywo\u0142ania porodu. Dziecko by\u0142o du\u017ce i mog\u0142o mie\u0107 k\u0142opoty mimo, i\u017c matka m\u0142oda, zdrowa i wysportowana. A nawet w\u0142a\u015bnie z tego powodu. Tak silne mi\u0119\u015bnie jak mia\u0142a Agnieszka nie by\u0142y pomoc\u0105, ale wr\u0119cz przeszkod\u0105 w szybkiej akcji porodowej. M\u0119czy\u0142a si\u0119 dziewczyna okrutnie. Nie by\u0142o to bezpieczne ani dla niej ani dla dziecka.\u00a0 \u0141ukasz dzielnie wspiera\u0142 \u017con\u0119, lecz poniewa\u017c cierpienie przed\u0142u\u017ca\u0142o si\u0119 ponad miar\u0119,\u00a0 zap\u0142aci\u0142 za znieczulenie. W wyniku podanych \u015brodk\u00f3w twarde mi\u0119\u015bnie zwiotcza\u0142y i nowa mieszkanka planety Ziemia g\u0142o\u015bno oznajmi\u0142a o swoim przybyciu.<\/p>\n<p>Kasia z bij\u0105cym sercem czeka\u0142a za drzwiami sali porodowej. Us\u0142yszawszy g\u0142os dziecka\u00a0nie mog\u0142a si\u0119 powstrzyma\u0107. Musia\u0142a zerkn\u0105\u0107 na Kruszynk\u0119, kt\u00f3ra sta\u0142a si\u0119 w jednej chwili najwa\u017cniejsza na ca\u0142ym \u015bwiecie, kt\u00f3ra jest przed\u0142u\u017ceniem jej \u017cycia. Bez niej, Katarzyny, nie by\u0142oby na \u015bwiecie tej konkretnej istoty, tego male\u0144kiego ludzika, kt\u00f3ry odziedziczy\u0142 tak\u017ce jej, Kasi, geny i przeka\u017ce je dalej\u2026<\/p>\n<p>Male\u0144stwo w pierwszej chwili wyda\u0142o jej si\u0119 podobne do \u0141ukasza. I by\u0142o oczywi\u015bcie najpi\u0119kniejsze na \u015bwiecie i mia\u0142o wyj\u0105tkowo m\u0105dre spojrzenie. W og\u00f3le ca\u0142e by\u0142o wyj\u0105tkowe i doskona\u0142e, co potwierdzi\u0142a Renata, matka Agnieszki.<\/p>\n<p>&#8211; Dopiero teraz uda\u0142o mi si\u0119 wyrwa\u0107 z pracy \u2013 t\u0142umaczy\u0142a Kasi. \u2013 Jaka ona pi\u0119kna! Jak m\u0105drze patrzy! Jaka cudowna!<\/p>\n<p>Od tej chwili male\u0144ka kr\u00f3lewna Klara, zwana potocznie Kruszynk\u0105, zaw\u0142adn\u0119\u0142a sercami swoich najbli\u017cszych, kt\u00f3rym si\u0119 \u201eobjawi\u0142a\u201d w momencie urodzin. By\u0142a niezwykle spokojnym, pogodnym dzieckiem. Rozwija\u0142a si\u0119 wspaniale za\u015b rodzice pozostawali w stanie nieustannego zachwycenia pierworodn\u0105 latoro\u015bl\u0105.<\/p>\n<p>6.03.2018<\/p>\n<div id=\"posts-container\" class=\"body\">\n<div id=\"comments-list\" class=\"comments-list\">\n<ul>\n<li><a href=\"http:\/\/www.blox.pl\/html?page=userProfilePreview&amp;username=aga-joz\">aga-joz<\/a> <time title=\"2018\/03\/06 08:07:43\" datetime=\"06.03.2018\">11 miesi\u0119cy temu<\/time>A\u017c si\u0119 nie mog\u0119 doczeka\u0107, kiedy sama zostan\u0119 babci\u0105. Od znajomych wiem, \u017ce to zupe\u0142nie inne uczucia, ni\u017c te dotycz\u0105ce w\u0142asnych dzieci<\/li>\n<li><a href=\"http:\/\/niesfornedruty.blox.pl\/\">urszula97<\/a> <time title=\"2018\/03\/06 09:31:39\" datetime=\"06.03.2018\">11 miesi\u0119cy temu<\/time>Dok\u0142adnie,jest to inna mi\u0142o\u015bc,cierpliwo\u015b\u0107 i jaka\u015b niewyt\u0142umaczona si\u0142a kt\u00f3rej brak przy swoich dzieciach a ma si\u0119 j\u0105 przy wnukach.<\/li>\n<li><a href=\"http:\/\/www.blox.pl\/html?page=userProfilePreview&amp;username=annazadroza\">annazadroza<\/a> <time title=\"2018\/03\/07 09:14:32\" datetime=\"07.03.2018\">11 miesi\u0119cy temu<\/time>Ago:-) To naprawd\u0119 jest niesamowite uczucie:) Mnie si\u0119 odnowi\u0142o przez Calineczk\u0119, bo b\u0119d\u0105c z ni\u0105 prze\u017cywam powr\u00f3t uczu\u0107 macierzy\u0144skich, w zwi\u0119kszonej ilo\u015bci, w tej konkretnej chwili jestem tylko dla niej, inne my\u015bli odchodz\u0105 na bok. Mi\u0142o\u015b\u0107 jest tak ogromna, \u017ce niewyobra\u017calna wr\u0119cz. Ale jak pracowa\u0142am, nie mia\u0142am tyle czasu dla starszych dziewczynek. Teraz dla malutkiej mam.<br \/>\n\u017bycz\u0119 Ci takich uczu\u0107, tylko w odpowiednim czasie, kiedy b\u0119dziesz mog\u0142a je bez przeszk\u00f3d prze\u017cywa\u0107. Moocno Ci\u0119 \u015bciskam:)))<\/li>\n<li><a href=\"http:\/\/www.blox.pl\/html?page=userProfilePreview&amp;username=annazadroza\">annazadroza<\/a> <time title=\"2018\/03\/07 09:22:55\" datetime=\"07.03.2018\">11 miesi\u0119cy temu<\/time>Urszulo:-) Przy swoich dzieciach by\u0142o mn\u00f3stwo codziennych obowi\u0105zk\u00f3w, kt\u00f3re wyka\u0144cza\u0142y si\u0142y fizyczne i na rado\u015b\u0107 z bycia z dzieckiem ju\u017c ich czasem nie wystarcza\u0142o. Przy wnukach jest inaczej. Obowi\u0105zki spadaj\u0105 na rodzic\u00f3w, a nam, babciom, pozostaje sama przyjemno\u015b\u0107. Serdeczno\u015bci dla babci Uli:)<\/li>\n<li><a href=\"http:\/\/www.blox.pl\/html?page=userProfilePreview&amp;username=kobietawbarwachjesieni\">kobietawbarwachjesieni<\/a> <time title=\"2018\/03\/08 00:32:01\" datetime=\"08.03.2018\">11 miesi\u0119cy temu<\/time>A moje wnuki to ju\u017c doro\u015bli ludzie. Ju\u017c prawnuki rosn\u0105 i lubi\u0105 do nas przyje\u017cd\u017ca\u0107. Najm\u0142odsze prawnusie\u0144ki mieszkaj\u0105 blisko nas, ale na razie wol\u0105 by\u0107 jeszcze z rodzicami i z dziadkami. Do nas wpadaj\u0105 bawi\u0107 si\u0119 z kotem. Pozdrawiam.<\/li>\n<li><a href=\"http:\/\/www.blox.pl\/html?page=userProfilePreview&amp;username=annazadroza\">annazadroza<\/a> <time title=\"2018\/03\/08 07:22:00\" datetime=\"08.03.2018\">11 miesi\u0119cy temu<\/time>Maryniu:-) I do ko\u0144ca \u017cycia b\u0119d\u0105 pami\u0119ta\u0142y zabawy z kotem. Mam wci\u0105\u017c przed oczyma siebie z w\u00f3zeczkiem dla lalek, takim wiklinowym, kt\u00f3ry mia\u0142am u Babci i wozi\u0142am w nim kr\u00f3liki i kurczaki, bo wszystkie chodzi\u0142y za mn\u0105 &#8222;jak za pani\u0105 matk\u0105&#8221;, godzinami siedzia\u0142am ze zwierzakami, nie potrzebowa\u0142am innego towarzystwa.<\/li>\n<\/ul>\n<\/div>\n<\/div>\n<div class=\"fcbkbttn_buttons_block\" id=\"fcbkbttn_middle\"><div class=\"fcbkbttn_like \"><fb:like href=\"https:\/\/annapisze.art\/?p=823\" action=\"like\" colorscheme=\"light\" layout=\"box_count\"  size=\"small\"><\/fb:like><\/div><div class=\"fb-share-button  \" data-href=\"https:\/\/annapisze.art\/?p=823\" data-type=\"button_count\" data-size=\"small\"><\/div><\/div>","protected":false},"excerpt":{"rendered":"<p>Kasia nie mog\u0142a si\u0119 doczeka\u0107 kiedy zostanie babci\u0105. Perspektywa pojawienia si\u0119 w rodzinie male\u0144kiej istotki wprawi\u0142a j\u0105 w ogromn\u0105 rado\u015b\u0107, nie do por\u00f3wnania z \u017cadn\u0105 inn\u0105. Obudzi\u0142y si\u0119 w niej macierzy\u0144skie uczucia u\u015bpione wcale nie tak dawno. Chcia\u0142a mie\u0107 dziecko &hellip; <a href=\"https:\/\/annapisze.art\/?p=823\">Czytaj dalej <span class=\"meta-nav\">&rarr;<\/span><\/a><\/p>\n","protected":false},"author":1,"featured_media":0,"comment_status":"open","ping_status":"open","sticky":false,"template":"","format":"standard","meta":{"footnotes":""},"categories":[5,10],"tags":[],"class_list":["post-823","post","type-post","status-publish","format-standard","hentry","category-pasma-zycia","category-powiesci"],"_links":{"self":[{"href":"https:\/\/annapisze.art\/index.php?rest_route=\/wp\/v2\/posts\/823","targetHints":{"allow":["GET"]}}],"collection":[{"href":"https:\/\/annapisze.art\/index.php?rest_route=\/wp\/v2\/posts"}],"about":[{"href":"https:\/\/annapisze.art\/index.php?rest_route=\/wp\/v2\/types\/post"}],"author":[{"embeddable":true,"href":"https:\/\/annapisze.art\/index.php?rest_route=\/wp\/v2\/users\/1"}],"replies":[{"embeddable":true,"href":"https:\/\/annapisze.art\/index.php?rest_route=%2Fwp%2Fv2%2Fcomments&post=823"}],"version-history":[{"count":1,"href":"https:\/\/annapisze.art\/index.php?rest_route=\/wp\/v2\/posts\/823\/revisions"}],"predecessor-version":[{"id":824,"href":"https:\/\/annapisze.art\/index.php?rest_route=\/wp\/v2\/posts\/823\/revisions\/824"}],"wp:attachment":[{"href":"https:\/\/annapisze.art\/index.php?rest_route=%2Fwp%2Fv2%2Fmedia&parent=823"}],"wp:term":[{"taxonomy":"category","embeddable":true,"href":"https:\/\/annapisze.art\/index.php?rest_route=%2Fwp%2Fv2%2Fcategories&post=823"},{"taxonomy":"post_tag","embeddable":true,"href":"https:\/\/annapisze.art\/index.php?rest_route=%2Fwp%2Fv2%2Ftags&post=823"}],"curies":[{"name":"wp","href":"https:\/\/api.w.org\/{rel}","templated":true}]}}