{"id":7447,"date":"2025-10-28T10:35:30","date_gmt":"2025-10-28T09:35:30","guid":{"rendered":"https:\/\/annapisze.art\/?p=7447"},"modified":"2025-10-28T10:35:30","modified_gmt":"2025-10-28T09:35:30","slug":"%f0%9f%8d%81%f0%9f%8d%81o-lidii-wysockiej-%f0%9f%8d%81","status":"publish","type":"post","link":"https:\/\/annapisze.art\/?p=7447","title":{"rendered":"&#x1f341;&#x1f341;O Lidii Wysockiej &#x1f341;"},"content":{"rendered":"<p>Czasem przy dobrej pogodzie id\u0119 z Sziluni\u0105 przez lasek i nie skr\u0119camy w stron\u0119 Julianowskiej lecz w przeciwn\u0105, potem w prawo i uliczk\u0105 Poziomkow\u0105 dochodzimy do trasy prowadz\u0105cej w stron\u0119 Konstancina. Obecnie trwa remont, wi\u0119c wykopki, rozkopki, b\u0142oto, sterty ziemi i p\u0142ytek urozmaicaj\u0105 spacer. Sama jezdnia ju\u017c jest gotowa, auta je\u017cd\u017c\u0105, maj\u0105 by\u0107 chodniki i \u015bcie\u017cka rowerowa. Aby sprawdzi\u0107 post\u0119p rob\u00f3t najlepiej wybra\u0107 si\u0119 w sobot\u0119 lub niedziel\u0119, \u017ceby niespodziewanie nie natkn\u0105\u0107 si\u0119 na przeszkod\u0119 nie do pokonania w postaci wielkiego potwora-spychacza blokuj\u0105cego przej\u015bcie. Ja si\u0119 wszelkich takich potwor\u00f3w boj\u0119 i wol\u0119 si\u0119 nie nara\u017ca\u0107. \u00a0Odwracaj\u0105c si\u0119 w stron\u0119 przeciwn\u0105 do Konstancina mamy po prawej stronie posiad\u0142o\u015b\u0107 ogrodzon\u0105 i szczelnie os\u0142oni\u0119t\u0105 przed oczami ciekawskich przechodni\u00f3w. Szcz\u0119\u015bliwcom czasem uda si\u0119 trafi\u0107 na moment kiedy brama jest ods\u0142oni\u0119ta (otwarta rzadko) i mo\u017cna \u00a0\u201ezapu\u015bci\u0107 \u017curawia\u201d do \u015brodka. Ukazuje si\u0119 w\u00f3wczas owemu szcz\u0119\u015bliwcowi \u015bliczny pa\u0142acyk. Je\u015bli kto\u015b si\u0119 zainteresuje tajemniczym obiektem mo\u017ce si\u0119 dowiedzie\u0107 ciekawych rzeczy. Mi\u0119dzy innymi tego, \u017ce nale\u017ca\u0142 do pi\u0119knej polskiej aktorki Lidii Wysockiej.<\/p>\n<div id=\"attachment_7449\" style=\"width: 650px\" class=\"wp-caption aligncenter\"><img loading=\"lazy\" decoding=\"async\" aria-describedby=\"caption-attachment-7449\" class=\"wp-image-7449 size-large\" src=\"https:\/\/annapisze.art\/wp-content\/uploads\/2025\/10\/IMG20251025135311-1024x768.jpg\" alt=\"\" width=\"640\" height=\"480\" srcset=\"https:\/\/annapisze.art\/wp-content\/uploads\/2025\/10\/IMG20251025135311-1024x768.jpg?v=1761640089 1024w, https:\/\/annapisze.art\/wp-content\/uploads\/2025\/10\/IMG20251025135311-300x225.jpg?v=1761640089 300w, https:\/\/annapisze.art\/wp-content\/uploads\/2025\/10\/IMG20251025135311-768x576.jpg?v=1761640089 768w, https:\/\/annapisze.art\/wp-content\/uploads\/2025\/10\/IMG20251025135311.jpg?v=1761640089 1180w\" sizes=\"auto, (max-width: 640px) 100vw, 640px\" \/><p id=\"caption-attachment-7449\" class=\"wp-caption-text\">&#8230; wysokie, szczelne ogrodzenie posiad\u0142o\u015bci&#8230;<\/p><\/div>\n<div id=\"attachment_7450\" style=\"width: 669px\" class=\"wp-caption aligncenter\"><img loading=\"lazy\" decoding=\"async\" aria-describedby=\"caption-attachment-7450\" class=\"wp-image-7450 size-full\" src=\"https:\/\/annapisze.art\/wp-content\/uploads\/2025\/10\/IMG_20251025_190144.jpg\" alt=\"\" width=\"659\" height=\"885\" srcset=\"https:\/\/annapisze.art\/wp-content\/uploads\/2025\/10\/IMG_20251025_190144.jpg?v=1761640115 659w, https:\/\/annapisze.art\/wp-content\/uploads\/2025\/10\/IMG_20251025_190144-223x300.jpg?v=1761640115 223w\" sizes=\"auto, (max-width: 659px) 100vw, 659px\" \/><p id=\"caption-attachment-7450\" class=\"wp-caption-text\">&#8230; brama znajduje si\u0119 na wprost pa\u0142acyku &#8230; &#8230;<\/p><\/div>\n<p><em>O LIDII WYSOCKIEJ<\/em><\/p>\n<p><em>&#8222;Lidia Wysocka (1916\u20132006) by\u0142a jedn\u0105 z najwybitniejszych polskich artystek XX wieku \u2014 aktork\u0105 teatraln\u0105, filmow\u0105 i estradow\u0105, a tak\u017ce piosenkark\u0105 i tw\u00f3rczyni\u0105 kabaretow\u0105. Przez wiele lat mieszka\u0142a w Chyliczkach, gdzie prowadzi\u0142a \u017cycie prywatne z dala od blasku reflektor\u00f3w.<\/em><\/p>\n<p><em>W latach 1935\u20131939 wyst\u0105pi\u0142a w kilku filmach, w tym w \u201eGehenna\u201d, \u201ePapa si\u0119 \u017ceni\u201d, \u201eSerce matki\u201d, \u201eDoktor Murek\u201d, \u201eZ\u0142ota maska\u201d. W czasie okupacji hitlerowskiej by\u0142a zwi\u0105zana z kabaretem literackim \u201eNa Antresoli\u201d oraz prowadzi\u0142a Kawiarenk\u0119 Artyst\u00f3w Filmowych w Warszawie. Po wojnie wsp\u00f3\u0142pracowa\u0142a z warszawskimi teatrami, takimi jak Teatr Polski, Teatr Buffo, Teatr Syrena oraz Teatr Nowy.<\/em><\/p>\n<p><em>W 1948 roku wysz\u0142a za m\u0105\u017c za aktora i re\u017cysera Zbigniewa Sawana, z kt\u00f3rym mia\u0142a syna Piotra Nowakowskiego<\/em><\/p>\n<p><em>W 1956 roku za\u0142o\u017cy\u0142a i przez 10 lat prowadzi\u0142a kabaret Wagabunda, kt\u00f3ry sta\u0142 si\u0119 jednym z najwa\u017cniejszych o\u015brodk\u00f3w piosenki literackiej w Polsce. Na jego scenie wyst\u0119powali m.in. Wies\u0142aw Michnikowski, Jeremi Przybora, Maria Koterbska, Edward Dziewo\u0144ski, Jacek Fedorowicz i Bogumi\u0142 Kobiela.<\/em><\/p>\n<p><em>By\u0142a zwi\u0105zana z Polskim Radiem przez niemal ca\u0142e \u017cycie, prowadzi\u0142a programy oraz prezentowa\u0142a felietony i s\u0142uchowiska.<\/em><\/p>\n<p><em>Spoczywa na cmentarzu komunalnym w Piasecznie.<\/em><\/p>\n<p><em>Lidia Wysocka pozostaje symbolem wszechstronno\u015bci i elegancji w polskim teatrze i kabarecie.&#8221;<\/em><\/p>\n<p><em>Artyku\u0142 O LIDII WYSOCKIEJ pochodzi z serwisu Centrum Kultury w Piasecznie.<\/em><\/p>\n<p>O tym jak wygl\u0105da\u0142o \u017cycie w pa\u0142acyku przeczyta\u0142am w \u201eNekropolis 2\u201d Marka Nowakowskiego, pt. &#8222;Chyliczki&#8221;.\u00a0 \u00a0 <a href=\"http:\/\/niniwa22.cba.pl\/nekropolis_2.htm\">Nekropolis 2<\/a><\/p>\n<p>Stamt\u0105d si\u0119 dowiedzia\u0142am, \u017ce mieszka\u0144c\u00f3w pa\u0142acyku \u0142\u0105czy\u0142a za\u017cy\u0142a znajomo\u015b\u0107 z mieszka\u0144cami domu po\u0142o\u017conego po przeciwnej stronie ulicy, ze znan\u0105 rodzin\u0105 Bursche. Dom stoi do tej pory, mnie przywodzi na my\u015bl kadry ze starych, przedwojennych film\u00f3w. O historii rodu przeczyta\u0142am tu:\u00a0 <a href=\"https:\/\/kresy24.pl\/spuscizna-architekta-polsce-bialorusi\/\">Spu\u015bcizna architekta w Polsce i na Bia\u0142orusi \u2013 Kresy24.pl \u2013 Wschodnia Gazeta Codzienna<\/a><\/p>\n<p><img loading=\"lazy\" decoding=\"async\" class=\"aligncenter size-large wp-image-7451\" src=\"https:\/\/annapisze.art\/wp-content\/uploads\/2025\/10\/IMG20251025135153-1024x768.jpg\" alt=\"\" width=\"640\" height=\"480\" srcset=\"https:\/\/annapisze.art\/wp-content\/uploads\/2025\/10\/IMG20251025135153-1024x768.jpg?v=1761640599 1024w, https:\/\/annapisze.art\/wp-content\/uploads\/2025\/10\/IMG20251025135153-300x225.jpg?v=1761640599 300w, https:\/\/annapisze.art\/wp-content\/uploads\/2025\/10\/IMG20251025135153-768x576.jpg?v=1761640599 768w, https:\/\/annapisze.art\/wp-content\/uploads\/2025\/10\/IMG20251025135153.jpg?v=1761640599 1180w\" sizes=\"auto, (max-width: 640px) 100vw, 640px\" \/><\/p>\n<p><img loading=\"lazy\" decoding=\"async\" class=\"aligncenter size-large wp-image-7452\" src=\"https:\/\/annapisze.art\/wp-content\/uploads\/2025\/10\/IMG_20251025_185958-1024x768.jpg\" alt=\"\" width=\"640\" height=\"480\" srcset=\"https:\/\/annapisze.art\/wp-content\/uploads\/2025\/10\/IMG_20251025_185958-1024x768.jpg?v=1761640620 1024w, https:\/\/annapisze.art\/wp-content\/uploads\/2025\/10\/IMG_20251025_185958-300x225.jpg?v=1761640620 300w, https:\/\/annapisze.art\/wp-content\/uploads\/2025\/10\/IMG_20251025_185958-768x576.jpg?v=1761640620 768w, https:\/\/annapisze.art\/wp-content\/uploads\/2025\/10\/IMG_20251025_185958.jpg?v=1761640620 1180w\" sizes=\"auto, (max-width: 640px) 100vw, 640px\" \/><\/p>\n<p><img loading=\"lazy\" decoding=\"async\" class=\"aligncenter size-large wp-image-7453\" src=\"https:\/\/annapisze.art\/wp-content\/uploads\/2025\/10\/20200405_064342-1024x576.jpg\" alt=\"\" width=\"640\" height=\"360\" srcset=\"https:\/\/annapisze.art\/wp-content\/uploads\/2025\/10\/20200405_064342-1024x576.jpg?v=1761640642 1024w, https:\/\/annapisze.art\/wp-content\/uploads\/2025\/10\/20200405_064342-300x169.jpg?v=1761640642 300w, https:\/\/annapisze.art\/wp-content\/uploads\/2025\/10\/20200405_064342-768x432.jpg?v=1761640642 768w, https:\/\/annapisze.art\/wp-content\/uploads\/2025\/10\/20200405_064342.jpg?v=1761640642 1460w\" sizes=\"auto, (max-width: 640px) 100vw, 640px\" \/><\/p>\n<p>Lidia Wysocka pochowana jest wraz ze swoim synem na cmentarzu obok kt\u00f3rego cz\u0119sto z Sziluni\u0105 przechodz\u0119.<\/p>\n<div id=\"attachment_7454\" style=\"width: 650px\" class=\"wp-caption aligncenter\"><img loading=\"lazy\" decoding=\"async\" aria-describedby=\"caption-attachment-7454\" class=\"wp-image-7454 size-large\" src=\"https:\/\/annapisze.art\/wp-content\/uploads\/2025\/10\/IMG20251024063456-1-1024x768.jpg\" alt=\"\" width=\"640\" height=\"480\" srcset=\"https:\/\/annapisze.art\/wp-content\/uploads\/2025\/10\/IMG20251024063456-1-1024x768.jpg?v=1761640886 1024w, https:\/\/annapisze.art\/wp-content\/uploads\/2025\/10\/IMG20251024063456-1-300x225.jpg?v=1761640886 300w, https:\/\/annapisze.art\/wp-content\/uploads\/2025\/10\/IMG20251024063456-1-768x576.jpg?v=1761640886 768w, https:\/\/annapisze.art\/wp-content\/uploads\/2025\/10\/IMG20251024063456-1.jpg?v=1761640886 1180w\" sizes=\"auto, (max-width: 640px) 100vw, 640px\" \/><p id=\"caption-attachment-7454\" class=\"wp-caption-text\">&#8230; spacer przed wschodem s\u0142o\u0144ca,\u00a0 po lewej &#8211; ogrodzenie cmentarza &#8230;<\/p><\/div>\n<p>Chcia\u0142am p\u00f3j\u015b\u0107 zrobi\u0107 zdj\u0119cie miejsca wiecznego spoczynku pi\u0119knej Lidii, lecz wyj\u015b\u0107 nie mog\u0142am, babcia D. wsta\u0142a wcze\u015bniej, MS odsypia kolejn\u0105 nieprzespan\u0105 noc. Poratowa\u0142a mnie Natalka, prawowita opiekunka Franka &#x1f408;&#x200d;&#x2b1b; \ud83d\ude42 Wracaj\u0105c z przedszkola z m\u0142odszym synkiem zboczy\u0142a nieco z drogi i zdj\u0119cia zrobi\u0142a. Dzi\u0119ki niej mog\u0119 pokaza\u0107 stan z dzi\u015b, z samego rana.<\/p>\n<p><img loading=\"lazy\" decoding=\"async\" class=\"aligncenter size-full wp-image-7456\" src=\"https:\/\/annapisze.art\/wp-content\/uploads\/2025\/10\/IMG-20251028-WA0001.jpg\" alt=\"\" width=\"498\" height=\"885\" srcset=\"https:\/\/annapisze.art\/wp-content\/uploads\/2025\/10\/IMG-20251028-WA0001.jpg?v=1761641513 498w, https:\/\/annapisze.art\/wp-content\/uploads\/2025\/10\/IMG-20251028-WA0001-169x300.jpg?v=1761641513 169w\" sizes=\"auto, (max-width: 498px) 100vw, 498px\" \/><\/p>\n<p><img loading=\"lazy\" decoding=\"async\" class=\"aligncenter size-full wp-image-7457\" src=\"https:\/\/annapisze.art\/wp-content\/uploads\/2025\/10\/IMG-20251028-WA0003.jpg\" alt=\"\" width=\"498\" height=\"885\" srcset=\"https:\/\/annapisze.art\/wp-content\/uploads\/2025\/10\/IMG-20251028-WA0003.jpg?v=1761641536 498w, https:\/\/annapisze.art\/wp-content\/uploads\/2025\/10\/IMG-20251028-WA0003-169x300.jpg?v=1761641536 169w\" sizes=\"auto, (max-width: 498px) 100vw, 498px\" \/><\/p>\n<p>Temat akurat nawi\u0105zuj\u0105cy do zbli\u017caj\u0105cego si\u0119 \u015awi\u0119ta Zmar\u0142ych, okazja do wspomnienia tych, kt\u00f3rzy odeszli, a nie nale\u017c\u0105c do naszych najbli\u017cszych nie s\u0105 cz\u0119sto wspominani&#x1f56f;&#xfe0f;<\/p>\n<p style=\"text-align: center;\">&#x1f341;&#x1f341;&#x1f341;&#x1f341;&#x1f341;&#x1f341;&#x1f341;&#x1f341;&#x1f341;&#x1f341;&#x1f341;<\/p>\n<p style=\"text-align: center;\">Dzi\u0119kuj\u0119 za odwiedziny i pozostawione s\u0142owa. \u017bycz\u0119 bezpiecznej drogi i spokojnego powrotu do domu tym, kt\u00f3rzy wyje\u017cd\u017caj\u0105 odwiedzi\u0107 groby bliskich, a wszystkim zdrowia &#x1f341;&#x2764;&#xfe0f;&#x1f341;<\/p>\n<p>&nbsp;<\/p>\n<div class=\"fcbkbttn_buttons_block\" id=\"fcbkbttn_middle\"><div class=\"fcbkbttn_like \"><fb:like href=\"https:\/\/annapisze.art\/?p=7447\" action=\"like\" colorscheme=\"light\" layout=\"box_count\"  size=\"small\"><\/fb:like><\/div><div class=\"fb-share-button  \" data-href=\"https:\/\/annapisze.art\/?p=7447\" data-type=\"button_count\" data-size=\"small\"><\/div><\/div>","protected":false},"excerpt":{"rendered":"<p>Czasem przy dobrej pogodzie id\u0119 z Sziluni\u0105 przez lasek i nie skr\u0119camy w stron\u0119 Julianowskiej lecz w przeciwn\u0105, potem w prawo i uliczk\u0105 Poziomkow\u0105 dochodzimy do trasy prowadz\u0105cej w stron\u0119 Konstancina. Obecnie trwa remont, wi\u0119c wykopki, rozkopki, b\u0142oto, sterty ziemi &hellip; <a href=\"https:\/\/annapisze.art\/?p=7447\">Czytaj dalej <span class=\"meta-nav\">&rarr;<\/span><\/a><\/p>\n","protected":false},"author":1,"featured_media":0,"comment_status":"open","ping_status":"open","sticky":false,"template":"","format":"standard","meta":{"footnotes":""},"categories":[8,23],"tags":[],"class_list":["post-7447","post","type-post","status-publish","format-standard","hentry","category-mysle-sobie","category-piaseczno"],"_links":{"self":[{"href":"https:\/\/annapisze.art\/index.php?rest_route=\/wp\/v2\/posts\/7447","targetHints":{"allow":["GET"]}}],"collection":[{"href":"https:\/\/annapisze.art\/index.php?rest_route=\/wp\/v2\/posts"}],"about":[{"href":"https:\/\/annapisze.art\/index.php?rest_route=\/wp\/v2\/types\/post"}],"author":[{"embeddable":true,"href":"https:\/\/annapisze.art\/index.php?rest_route=\/wp\/v2\/users\/1"}],"replies":[{"embeddable":true,"href":"https:\/\/annapisze.art\/index.php?rest_route=%2Fwp%2Fv2%2Fcomments&post=7447"}],"version-history":[{"count":6,"href":"https:\/\/annapisze.art\/index.php?rest_route=\/wp\/v2\/posts\/7447\/revisions"}],"predecessor-version":[{"id":7461,"href":"https:\/\/annapisze.art\/index.php?rest_route=\/wp\/v2\/posts\/7447\/revisions\/7461"}],"wp:attachment":[{"href":"https:\/\/annapisze.art\/index.php?rest_route=%2Fwp%2Fv2%2Fmedia&parent=7447"}],"wp:term":[{"taxonomy":"category","embeddable":true,"href":"https:\/\/annapisze.art\/index.php?rest_route=%2Fwp%2Fv2%2Fcategories&post=7447"},{"taxonomy":"post_tag","embeddable":true,"href":"https:\/\/annapisze.art\/index.php?rest_route=%2Fwp%2Fv2%2Ftags&post=7447"}],"curies":[{"name":"wp","href":"https:\/\/api.w.org\/{rel}","templated":true}]}}