{"id":7380,"date":"2025-08-28T08:36:47","date_gmt":"2025-08-28T06:36:47","guid":{"rendered":"https:\/\/annapisze.art\/?p=7380"},"modified":"2025-08-28T08:36:47","modified_gmt":"2025-08-28T06:36:47","slug":"28-dzien-sierpnia-2025-%f0%9f%8d%82%f0%9f%8d%81","status":"publish","type":"post","link":"https:\/\/annapisze.art\/?p=7380","title":{"rendered":"28 dzie\u0144 sierpnia 2025 &#x1f342;&#x1f341;"},"content":{"rendered":"<p>Zimno si\u0119 zrobi\u0142o w miniony weekend. Zupe\u0142nie jakby jesie\u0144 przysz\u0142a ju\u017c teraz cho\u0107\u00a0 jej nie zaprasza\u0142am &#x2639; W lasku sucho, nie wiem czy li\u015bcie opad\u0142y my\u015bl\u0105c o jesieni czy po prostu drzewa usch\u0142y, niekt\u00f3re tak wygl\u0105daj\u0105. Nie uda\u0142o mi si\u0119 zrobi\u0107 nalewki orzechowej, bo kiedy w lipcu posz\u0142am w miejsce, w kt\u00f3rym ros\u0142y dwa orzechy okaza\u0142o si\u0119, \u017ce nie \u017cyj\u0105, sta\u0142y uschni\u0119te pnie &#x1f622; celuj\u0105c suchymi ga\u0142\u0119ziami w niebo\u2026 smutno mi si\u0119 zrobi\u0142o. \u00a0<em>Pani od Puszka<\/em> tak pi\u0119knie u siebie napisa\u0142a o magii tworzenia orzechowej nalewki &#x2764;&#xfe0f;\u2026 Przywo\u0142a\u0142a moje wspomnienia, patrz\u0119 na portret taty wisz\u0105cy na wprost, lasek przypomina swoim zapachem, szelestem li\u015bci opad\u0142ych na \u015bcie\u017ck\u0119 wsp\u00f3lne chwile w Ci\u0119ciwie, na le\u015bnej dzia\u0142ce i w domku \u2013 kt\u00f3rych ju\u017c nie ma w moim \u017cyciu\u2026 W pierwszej cz\u0119\u015bci ursynowskiej sagi \u201eWej\u015bcie w \u015bwiat\u0142o\u201d Ci\u0119ciwa odgrywa\u0142a wa\u017cn\u0105 rol\u0119, zreszt\u0105 jak i w moim \u017cyciu w\u00f3wczas, w naszym, bo i ch\u0142opak\u00f3w moich kochanych i siostry\u2026 \u00a0Zacz\u0119\u0142am wtedy pisa\u0107 dla odreagowania stres\u00f3w rozwodowych i tak si\u0119 zacz\u0119\u0142o. Wszystkie nast\u0119pne cz\u0119\u015bci sagi s\u0105 na blogu. Uwa\u017cam, \u017ce s\u0105 o wiele lepsze ni\u017c pierwsza \u201edyrdyma\u0142ka\u201d, lecz jest ona zapisem, jakby moim pami\u0119tnikiem z tamtych czas\u00f3w i\u00a0 zawiera mn\u00f3stwo wspomnie\u0144, sytuacji, powiedzonek dzieci moich i Kr\u00f3lowej Marysie\u0144ki, mojego cudownego taty i dlatego jest dla mnie wa\u017cna.<\/p>\n<p>Wprawdzie ch\u0142opcy zdecydowanie twierdzili, \u017ce powinnam si\u0119 skupi\u0107 na pisaniu i wydawaniu, lecz stwierdzi\u0142am, \u017ce stres\u00f3w w \u017cyciu mia\u0142am ju\u017c po kokard\u0119 (teraz mam innego typu) i nie chc\u0119 wi\u0119cej \u201eu\u017cera\u0107 si\u0119\u201d z najr\u00f3\u017cniejszymi instytucjami, t\u0142umaczy\u0107 obcym ludziom czemu u\u017cy\u0142am takiego okre\u015blenia zamiast innego, dr\u017ce\u0107 z nerw\u00f3w czekaj\u0105c czy taka wersja obcym pasuje czy zn\u00f3w chc\u0105 co\u015b zmieni\u0107\u2026 A przecie\u017c nikt obcy nie mieszka we mnie, w moim sercu, nie odczuwa moich emocji\u2026 Na blogu, w moim k\u0105ciku jestem u siebie, robi\u0119 co chc\u0119, bo mog\u0119 &#x1f60a;Pisanie\u00a0 &#8211; jak si\u0119 zastanowi\u0142am \u2013 zawsze by\u0142o dla mnie odskoczni\u0105 od problem\u00f3w, ratunkiem przed z\u0142em \u00a0rzeczywisto\u015bci. W czasach szkolnych pisa\u0142am wierszyki, pami\u0119tniki, nawet wypracowanie w \u00f3smej klasie by\u0142o nietypowe, poniewa\u017c dalsze losy bohater\u00f3w \u017beromskiego przenios\u0142am do krainy Ink\u00f3w &#x1f60a; Dosta\u0142am czw\u00f3rk\u0119, bo nie na temat, ale \u015bwietnie wymy\u015blone. Musia\u0142o mie\u0107 to dla mnie wielkie znaczenie, skoro pami\u0119tam do dzi\u015b &#x1f60a; Teraz te\u017c pisanie jest odtrutk\u0105\u2026 Odczuwam rado\u015b\u0107 w sercu, \u017ce si\u0119 zmobilizowa\u0142am i wr\u00f3ci\u0142am, uszykowa\u0142am wygodne miejsce do pisania, oswoi\u0142am nowego Lapka, no, nie ca\u0142kiem, bo figle mi wci\u0105\u017c p\u0142ata, lecz na tyle, \u017ce pisa\u0107 mog\u0119. W razie awarii wo\u0142am MS albo dzwoni\u0119 do Du\u017cego. Ma on problem z t\u0105 matk\u0105, oj ma &#x1f609; ale jako\u015b wytrzymuje &#x1f60a; Jutro mi przywiezie Calineczk\u0119 na weekend &#x2764;&#xfe0f;<\/p>\n<p><a href=\"https:\/\/lubimyczytac.pl\/ksiazka\/4887397\/wejscie-w-swiatlo\">Wej\u015bcie w \u015bwiat\u0142o &#8211; Anna Zadro\u017cna | Ksi\u0105\u017cka w Lubimyczytac.pl &#8211; Opinie, oceny, ceny<\/a><\/p>\n<p>Teraz jest czwartek, cieplej ju\u017c ni\u017c dwa dni temu cho\u0107 poranki i wieczory ju\u017c ch\u0142odne, pachnie jesieni\u0105 lecz jest pi\u0119knie. Pomys\u0142 z puszczeniem wilca po pniach uschni\u0119tych iglak\u00f3w zda\u0142 egzamin. My\u015blimy z MS i szukamy co by tu posadzi\u0107, jak\u0105 ro\u015blin\u0119, \u017ceby i zim\u0105 pe\u0142ni\u0142a swoj\u0105 os\u0142onn\u0105 funkcj\u0119. Babcia D. jeszcze nie przysz\u0142a, oby spa\u0142a jak najd\u0142u\u017cej, wczoraj przed si\u00f3dm\u0105 ju\u017c by\u0142a na nogach. Bywa, \u017ce schodzi chwil\u0119 po mnie, albo tu\u017c po naszym\u00a0 z Sziluni\u0105 powrocie ze spaceru. Wol\u0119 jak przychodzi w pi\u0119ciu bluzkach ni\u017c tylko w pampersie, bo i tak bywa\u2026 Czasem spokojnie daje si\u0119 przebra\u0107 w ludzkie ubranie, czasem krzyczy i si\u0119 w\u015bcieka, wymy\u015bla\u2026 Do ogr\u00f3dka nie chce ju\u017c wychodzi\u0107, cho\u0107 przecie\u017c wygodniej i przyjemniej by\u0142oby jej na le\u017caku w\u015br\u00f3d zieleni, na s\u0142oneczku. Siedzi ca\u0142ymi godzinami w jednym k\u0105cie, udaje, \u017ce czyta przerzucaj\u0105c kartki wszystkiego, co jej wpadnie w r\u0119k\u0119: gazetki reklamowe, specjalistyczne ksi\u0105\u017cki MS, z kt\u00f3rych ani s\u0142owa nie rozumie, zagina kartki, podkre\u015bla je\u015bli nie zauwa\u017c\u0119 w por\u0119.<\/p>\n<p>W\u0142a\u015bnie pojawi\u0142 si\u0119 Franek. Koty s\u0105 po to, \u017ceby cz\u0142owieka ratowa\u0107 przed z\u0142ymi my\u015blami, a kocie \u00a0mruczenie to lekarstwo na wszelkie bol\u0105czki &#x1f408;&#x200d;&#x2b1b;&#x2764;&#xfe0f;<\/p>\n<div id=\"attachment_7382\" style=\"width: 460px\" class=\"wp-caption aligncenter\"><img loading=\"lazy\" decoding=\"async\" aria-describedby=\"caption-attachment-7382\" class=\"wp-image-7382\" src=\"https:\/\/annapisze.art\/wp-content\/uploads\/2025\/08\/IMG20250728055437-1024x768.jpg\" alt=\"\" width=\"450\" height=\"338\" srcset=\"https:\/\/annapisze.art\/wp-content\/uploads\/2025\/08\/IMG20250728055437-1024x768.jpg?v=1756362085 1024w, https:\/\/annapisze.art\/wp-content\/uploads\/2025\/08\/IMG20250728055437-300x225.jpg?v=1756362085 300w, https:\/\/annapisze.art\/wp-content\/uploads\/2025\/08\/IMG20250728055437-768x576.jpg?v=1756362085 768w, https:\/\/annapisze.art\/wp-content\/uploads\/2025\/08\/IMG20250728055437.jpg?v=1756362085 1180w\" sizes=\"auto, (max-width: 450px) 100vw, 450px\" \/><p id=\"caption-attachment-7382\" class=\"wp-caption-text\">&#8230; zajrz\u0119 do Baby, mo\u017ce ju\u017c co\u015b przygotowa\u0142a dla mnie, miauuu &#8230;<\/p><\/div>\n<p>To by\u0142o wczoraj, 27 sierpnia. Nagra\u0142am jesie\u0144 w kilku miejscach na porannym spacerze.\u00a0\u00a0Puszcz\u0119 w kolejnych notkach, \u017ceby Was nie znudzi\u0107.<\/p>\n<p><iframe loading=\"lazy\" title=\"Jesie\u0144 idzie przez lasek\ud83c\udf42\" width=\"640\" height=\"360\" src=\"https:\/\/www.youtube.com\/embed\/Gk2xDBZLM-g?feature=oembed\" frameborder=\"0\" allow=\"accelerometer; autoplay; clipboard-write; encrypted-media; gyroscope; picture-in-picture; web-share\" referrerpolicy=\"strict-origin-when-cross-origin\" allowfullscreen><\/iframe><\/p>\n<p>Musz\u0119 ko\u0144czy\u0107, babcia D. przysz\u0142a, tym razem widz\u0119 dwie bluzki i jedn\u0105 kamizelk\u0119. Spodnie s\u0105 na swoim miejscu. W Szczawnicy kupi\u0142am kilka r\u00f3\u017cnych na gumce, \u017ceby da\u0142a rady zak\u0142ada\u0107,\u00a0 z suwakiem to ju\u017c za du\u017cy wysi\u0142ek.<\/p>\n<p>Dzi\u0119kuj\u0119 za odwiedziny i pozostawione s\u0142owa. \u017bycz\u0119 wspania\u0142ego weekendu, m\u00f3j na pewno taki b\u0119dzie jak zawsze z Calineczk\u0105 \ud83d\ude42<\/p>\n<p style=\"text-align: center;\">&#x1f340;&#x1f341;&#x1f342;&#x2764;&#xfe0f;&#x1f340;&#x1f341;&#x1f342;&#x2764;&#xfe0f;&#x1f340;<\/p>\n<div class=\"fcbkbttn_buttons_block\" id=\"fcbkbttn_middle\"><div class=\"fcbkbttn_like \"><fb:like href=\"https:\/\/annapisze.art\/?p=7380\" action=\"like\" colorscheme=\"light\" layout=\"box_count\"  size=\"small\"><\/fb:like><\/div><div class=\"fb-share-button  \" data-href=\"https:\/\/annapisze.art\/?p=7380\" data-type=\"button_count\" data-size=\"small\"><\/div><\/div>","protected":false},"excerpt":{"rendered":"<p>Zimno si\u0119 zrobi\u0142o w miniony weekend. Zupe\u0142nie jakby jesie\u0144 przysz\u0142a ju\u017c teraz cho\u0107\u00a0 jej nie zaprasza\u0142am &#x2639; W lasku sucho, nie wiem czy li\u015bcie opad\u0142y my\u015bl\u0105c o jesieni czy po prostu drzewa usch\u0142y, niekt\u00f3re tak wygl\u0105daj\u0105. Nie uda\u0142o mi si\u0119 &hellip; <a href=\"https:\/\/annapisze.art\/?p=7380\">Czytaj dalej <span class=\"meta-nav\">&rarr;<\/span><\/a><\/p>\n","protected":false},"author":1,"featured_media":0,"comment_status":"open","ping_status":"open","sticky":false,"template":"","format":"standard","meta":{"footnotes":""},"categories":[8],"tags":[],"class_list":["post-7380","post","type-post","status-publish","format-standard","hentry","category-mysle-sobie"],"_links":{"self":[{"href":"https:\/\/annapisze.art\/index.php?rest_route=\/wp\/v2\/posts\/7380","targetHints":{"allow":["GET"]}}],"collection":[{"href":"https:\/\/annapisze.art\/index.php?rest_route=\/wp\/v2\/posts"}],"about":[{"href":"https:\/\/annapisze.art\/index.php?rest_route=\/wp\/v2\/types\/post"}],"author":[{"embeddable":true,"href":"https:\/\/annapisze.art\/index.php?rest_route=\/wp\/v2\/users\/1"}],"replies":[{"embeddable":true,"href":"https:\/\/annapisze.art\/index.php?rest_route=%2Fwp%2Fv2%2Fcomments&post=7380"}],"version-history":[{"count":3,"href":"https:\/\/annapisze.art\/index.php?rest_route=\/wp\/v2\/posts\/7380\/revisions"}],"predecessor-version":[{"id":7384,"href":"https:\/\/annapisze.art\/index.php?rest_route=\/wp\/v2\/posts\/7380\/revisions\/7384"}],"wp:attachment":[{"href":"https:\/\/annapisze.art\/index.php?rest_route=%2Fwp%2Fv2%2Fmedia&parent=7380"}],"wp:term":[{"taxonomy":"category","embeddable":true,"href":"https:\/\/annapisze.art\/index.php?rest_route=%2Fwp%2Fv2%2Fcategories&post=7380"},{"taxonomy":"post_tag","embeddable":true,"href":"https:\/\/annapisze.art\/index.php?rest_route=%2Fwp%2Fv2%2Ftags&post=7380"}],"curies":[{"name":"wp","href":"https:\/\/api.w.org\/{rel}","templated":true}]}}