{"id":7328,"date":"2025-07-13T18:03:44","date_gmt":"2025-07-13T16:03:44","guid":{"rendered":"https:\/\/annapisze.art\/?p=7328"},"modified":"2025-07-13T18:03:44","modified_gmt":"2025-07-13T16:03:44","slug":"lalka-i-takie-tam","status":"publish","type":"post","link":"https:\/\/annapisze.art\/?p=7328","title":{"rendered":"&#8222;Lalka&#8221; i takie tam&#8230;"},"content":{"rendered":"<p>Szykuje si\u0119 nowa filmowa wersja &#8222;Lalki&#8221;. Jestem ciekawa bardzo ko\u0144cowego rezultatu, zapowiada si\u0119 ciekawie ze wzgl\u0119du na obsad\u0119. Nawet epizodyczne role maj\u0105 gra\u0107 znani aktorzy przyci\u0105gni\u0119ci m.in. sentymentem do powie\u015bci pana Prusa. W poprzednich wersjach Wokulskiego grali Mariusz Dmochowski i Jerzy Kamas. Doceniaj\u0105c obu pan\u00f3w gr\u0119 aktorsk\u0105 zdecydowanie m\u00f3wi\u0119, \u017ce rozumiem Izabel\u0119 \u0141\u0119ck\u0105, poniewa\u017c za \u017cadnego z nich za m\u0105\u017c i\u015b\u0107 bym nie chcia\u0142a &#x1f603; Natomiast za trzeciego kandydata do roli&#8230; No c\u00f3\u017c, b\u0119dzie na kogo popatrze\u0107 &#x1f603; Ciekawa jestem czy kt\u00f3ra\u015b z Was gustowa\u0142a w poprzednich Wokulskich&#x1f603; Magda Italiana nasza kochana stwierdzi\u0142a, \u017ce Dmochowski wchodzi\u0142by w rachub\u0119 &#x1f603;<\/p>\n<p style=\"text-align: center;\">&#x1f340;&#x1f340;&#x1f340;<\/p>\n<p>Sytuacja w kraju i na \u015bwiecie coraz gor\u0119tsza, strach i obawa zagl\u0105daj\u0105 z ka\u017cdej strony&#8230; Pr\u00f3buj\u0119 si\u0119 zdystansowa\u0107 do wydarze\u0144 naszych rodzimych, jeszcze nie potrafi\u0119 my\u015ble\u0107 spokojnie i pewnie nigdy nie zoboj\u0119tniej\u0119. Zacz\u0119\u0142am od ograniczania s\u0142uchania politycznych kana\u0142\u00f3w. Wiem oczywi\u015bcie co si\u0119 dzieje, jestem na bie\u017c\u0105co lecz nie bior\u0119 udzia\u0142u w czatach, przestaj\u0119 komentowa\u0107, czego czasem nie da\u0142o si\u0119 unikn\u0105\u0107, przecie\u017c cz\u0142owiek ma granice wytrzyma\u0142o\u015bci na znoszenie k\u0142amstw, oszustw, obra\u017cania, rzucania kalumni itd. Koniec z tym, nie b\u0119d\u0119 wi\u0119cej zasila\u0107 tego co pod\u0142e swoj\u0105 uwag\u0105. W odpowiednim czasie wykonam co do mnie jako Polki z dziada pradziada nale\u017cy i tyle.<\/p>\n<p>Babcia D. wesz\u0142a w kolejny etap choroby. Straszne jest to, \u017ce w \u017caden spos\u00f3b nie mo\u017cna cz\u0142owiekowi pom\u00f3c. Trzeba patrze\u0107 na ca\u0142kowit\u0105 degradacj\u0119 zewn\u0119trzn\u0105 i wewn\u0119trzn\u0105 cz\u0142owieka i nic nie da si\u0119 zrobi\u0107. Trzeba zdejmowa\u0107 z niej ubrania, bo &#8211; jeszcze na szcz\u0119\u015bcie ubiera si\u0119 sama &#8211; lecz potrafi za\u0142o\u017cy\u0107 kilka par spodni jedne na drugie (rekord wynosi\u0142 pi\u0119\u0107 par!), bluzek, swetr\u00f3w, kamizelek ostatnio by\u0142o sze\u015b\u0107 i na to koszula nocna&#8230; Ju\u017c mecze siatk\u00f3wki i filmy o zwierz\u0119tach (dzi\u0119ki kt\u00f3rym jeszcze niedawno udawa\u0142o si\u0119 j\u0105 zatrzyma\u0107 na chwil\u0119 w jednym miejscu jak dziecko przy bajce) ju\u017c nie dzia\u0142aj\u0105. Teraz w k\u00f3\u0142ko przegl\u0105da gazet\u0119, wydziera obrazki i chowa po kieszeniach. Przynosz\u0119 gazetki reklamowe z Biedronki i t\u0119 potrzeb\u0119 zaspokajaj\u0105. Gorzej, \u017ce \u0142apie si\u0119 za ksi\u0105\u017cki, kre\u015bli, zagina rogi&#8230; MS notatnik zabra\u0142a i zacz\u0119\u0142a kartki wyrywa\u0107, dobrze, \u017ce us\u0142ysza\u0142. Kwiatki po kieszeniach chowa urwane, nie rozr\u00f3\u017cnia czy sztuczne czy prawdziwe, powtyka\u0142am w r\u00f3\u017cne miejsca sztuczne, bo tych nie \u017cal&#8230;<\/p>\n<p style=\"text-align: center;\">&#x1f340;&#x1f340;&#x1f340;<\/p>\n<p>Zacz\u0119\u0142am pisa\u0107 dziesi\u0119\u0107 dni temu&#8230; Ju\u017c w lipiec wskoczy\u0142am nie wiadomo kiedy, wakacje si\u0119 zacz\u0119\u0142y, mamy u siebie Calineczk\u0119, kt\u00f3ra uko\u0144czy\u0142a pierwsz\u0105 klas\u0119. Na pytanie o \u015bwiadectwo stwierdzi\u0142a, \u017ce dosta\u0142a, ale co tam napisali to nie wie i wcale jej to nie obchodzi&#x1f600;&#x1f603;&#x1f603;<\/p>\n<p>Dzi\u015b ju\u017c si\u00f3dmy dzie\u0144 lipca, Calineczk\u0119 tata zabra\u0142, dziadkowie\u00a0 odpoczywaj\u0105 i t\u0119skni\u0105 za wnuczk\u0105 &#x2665;&#xfe0f; Stwierdzam, \u017ce 12 lat to szmat czasu. Kiedy Wera by\u0142a w wieku Calineczki to jeszcze g\u00f3ry mog\u0142am przenosi\u0107, bo teraz peselioza daje si\u0119 we znaki. Najgorsza jest spraw\u0105 z kondycj\u0105 i og\u00f3lnym spadkiem rado\u015bci \u017cycia, zm\u0119czeniem nie tyle fizycznym co &#8230; takim og\u00f3lnym&#8230; w znaczeniu &#8222;nie chce mi si\u0119&#8221;&#8230; &#8222;to bez sensu&#8221;&#8230; To prawda co pisz\u0105 m\u0105drzy ludzie, \u017ce przy Alzheimerze choruje ca\u0142y dom&#8230;&#x1f641;<\/p>\n<p style=\"text-align: center;\">&#x1f340;&#x1f340;&#x1f340;<\/p>\n<p>Wtorek, 8 dzie\u0144 lipca, lekka m\u017cawka od czasu do czasu, jest bardzo przyjemnie na zewn\u0105trz . Ma\u0142ymi grabkami skroba\u0142am trawnik, a raczej to co trawnikiem powinno by\u0107. Posypa\u0142am wcze\u015bniej\u00a0 ca\u0142o\u015b\u0107 preparatem na mech, kt\u00f3ry zdusi\u0142 trawk\u0119 i dzi\u015b zacz\u0119\u0142am go usuwa\u0107. Na razie wyskroba\u0142am trzy wiadra. Jutro sko\u0144cz\u0119, bo na dzi\u015b mam do\u015b\u0107 i posiejemy \u015bwie\u017c\u0105 traw\u0119, kupi\u0142am tak\u0105 regeneracyjn\u0105 na dosiewki. Sprawdzimy co z tego wyjdzie.<\/p>\n<p style=\"text-align: center;\">&#x1f340;&#x1f340;&#x1f340;<\/p>\n<p>A dzi\u015b jest niedziela, 13 dzie\u0144 lipca. Zmok\u0142y\u015bmy z Szilk\u0105 dokumentnie, do ostatniej nitki (ja) i do ostatniego w\u0142oska (Szila). Lun\u0119\u0142o jak z cebra kiedy ju\u017c wysz\u0142y\u015bmy z domu, przezornie zabra\u0142am parasolk\u0119 i przyda\u0142a si\u0119, bo dobieg\u0142y\u015bmy do lasku i tam pod drzewkiem kuca\u0142am zas\u0142aniaj\u0105c nas obie. Kiedy ulewa nieco\u00a0 zel\u017ca\u0142a, w miejscu suchym przed chwil\u0105 utworzy\u0142y si\u0119 g\u0142\u0119bokie bajora, przez furtk\u0119\u00a0 w d\u00f3\u0142 woda sp\u0142ywa\u0142a wodospadem, za\u015b uliczk\u0105 p\u0142yn\u0119\u0142a rzeka. By\u0142o tak g\u0142\u0119boko, \u017ce nala\u0142o mi si\u0119 od g\u00f3ry do moich \u015blicznych szczawnickich niebieskich kaloszk\u00f3w. Musia\u0142am si\u0119 przebiera\u0107 &#8222;od st\u00f3p do g\u0142\u00f3w&#8221;, a w tym czasie MS wyciera\u0142 Sziluni\u0119. Za jaki\u015b czas wyjrza\u0142o s\u0142oneczko &#x1f31e;&#x1f603;<\/p>\n<p>W zesz\u0142ym roku 1 lipca pojechali\u015bmy do Szczawnicy, teraz siedzimy w domu&#8230; Nie ma tego z\u0142ego co na dobre by nie wysz\u0142o, bo si\u0119 zaj\u0119\u0142am ogr\u00f3dkiem i tym, co i tak trzeba zrobi\u0107.\u00a0 Zakwit\u0142a yuka, jest tak ogromna, \u017ce jeszcze takiej nie widzia\u0142am &#x1f44d; MS przywi\u00f3z\u0142 cztery worki ziemi, rozsypiemy i dosiejemy traw\u0119. Potem niech si\u0119 dzieje co chce, czekamy co los przyniesie&#8230;<\/p>\n<div id=\"attachment_7343\" style=\"width: 486px\" class=\"wp-caption aligncenter\"><img loading=\"lazy\" decoding=\"async\" aria-describedby=\"caption-attachment-7343\" class=\"wp-image-7343 size-full\" src=\"https:\/\/annapisze.art\/wp-content\/uploads\/2025\/07\/image-14.jpg\" alt=\"\" width=\"476\" height=\"635\" srcset=\"https:\/\/annapisze.art\/wp-content\/uploads\/2025\/07\/image-14.jpg?v=1752421487 476w, https:\/\/annapisze.art\/wp-content\/uploads\/2025\/07\/image-14-225x300.jpg?v=1752421487 225w\" sizes=\"auto, (max-width: 476px) 100vw, 476px\" \/><p id=\"caption-attachment-7343\" class=\"wp-caption-text\">&#8230; Baba przy &#8222;ro\u015blince&#8221; jak karze\u0142ek &#x1f603;&#8230;<\/p><\/div>\n<p style=\"text-align: center;\">Nowy tydzie\u0144 co przyniesie? Tego nikt nie wie. Oby spok\u00f3j, zdrowie i ka\u017cdemu to, czego sam sobie \u017cyczy &#x1f497;&#x1f339;&#x1f497; Dzi\u0119kuj\u0119, \u017ce zagl\u0105dacie cho\u0107 wci\u0105\u017c jeszcze nie idzie mi pisanie, wena uciek\u0142a, a real dokucza. Nic to Ba\u015bka, nic to&#8230; Serdeczno\u015bci moc &#x1f339;&#x1f340;&#x1f339;<\/p>\n<p style=\"text-align: center;\">\n<p style=\"text-align: center;\">\n<p><!--more--><\/p>\n<div class=\"fcbkbttn_buttons_block\" id=\"fcbkbttn_middle\"><div class=\"fcbkbttn_like \"><fb:like href=\"https:\/\/annapisze.art\/?p=7328\" action=\"like\" colorscheme=\"light\" layout=\"box_count\"  size=\"small\"><\/fb:like><\/div><div class=\"fb-share-button  \" data-href=\"https:\/\/annapisze.art\/?p=7328\" data-type=\"button_count\" data-size=\"small\"><\/div><\/div>","protected":false},"excerpt":{"rendered":"<p>Szykuje si\u0119 nowa filmowa wersja &#8222;Lalki&#8221;. Jestem ciekawa bardzo ko\u0144cowego rezultatu, zapowiada si\u0119 ciekawie ze wzgl\u0119du na obsad\u0119. Nawet epizodyczne role maj\u0105 gra\u0107 znani aktorzy przyci\u0105gni\u0119ci m.in. sentymentem do powie\u015bci pana Prusa. W poprzednich wersjach Wokulskiego grali Mariusz Dmochowski i &hellip; <a href=\"https:\/\/annapisze.art\/?p=7328\">Czytaj dalej <span class=\"meta-nav\">&rarr;<\/span><\/a><\/p>\n","protected":false},"author":1,"featured_media":0,"comment_status":"open","ping_status":"open","sticky":false,"template":"","format":"standard","meta":{"footnotes":""},"categories":[8],"tags":[],"class_list":["post-7328","post","type-post","status-publish","format-standard","hentry","category-mysle-sobie"],"_links":{"self":[{"href":"https:\/\/annapisze.art\/index.php?rest_route=\/wp\/v2\/posts\/7328","targetHints":{"allow":["GET"]}}],"collection":[{"href":"https:\/\/annapisze.art\/index.php?rest_route=\/wp\/v2\/posts"}],"about":[{"href":"https:\/\/annapisze.art\/index.php?rest_route=\/wp\/v2\/types\/post"}],"author":[{"embeddable":true,"href":"https:\/\/annapisze.art\/index.php?rest_route=\/wp\/v2\/users\/1"}],"replies":[{"embeddable":true,"href":"https:\/\/annapisze.art\/index.php?rest_route=%2Fwp%2Fv2%2Fcomments&post=7328"}],"version-history":[{"count":12,"href":"https:\/\/annapisze.art\/index.php?rest_route=\/wp\/v2\/posts\/7328\/revisions"}],"predecessor-version":[{"id":7345,"href":"https:\/\/annapisze.art\/index.php?rest_route=\/wp\/v2\/posts\/7328\/revisions\/7345"}],"wp:attachment":[{"href":"https:\/\/annapisze.art\/index.php?rest_route=%2Fwp%2Fv2%2Fmedia&parent=7328"}],"wp:term":[{"taxonomy":"category","embeddable":true,"href":"https:\/\/annapisze.art\/index.php?rest_route=%2Fwp%2Fv2%2Fcategories&post=7328"},{"taxonomy":"post_tag","embeddable":true,"href":"https:\/\/annapisze.art\/index.php?rest_route=%2Fwp%2Fv2%2Ftags&post=7328"}],"curies":[{"name":"wp","href":"https:\/\/api.w.org\/{rel}","templated":true}]}}