{"id":6902,"date":"2024-06-16T09:19:16","date_gmt":"2024-06-16T07:19:16","guid":{"rendered":"https:\/\/annapisze.art\/?p=6902"},"modified":"2024-06-16T09:19:16","modified_gmt":"2024-06-16T07:19:16","slug":"babie-lato-i-kropla-deszczu-24","status":"publish","type":"post","link":"https:\/\/annapisze.art\/?p=6902","title":{"rendered":"&#8222;Babie lato i kropla deszczu&#8221; &#8211; 24"},"content":{"rendered":"<p>Stycze\u0144 okaza\u0142 si\u0119 ciep\u0142y, mrozu w\u0142a\u015bciwie nie by\u0142o tak du\u017cego, \u017ceby trzeba by\u0142o dodatkowo dogrzewa\u0107 mieszkania.. Dzi\u0119ki temu Inga, Kasia i Sabina cieszy\u0142y si\u0119, \u017ce oszcz\u0119dz\u0105 drewno i zostanie zapas na przysz\u0142y sezon. Feliks odkr\u0119ci\u0142 grzejnik w przedpokoju i opar\u0142 w sypialni o ten zepsuty. Dzia\u0142a\u0142, dzi\u0119ki czemu by\u0142o ciep\u0142o. Wielkich mroz\u00f3w nie zapowiada\u0142 \u017caden prezenter pogody na \u017cadnym kanale telewizyjnym.<\/p>\n<p>U Sabiny zadzwoni\u0142 domofon. Wyjrza\u0142a przez kuchenne okno, zobaczy\u0142a Kasi\u0119 stoj\u0105c\u0105 przy furtce. Nacisn\u0119\u0142a guzik, furtka zapiszcza\u0142a, s\u0105siadka otworzy\u0142a i wesz\u0142a do ogr\u00f3dka. W domu rozszczeka\u0142a si\u0119 Zadra.<\/p>\n<p>&#8211; Jak mi\u0142o, \u017ce si\u0119 cieszysz na widok ciotki \u2013 \u00a0przyby\u0142a wita\u0142a si\u0119 z suni\u0105 na progu.<\/p>\n<p>&#8211; Wchod\u017a szybciej, bo zimno leci do \u015brodka \u2013 przynagli\u0142a Sabina. \u2013 Zadra, nie m\u0119cz ciotki. Napijesz si\u0119 kawy?<\/p>\n<p>&#8211; Ja czy ona \u2013 z u\u015bmiechem Kasia wskaza\u0142a na Zadr\u0119 zadowolon\u0105 z ciotczynych g\u0142askanek.<\/p>\n<p>&#8211; Chyba ty, ona i tak jest bez przerwy pobudzona, nie wiem co by by\u0142o po kawie \u2013 powiedzia\u0142a Sabina. \u2013 Moim zdaniem ona ma ADHD, ale niech sobie ma, i tak j\u0105 kocham. Co ci\u0119 sprowadza przyjaci\u00f3\u0142ko droga, sympatia czy interes \u2013 przymru\u017cy\u0142a oko.<\/p>\n<p>&#8211; Mo\u017cna powiedzie\u0107, \u017ce\u00a0 dwa w jednym. Jagienko, m\u00f3wi\u0142a\u015b, \u017ce chcesz pojecha\u0107 w g\u00f3ry &#8211; zwr\u00f3ci\u0142a si\u0119 do c\u00f3rki s\u0105siad\u00f3w schodz\u0105cej po schodkach do salonu.<\/p>\n<p>&#8211; Jeszcze nie wiem gdzie bym chcia\u0142a. Na pewno tam, gdzie nie ma t\u0142umu ludzi, a teraz pewnie wszystkie miejsca s\u0105 zaj\u0119te.<\/p>\n<p>&#8211; Powiem ci \u2013 poradzi\u0142a Kasia, &#8211; jed\u017a do Szczawnicy. My teraz nie mo\u017cemy. Ty mog\u0142aby\u015b pojecha\u0107, przy okazji wy\u0142\u0105czysz ogrzewanie jak b\u0119dziesz wyje\u017cd\u017ca\u0107, \u017ceby niepotrzebnie nie nabija\u0107 licznika.<\/p>\n<p>&#8211; Nieee, przecie\u017c to k\u0142opot\u2026<\/p>\n<p>&#8211; Dziewczyno, jaki k\u0142opot? To by\u0142aby przys\u0142uga z twojej strony.<\/p>\n<p>&#8211; W\u0142a\u015bciwie, c\u00f3reczko, przecie\u017c mia\u0142a\u015b ochot\u0119 wyjecha\u0107\u2026<\/p>\n<p>&#8211; Noo, b\u0119dziesz mia\u0142a tak\u0105 okazj\u0119 \u2013 patrzy\u0142a jej w oczy Kasia. \u2013 Sku\u015b si\u0119, nie po\u017ca\u0142ujesz.<\/p>\n<p>&#8211; W\u0142a\u015bciwie\u2026 chyba mnie przekona\u0142y\u015bcie \u2013 u\u015bmiechn\u0119\u0142a si\u0119 Jagna. \u2013 Ale tak sama mam pojecha\u0107 w obce miejsce? Co innego w hotelu\u2026<\/p>\n<p>&#8211; Wiesz co? A mo\u017ce zaproponuj Bognie. Razem z dziewczynkami mog\u0142yby\u015bcie pojecha\u0107, ferie zaraz b\u0119d\u0105, zmienicie klimat, dzieciaki powietrza troch\u0119 z\u0142api\u0105.<\/p>\n<p>&#8211; Pomy\u015bl\u0119, pogadam z ni\u0105. Mo\u017ce to i dobry pomys\u0142 jest.<\/p>\n<p>Posz\u0142a do swojego pokoju, w\u0142\u0105czy\u0142a laptopa jednocze\u015bnie dzwoni\u0105c do Bogny.<\/p>\n<p>&#8211; Bogna, cze\u015b\u0107 kochana, s\u0142uchaj uwa\u017cnie. Moja mama z pani\u0105 Kasi\u0105 wpad\u0142y na pomys\u0142, \u017ceby\u015bmy na ferie pojecha\u0142y do Szczawnicy, ty z dziewczynkami i ja.<\/p>\n<p>&#8211; Do Szczawnicy? Czemu? \u2013 zdziwi\u0142a si\u0119 Bogna.<\/p>\n<p>&#8211; Do jej mieszkanka. Przecie\u017c ma w Szczawnicy, dlatego. Potem mamy wy\u0142\u0105czy\u0107 ogrzewanie jak b\u0119dziemy wyje\u017cd\u017ca\u0107.<\/p>\n<p>&#8211; Zaraz, musz\u0119 pomy\u015ble\u0107, zaskoczy\u0142a\u015b mnie \u2013 zastanowi\u0142a si\u0119 Bogna. \u2013 Oddzwoni\u0119 za chwil\u0119, Dobrze?<\/p>\n<p>Pomy\u015bla\u0142a i zadzwoni\u0142a do matki.<\/p>\n<p>&#8211; C\u00f3re\u0144ko, nie zastanawiaj si\u0119 ani chwili \u2013 odpowiedzia\u0142a Inga na pytanie c\u00f3rki. \u2013 Nie martw si\u0119 o nas, przecie\u017c nic z\u0142ego si\u0119 nie dzieje. Tata jest w zupe\u0142nie dobrej formie, z babci\u0105 jest jak jest, inaczej nie b\u0119dzie. Chyba, \u017ce gorzej, wi\u0119c korzystaj p\u00f3ki jej stan jest w miar\u0119 stabilny i spokojnie dajemy rad\u0119.<\/p>\n<p>&#8211; A jak ty si\u0119 czujesz?<\/p>\n<p>&#8211; Ju\u017c mi w\u0142a\u015bciwie przesz\u0142o, lepiej si\u0119 czuj\u0119 i z psami nawet dzi\u015b z tat\u0105 wyszli\u015bmy razem. Poza tym przecie\u017c dlatego dot\u0105d nie chcia\u0142am was tutaj widzie\u0107, \u017ceby dziewczynki czego\u015b ode mnie nie z\u0142apa\u0142y. Nie wiem czy to zwyk\u0142e przezi\u0119bienie czy grypa by\u0142a, wa\u017cne \u017ce si\u0119 nie zarazi\u0142y. C\u00f3re\u0144ko, masz okazj\u0119 to wyjed\u017a z dzie\u0107mi, powietrza troch\u0119 z\u0142api\u0105, dobrze im to zrobi.<\/p>\n<p>&#8211; To prawda, tam jest dobry klimat, uzdrowisko przecie\u017c s\u0142ynie jako skuteczne przy chorobach dr\u00f3g oddechowych.<\/p>\n<p>Bogna przemy\u015bla\u0142a jeszcze raz wszystkie za i przeciw, zastanowi\u0142a si\u0119 i zadzwoni\u0142a do przyjaci\u00f3\u0142ki.<\/p>\n<p>&#8211; S\u0142uchaj, zastanowi\u0142am si\u0119 i przyjmuj\u0119 twoj\u0105 propozycj\u0119. Jestem za, a nawet nie przeciw \u2013 za\u015bmia\u0142a si\u0119.<\/p>\n<p>&#8211; Hurra! \u2013 krzykn\u0119\u0142a Jagna. \u2013 Skocz\u0119 do pani Kasi. Podzi\u0119kuj\u0119 i porozmawiam z ni\u0105, potem do ciebie oddzwoni\u0119.<\/p>\n<p>Zadowolona spojrza\u0142a w laptop, odszuka\u0142a oficjaln\u0105 stron\u0119 Szczawnicy, obejrza\u0142a du\u017co zdj\u0119\u0107 i zachwyci\u0142a si\u0119 tym co widzia\u0142a. Zacz\u0119\u0142a odczuwa\u0107 wewn\u0119trzn\u0105 rado\u015b\u0107 na my\u015bl, \u017ce na w\u0142asne oczy zobaczy takie pi\u0119kne miejsca. Pomy\u015bla\u0142a, \u017ce zim\u0105 jest tam uroczo, szczeg\u00f3lnie podczas s\u0142onecznej pogody gdy \u015bnieg iskrzy si\u0119 wprost nieziemskim blaskiem. Je\u015bli jednak s\u0142o\u0144ca brak &#8211; robi si\u0119 szaro i smutno. Pomy\u015bla\u0142a te\u017c, \u017ce je\u015bli w realu jej si\u0119 spodoba miasteczko i okolica to \u2013 by\u0107 mo\u017ce \u2013 wybierze si\u0119 wiosn\u0105 albo latem dla por\u00f3wnania wra\u017ce\u0144.<\/p>\n<p>Na stronie Szczawnicy by\u0142a informacja o klubie muzycznym nosz\u0105cym nazw\u0119 Muzyczna Owczarnia, znajduj\u0105cym si\u0119 w Jaworkach, miejscowo\u015bci po\u0142o\u017conej niedaleko Szczawnicy. Postanowi\u0142a sprawdzi\u0107 co to takiego. Klikn\u0119\u0142a i czyta\u0142a z coraz wi\u0119kszym zainteresowaniem.<\/p>\n<p>Przerwa\u0142a zerkaj\u0105c na d\u00f3\u0142 monitora gdzie mruga\u0142 pomara\u0144czowy kwadracik informuj\u0105cy, \u017ce przysz\u0142a nowa wiadomo\u015b\u0107. Sprawdzi\u0142a. Od Alana. U\u015bmiechn\u0119\u0142a si\u0119 rado\u015bnie. Ostatnio cz\u0119sto tak si\u0119 u\u015bmiecha\u0142a prowadz\u0105c z nim o\u017cywion\u0105 korespondencj\u0119. Tak si\u0119 z\u0142o\u017cy\u0142o, \u017ce szybko odpowiedzia\u0142 na jej podzi\u0119kowanie za przes\u0142an\u0105 p\u0142yt\u0119 kapeli i mo\u017cna powiedzie\u0107, \u017ce zaprzyja\u017anili si\u0119 korespondencyjnie. Szybko odpisa\u0142a.<\/p>\n<p><em>\u00a0 @<\/em><em>\u00a0Cze\u015b\u0107 Alan.<\/em><\/p>\n<p><em>\u00a0\u00a0Wyobra\u017a sobie, \u017ce z Bogn\u0105 i jej c\u00f3reczkami pojad\u0119 do Szczawnicy. U nas za chwil\u0119 b\u0119d\u0105 ferie, dzieciom nale\u017cy si\u0119 odpoczynek na \u015bwie\u017cym powietrzu, a ja skorzystam z okazji.<\/em><\/p>\n<p><em>\u00a0\u00a0 Patrzy\u0142am przed chwil\u0105 na zdj\u0119cia z tego miasteczka, na informacje o okolicy \u00a0i \u2013 przyznam si\u0119 &#8211; jestem zachwycona tym co widzia\u0142am. Wejd\u017a w wolnej chwili na stron\u0119 i popatrz sobie. Ale nie o tym chcia\u0142am powiedzie\u0107, lecz o tym, \u017ce pani Kasia (kt\u00f3r\u0105 znasz, bo to przyjaci\u00f3\u0142ka Twojej babci Adelki) opowiedzia\u0142a mi o klubie, kt\u00f3ry nazywa si\u0119 Muzyczna Owczarnia i dzia\u0142a niedaleko Szczawnicy, w miejscowo\u015bci Jaworki. Pomy\u015bla\u0142am, \u017ce mo\u017ce Ci\u0119 to zainteresowa\u0107, jako \u017ce mn\u00f3stwo s\u0142awnych muzyk\u00f3w tam wyst\u0119powa\u0142o. Zaciekawi\u0142o mnie do tego stopnia, \u017ce odszuka\u0142am stron\u0119 klubu. Dowiedzia\u0142am si\u0119, \u017ce tw\u00f3rc\u0105 i w\u0142a\u015bcicielem jest Wie\u0144czys\u0142aw Ko\u0142odziejski, artysta malarz, kt\u00f3ry z Zakopanego przyjecha\u0142 do Jaworek i zamieszka\u0142 tu w 1993 roku. Marzy\u0142 o stworzeniu miejsca, gdzie rz\u0105dzi\u0107 b\u0119dzie sztuka \u2013 muzyka, rze\u017aba, malarstwo i gdzie ka\u017cdy znajdzie co\u015b dla siebie. Wyobra\u017a sobie, \u017ce na polach Czarnej Wody znalaz\u0142 star\u0105, opuszczon\u0105 owczarni\u0119 i j\u0105 kupi\u0142 w 1997 roku. Trzeba by\u0142o budynek roz\u0142o\u017cy\u0107, przewie\u017a\u0107 i z\u0142o\u017cy\u0107 z powrotem. Za\u015b spod Radomia sprowadzi\u0142 w ten sam spos\u00f3b XIX wieczny wiatrak. Na zdj\u0119ciach wygl\u0105da niesamowicie. A jacy znakomici muzycy tu przyje\u017cd\u017caj\u0105! Wszyscy m\u00f3wi\u0105, \u017ce panuje wyj\u0105tkowy, niepowtarzalny klimat. Jestem ciekawa czy akurat b\u0119dzie jaki\u015b koncert podczas naszego pobytu i czy uda si\u0119 tam pojecha\u0107.<\/em><em>\u00a0<\/em><\/p>\n<p>Odpowied\u017a przysz\u0142a b\u0142yskawicznie.<\/p>\n<p><em>@ Jagienka, znam Muzyczn\u0105 Owczarni\u0119!!! To kultowy ju\u017c klub i jednocze\u015bnie galeria sztuki, w kt\u00f3rej s\u0105 organizowane warsztaty muzyczne, plenery malarskie i rze\u017abiarskie oraz wystawy. Ciesz\u0119 si\u0119, \u017ce pojedziesz w g\u00f3ry. Pieniny s\u0105 przepi\u0119kne. W 1932 roku powsta\u0142 Pieni\u0144ski Park Narodowy, pierwszy w Europie a drugi na \u015bwiecie mi\u0119dzynarodowy park przyrodniczy. G\u0142\u00f3wni tw\u00f3rcy to prof. Stanis\u0142aw Kulczy\u0144ski, prof. W\u0142adys\u0142aw Szafer i prof. Walery Goetel.<\/em><em>\u00a0<\/em><\/p>\n<p><em>\u00a0@<\/em><em>\u00a0Na ulicy Kulczy\u0144skiego mieszka Bogna! Co za zbieg okoliczno\u015bci. A sk\u0105d Ty to wszystko wiesz?<\/em><em>\u00a0<\/em><\/p>\n<p><em>@<\/em><em>\u00a0Przeszed\u0142em kiedy\u015b piechot\u0105\u00a0 ca\u0142e Pieniny. Bardzo ciesz\u0119 si\u0119, \u017ce pojedziesz i zobaczysz takie pi\u0119kne miejsca. Mam nadziej\u0119, \u017ce kiedy\u015b pojedziemy tam razem i b\u0119d\u0119 m\u00f3g\u0142 sam pokaza\u0107 Tobie r\u00f3\u017cne urocze miejsca.<\/em><\/p>\n<p>Jeszcze kilka razy rozmawiali o Jagny wyje\u017adzie, o koncertach w Owczarni, o muzykach\u2026. Jagna nabiera\u0142a coraz wi\u0119kszej ochoty na wyjazd i wizyt\u0119 w niezwyk\u0142ym muzycznym klubie.<\/p>\n<p>cdn.<strong>\u00a0<\/strong><\/p>\n<div class=\"fcbkbttn_buttons_block\" id=\"fcbkbttn_middle\"><div class=\"fcbkbttn_like \"><fb:like href=\"https:\/\/annapisze.art\/?p=6902\" action=\"like\" colorscheme=\"light\" layout=\"box_count\"  size=\"small\"><\/fb:like><\/div><div class=\"fb-share-button  \" data-href=\"https:\/\/annapisze.art\/?p=6902\" data-type=\"button_count\" data-size=\"small\"><\/div><\/div>","protected":false},"excerpt":{"rendered":"<p>Stycze\u0144 okaza\u0142 si\u0119 ciep\u0142y, mrozu w\u0142a\u015bciwie nie by\u0142o tak du\u017cego, \u017ceby trzeba by\u0142o dodatkowo dogrzewa\u0107 mieszkania.. Dzi\u0119ki temu Inga, Kasia i Sabina cieszy\u0142y si\u0119, \u017ce oszcz\u0119dz\u0105 drewno i zostanie zapas na przysz\u0142y sezon. Feliks odkr\u0119ci\u0142 grzejnik w przedpokoju i opar\u0142 &hellip; <a href=\"https:\/\/annapisze.art\/?p=6902\">Czytaj dalej <span class=\"meta-nav\">&rarr;<\/span><\/a><\/p>\n","protected":false},"author":1,"featured_media":0,"comment_status":"open","ping_status":"open","sticky":false,"template":"","format":"standard","meta":{"footnotes":""},"categories":[25,10],"tags":[],"class_list":["post-6902","post","type-post","status-publish","format-standard","hentry","category-babie-lato-i-kropla-deszczu","category-powiesci"],"_links":{"self":[{"href":"https:\/\/annapisze.art\/index.php?rest_route=\/wp\/v2\/posts\/6902","targetHints":{"allow":["GET"]}}],"collection":[{"href":"https:\/\/annapisze.art\/index.php?rest_route=\/wp\/v2\/posts"}],"about":[{"href":"https:\/\/annapisze.art\/index.php?rest_route=\/wp\/v2\/types\/post"}],"author":[{"embeddable":true,"href":"https:\/\/annapisze.art\/index.php?rest_route=\/wp\/v2\/users\/1"}],"replies":[{"embeddable":true,"href":"https:\/\/annapisze.art\/index.php?rest_route=%2Fwp%2Fv2%2Fcomments&post=6902"}],"version-history":[{"count":1,"href":"https:\/\/annapisze.art\/index.php?rest_route=\/wp\/v2\/posts\/6902\/revisions"}],"predecessor-version":[{"id":6903,"href":"https:\/\/annapisze.art\/index.php?rest_route=\/wp\/v2\/posts\/6902\/revisions\/6903"}],"wp:attachment":[{"href":"https:\/\/annapisze.art\/index.php?rest_route=%2Fwp%2Fv2%2Fmedia&parent=6902"}],"wp:term":[{"taxonomy":"category","embeddable":true,"href":"https:\/\/annapisze.art\/index.php?rest_route=%2Fwp%2Fv2%2Fcategories&post=6902"},{"taxonomy":"post_tag","embeddable":true,"href":"https:\/\/annapisze.art\/index.php?rest_route=%2Fwp%2Fv2%2Ftags&post=6902"}],"curies":[{"name":"wp","href":"https:\/\/api.w.org\/{rel}","templated":true}]}}