{"id":6749,"date":"2024-03-07T20:08:55","date_gmt":"2024-03-07T19:08:55","guid":{"rendered":"http:\/\/annapisze.art\/?p=6749"},"modified":"2024-03-08T07:24:36","modified_gmt":"2024-03-08T06:24:36","slug":"siodme-urodziny-bloga-%f0%9f%8d%b7%f0%9f%8e%82%f0%9f%8d%80i-duch-leona-%f0%9f%90%95%f0%9f%a6%ba%f0%9f%90%95%f0%9f%90%b6","status":"publish","type":"post","link":"https:\/\/annapisze.art\/?p=6749","title":{"rendered":"Si\u00f3dme urodziny bloga &#x1f377;&#x1f382;&#x1f340;i Duch Leona &#x1f415;&#x200d;&#x1f9ba;&#x1f415;&#x1f436;"},"content":{"rendered":"<p>Nie zapomnia\u0142am o rocznicy tylko nie mia\u0142am kiedy zaj\u0105\u0107 si\u0119 obchodami. Calineczka by\u0142a przez jeden weekend po czym o\u015bwiadczy\u0142a, \u017ce przyjedzie w nast\u0119pny czwartek i ju\u017c. Dyskusji nie by\u0142o, babcia z dziadkiem uszcz\u0119\u015bliwieni (i wym\u0119czeni oczywi\u015bcie), zadowoleni, \u017ce szkrabusia tak dobrze si\u0119 u nich czuje &#x1f603; Wera wpad\u0142a na chwil\u0119, wi\u0119c w og\u00f3le pe\u0142nia szcz\u0119\u015bcia. Calineczka zaskoczy\u0142a babci\u0119 czytaniem. Tak, czytaniem &#x1f603; Bajeczek u nas pod dostatkiem, wzi\u0119\u0142a wi\u0119c kilka i mozolnie sk\u0142adaj\u0105c litery czyta\u0142a zupe\u0142nie przyzwoicie jak na dziecko, kt\u00f3re do szko\u0142y jeszcze nie chodzi.\u00a0 Niby zer\u00f3wka (przedszkolna w jej przypadku) to pocz\u0105tek nauki, ale post\u0119py babci\u0119 zdumia\u0142y. Wieczorem wi\u0119c dla odmiany Calineczka czyta\u0142a babci. Potem oczywi\u015bcie zgodnie z tradycj\u0105 babcia Calineczce czyta\u0142a wierszyki z bloga i krasnusia wreszcie usypia\u0142a po dniach pe\u0142nych wra\u017ce\u0144.\u00a0 Babcia oczywi\u015bcie te\u017c padaj\u0105c natychmiast &#x1f602; Przed u\u015bni\u0119ciem wnusia powiedzia\u0142a, \u017ce chce by\u0107 w Leniwii, bo tam si\u0119 nic nie robi, zajada s\u0142odycze i ogl\u0105da bajki. St\u0105d si\u0119 wzi\u0105\u0142 wierszyk o Leniwii, kt\u00f3ry wymy\u015bli\u0142y\u015bmy na drugi dzie\u0144.<\/p>\n<p>Rozpocz\u0119\u0142am przygod\u0119 blogow\u0105 dwudziestego si\u00f3dmego lutego roku dwa tysi\u0105ce siedemnastego, a teraz jest si\u00f3dma rocznica &#x1f60a; To by\u0142a jedna z najlepszych decyzji w moim \u017cyciu. Absolutnie i zdecydowanie. Normalnie si\u0119 dowarto\u015bciowa\u0142am! Prezentuj\u0105c swoje dyrdyma\u0142ki otrzymuj\u0119 od Was s\u0142owa tak buduj\u0105ce, \u017ce a\u017c nie wierz\u0119! Dzi\u0119kuj\u0119 baaardzo, baaardzo serdecznie, dzi\u0119ki nim chce mi si\u0119 \u017cy\u0107 i dzia\u0142a\u0107 w chwilach, kiedy czasem opadaj\u0105 r\u0119ce w zetkni\u0119ciu z rzeczywisto\u015bci\u0105. Ten m\u00f3j blogowy k\u0105cik sta\u0142 si\u0119 tak\u0105 odskoczni\u0105, ciep\u0142ym miejscem odwiedzanym przez fajnych ludzi &#x1f497;<\/p>\n<p>Dzie\u0144 wcze\u015bniej czyli dwudziestego sz\u00f3stego lutego min\u0119\u0142y cztery lata odk\u0105d ca\u0142kiem przesta\u0142am je\u015b\u0107 mi\u0119so (jedynie ryby jeszcze czasem). Wcze\u015bniej przez ca\u0142e dziesi\u0119ciolecia nie jada\u0142am ssak\u00f3w (bo nie jestem kanibalem), teraz i ptak\u00f3w nie jem z czym jest mi bardzo dobrze.<\/p>\n<p>Herbaty i kawy ju\u017c nie s\u0142odz\u0119, ale ostatnio spr\u00f3bowa\u0142am mlecznych kanapek kupionych Calineczce, na swoj\u0105 zgub\u0119 &#x1f609; Tak mi zasmakowa\u0142y, \u017ce po\u017car\u0142am wszystkie i jeszcze dokupi\u0142am\u2026 No nie, tak nie mo\u017ce by\u0107. Postanowi\u0142am, \u017ce nie kupi\u0119 wi\u0119cej, natomiast zamiast kas\u0119 wyda\u0107 na s\u0142odycze dla siebie wydam je na wsparcie Fundacji <em>Duch Leona<\/em>, tak na pocz\u0105tek.<\/p>\n<p>Pomy\u015bla\u0142am te\u017c, \u017ce na YT im wi\u0119cej jest wy\u015bwietle\u0144 filmik\u00f3w z <em>Ducha<\/em>, tym wi\u0119ksz\u0105 Fundacja mo\u017ce odnie\u015b\u0107 korzy\u015b\u0107 i w ten spos\u00f3b mo\u017ce uda si\u0119 wspom\u00f3c psy z <em>Ducha<\/em>, ci\u0119\u017cko do\u015bwiadczone przez \u017cycie, skrzywdzone przez pod\u0142ych, z\u0142ych albo tylko g\u0142upich ludzi, wszystko jedno, rezultatem jest okrucie\u0144stwo w stosunku do niewinnych istot.\u00a0 My\u015bl\u0119 sobie, \u017ce je\u015bli tu poka\u017c\u0119 psiaki, a Wy b\u0119dziecie klika\u0107, ogl\u0105da\u0107 i udost\u0119pnia\u0107 dalej to wsp\u00f3lnie pieskom pomo\u017cemy. Mo\u017ce si\u0119 myl\u0119, ale taki pomys\u0142 przyszed\u0142 mi do g\u0142owy.<\/p>\n<p><iframe loading=\"lazy\" title=\"Serce dla Zwierz\u0105t 2021 DUCH LEONA\" width=\"640\" height=\"360\" src=\"https:\/\/www.youtube.com\/embed\/YSks0eeJjBA?feature=oembed\" frameborder=\"0\" allow=\"accelerometer; autoplay; clipboard-write; encrypted-media; gyroscope; picture-in-picture; web-share\" referrerpolicy=\"strict-origin-when-cross-origin\" allowfullscreen><\/iframe><\/p>\n<p><iframe loading=\"lazy\" title=\"CAO do adopcji \/ Alabai for adoption\" width=\"640\" height=\"360\" src=\"https:\/\/www.youtube.com\/embed\/-qOFUn_3TSs?feature=oembed\" frameborder=\"0\" allow=\"accelerometer; autoplay; clipboard-write; encrypted-media; gyroscope; picture-in-picture; web-share\" referrerpolicy=\"strict-origin-when-cross-origin\" allowfullscreen><\/iframe><\/p>\n<p style=\"text-align: center;\">Cudowne pieski z <em>Ducha<\/em> niech Wam przynios\u0105 dobre my\u015bli i dobre uczucia &#x1f497;&#x1f497;&#x1f497;<\/p>\n<p style=\"text-align: center;\">Wspania\u0142ego weekendu wszystkim obecnym \u017cycz\u0119 i dzi\u0119kuj\u0119 za odwiedziny w moim k\u0105ciku &#x1f340;&#x1f31e;<\/p>\n<div class=\"fcbkbttn_buttons_block\" id=\"fcbkbttn_middle\"><div class=\"fcbkbttn_like \"><fb:like href=\"https:\/\/annapisze.art\/?p=6749\" action=\"like\" colorscheme=\"light\" layout=\"box_count\"  size=\"small\"><\/fb:like><\/div><div class=\"fb-share-button  \" data-href=\"https:\/\/annapisze.art\/?p=6749\" data-type=\"button_count\" data-size=\"small\"><\/div><\/div>","protected":false},"excerpt":{"rendered":"<p>Nie zapomnia\u0142am o rocznicy tylko nie mia\u0142am kiedy zaj\u0105\u0107 si\u0119 obchodami. Calineczka by\u0142a przez jeden weekend po czym o\u015bwiadczy\u0142a, \u017ce przyjedzie w nast\u0119pny czwartek i ju\u017c. Dyskusji nie by\u0142o, babcia z dziadkiem uszcz\u0119\u015bliwieni (i wym\u0119czeni oczywi\u015bcie), zadowoleni, \u017ce szkrabusia tak &hellip; <a href=\"https:\/\/annapisze.art\/?p=6749\">Czytaj dalej <span class=\"meta-nav\">&rarr;<\/span><\/a><\/p>\n","protected":false},"author":1,"featured_media":0,"comment_status":"open","ping_status":"open","sticky":false,"template":"","format":"standard","meta":{"footnotes":""},"categories":[8],"tags":[],"class_list":["post-6749","post","type-post","status-publish","format-standard","hentry","category-mysle-sobie"],"_links":{"self":[{"href":"https:\/\/annapisze.art\/index.php?rest_route=\/wp\/v2\/posts\/6749","targetHints":{"allow":["GET"]}}],"collection":[{"href":"https:\/\/annapisze.art\/index.php?rest_route=\/wp\/v2\/posts"}],"about":[{"href":"https:\/\/annapisze.art\/index.php?rest_route=\/wp\/v2\/types\/post"}],"author":[{"embeddable":true,"href":"https:\/\/annapisze.art\/index.php?rest_route=\/wp\/v2\/users\/1"}],"replies":[{"embeddable":true,"href":"https:\/\/annapisze.art\/index.php?rest_route=%2Fwp%2Fv2%2Fcomments&post=6749"}],"version-history":[{"count":6,"href":"https:\/\/annapisze.art\/index.php?rest_route=\/wp\/v2\/posts\/6749\/revisions"}],"predecessor-version":[{"id":6756,"href":"https:\/\/annapisze.art\/index.php?rest_route=\/wp\/v2\/posts\/6749\/revisions\/6756"}],"wp:attachment":[{"href":"https:\/\/annapisze.art\/index.php?rest_route=%2Fwp%2Fv2%2Fmedia&parent=6749"}],"wp:term":[{"taxonomy":"category","embeddable":true,"href":"https:\/\/annapisze.art\/index.php?rest_route=%2Fwp%2Fv2%2Fcategories&post=6749"},{"taxonomy":"post_tag","embeddable":true,"href":"https:\/\/annapisze.art\/index.php?rest_route=%2Fwp%2Fv2%2Ftags&post=6749"}],"curies":[{"name":"wp","href":"https:\/\/api.w.org\/{rel}","templated":true}]}}