{"id":6727,"date":"2024-02-26T12:08:42","date_gmt":"2024-02-26T11:08:42","guid":{"rendered":"http:\/\/annapisze.art\/?p=6727"},"modified":"2024-02-26T12:08:42","modified_gmt":"2024-02-26T11:08:42","slug":"szczawnica-moja-%f0%9f%8d%80%f0%9f%92%97-sienkiewicz-konopnicka","status":"publish","type":"post","link":"https:\/\/annapisze.art\/?p=6727","title":{"rendered":"Szczawnica moja &#x1f340;&#x1f497; (Sienkiewicz, Konopnicka)"},"content":{"rendered":"<p>O tym, \u017ce wody szczawnickie maj\u0105 w\u0142a\u015bciwo\u015bci lecznicze wiadomo od 1810 roku. Wtedy bowiem zbadano w\u0142a\u015bciwo\u015bci mineralnych w\u00f3d wyp\u0142ywaj\u0105cych w Szczawnicy spod ziemi. Jak ju\u017c pisa\u0142am (w kategorii \u201eSzczawnica\u201d po prawej stronie bloga) w 1828 roku J\u00f3zefina i Stefan\u00a0 Szalayowie kupili wiosk\u0119 pieni\u0144sk\u0105 le\u017c\u0105c\u0105 nad urokliwym Grajcarkiem wpadaj\u0105cym do przecudnie po\u0142o\u017conego Dunajca. Rozpocz\u0119li tworzenie tu uzdrowiska, kt\u00f3re stawa\u0142o si\u0119 coraz popularniejsze nie tylko w Galicji. Od roku 1839 uzdrowiskiem zarz\u0105dza\u0142 ich syn J\u00f3zef Stefan Szalay i to w\u0142a\u015bnie on doprowadzi\u0142 do niebywa\u0142ego rozkwitu i rozwoju Szczawnicy. Sta\u0142y si\u0119 Pieniny znane ze wspania\u0142ej przyrody, przepi\u0119knych krajobraz\u00f3w, zdrowego powietrza s\u0142u\u017c\u0105cego przede wszystkim osobom cierpi\u0105cym na dolegliwo\u015bci g\u00f3rnych dr\u00f3g oddechowych, sama za\u015b Szczawnica &#8211; z w\u00f3d wspomagaj\u0105cych zdrowie kuracjuszy coraz liczniej przybywaj\u0105cych na leczenie. Przyje\u017cd\u017cali przedstawiciele znanych rod\u00f3w (np. Lubomirscy, Sapiehowie, Tarnowscy, Radziwi\u0142\u0142owie), ziemianie ze wszystkich zabor\u00f3w, go\u015bcie z Europy a nawet z Ameryki. W mojej ulubionej Szczawnicy Henryk Sienkiewicz spotka\u0142 pierwszy raz swoj\u0105 ukochan\u0105 Maryni\u0119 &#x1f497;<\/p>\n<p>W 1875 roku urodzi\u0142a si\u0119 moja prababcia Marianna &#x1f60a; W tym samym roku Maria Konopnicka przyjecha\u0142a do Szczawnicy. Zachwyci\u0142a si\u0119 okolic\u0105, odbywa\u0142a wycieczki w najr\u00f3\u017cniejsze dost\u0119pne w\u00f3wczas miejsca. Zwiedzi\u0142a Ma\u0142e Pieniny, teren od Jarmuty do w\u0105wozu Homole, od Miedziusia (gdzie mia\u0142a kwater\u0119) do Dunajca wzd\u0142u\u017c Grajcarka. Swoje zachwycenie wyra\u017ca\u0142a w poezji (nie b\u0119d\u0119 przytacza\u0107, ale je\u015bli kto\u015b sobie \u017cyczy to s\u0142u\u017c\u0119 uprzejmie). Jeden z wierszy zatytu\u0142owany \u201eW g\u00f3rach\u201d wys\u0142any do warszawskiego \u201eTygodnika Ilustrowanego\u201d zachwyci\u0142 samego Litwosa czyli Henryka Sienkiewicza pisz\u0105cego w\u00f3wczas pod takim pseudonimem \u201eListy z podr\u00f3\u017cy\u201d.<\/p>\n<p>Zagl\u0105dam do szczawnickich zdj\u0119\u0107 cz\u0119sto, poprawiaj\u0105 mi humor a kolory przywracaj\u0105 energi\u0119 i ch\u0119ci dzia\u0142ania. Nie wiem jak si\u0119 u\u0142o\u017cy w tym roku, ale ju\u017c my\u015bl\u0119 o ukochanym miasteczku i z przyjemno\u015bci\u0105 przenosz\u0119 si\u0119 do\u0144 w wyobra\u017ani. Smutno tylko \u00a0z tego powodu, \u017ce Skitusia z nami nie b\u0119dzie &#x1f494; fizycznie, bo w sercach zostanie na zawsze &#x1f497;<\/p>\n<div id=\"attachment_6728\" style=\"width: 882px\" class=\"wp-caption aligncenter\"><img loading=\"lazy\" decoding=\"async\" aria-describedby=\"caption-attachment-6728\" class=\"wp-image-6728 size-full\" src=\"https:\/\/annapisze.art\/wp-content\/uploads\/2024\/02\/IMG20230923065853_BURST000_COVER.jpg\" alt=\"\" width=\"872\" height=\"654\" srcset=\"https:\/\/annapisze.art\/wp-content\/uploads\/2024\/02\/IMG20230923065853_BURST000_COVER.jpg?v=1708942723 872w, https:\/\/annapisze.art\/wp-content\/uploads\/2024\/02\/IMG20230923065853_BURST000_COVER-300x225.jpg?v=1708942723 300w, https:\/\/annapisze.art\/wp-content\/uploads\/2024\/02\/IMG20230923065853_BURST000_COVER-768x576.jpg?v=1708942723 768w\" sizes=\"auto, (max-width: 872px) 100vw, 872px\" \/><p id=\"caption-attachment-6728\" class=\"wp-caption-text\">&#8230; nowy o\u015brodek po\u0142o\u017cony mi\u0119dzy ul. G\u0142\u00f3wn\u0105 a promenad\u0105 nad Grajcarkiem .,..<\/p><\/div>\n<p>Poni\u017csze zdj\u0119cia przedstawiaj\u0105 okolice pl. Dietla, ul. Zdrojow\u0105, w\u0142a\u015bciwie s\u0105 to miejsca, kt\u00f3re mo\u017cna obj\u0105\u0107 wzrokiem obracaj\u0105c g\u0142ow\u0119 w k\u00f3\u0142ko &#x1f603;<\/p>\n<div id=\"attachment_6729\" style=\"width: 882px\" class=\"wp-caption aligncenter\"><img loading=\"lazy\" decoding=\"async\" aria-describedby=\"caption-attachment-6729\" class=\"wp-image-6729 size-full\" src=\"https:\/\/annapisze.art\/wp-content\/uploads\/2024\/02\/IMG20230926162516.jpg\" alt=\"\" width=\"872\" height=\"654\" srcset=\"https:\/\/annapisze.art\/wp-content\/uploads\/2024\/02\/IMG20230926162516.jpg?v=1708942750 872w, https:\/\/annapisze.art\/wp-content\/uploads\/2024\/02\/IMG20230926162516-300x225.jpg?v=1708942750 300w, https:\/\/annapisze.art\/wp-content\/uploads\/2024\/02\/IMG20230926162516-768x576.jpg?v=1708942750 768w\" sizes=\"auto, (max-width: 872px) 100vw, 872px\" \/><p id=\"caption-attachment-6729\" class=\"wp-caption-text\">&#8230; powy\u017cej schod\u00f3w jest<em> Inhalatorium<\/em> w Parku G\u00f3rnym &#8230;<\/p><\/div>\n<div id=\"attachment_6730\" style=\"width: 882px\" class=\"wp-caption aligncenter\"><img loading=\"lazy\" decoding=\"async\" aria-describedby=\"caption-attachment-6730\" class=\"wp-image-6730 size-full\" src=\"https:\/\/annapisze.art\/wp-content\/uploads\/2024\/02\/IMG20230922082150.jpg\" alt=\"\" width=\"872\" height=\"654\" srcset=\"https:\/\/annapisze.art\/wp-content\/uploads\/2024\/02\/IMG20230922082150.jpg?v=1708942771 872w, https:\/\/annapisze.art\/wp-content\/uploads\/2024\/02\/IMG20230922082150-300x225.jpg?v=1708942771 300w, https:\/\/annapisze.art\/wp-content\/uploads\/2024\/02\/IMG20230922082150-768x576.jpg?v=1708942771 768w\" sizes=\"auto, (max-width: 872px) 100vw, 872px\" \/><p id=\"caption-attachment-6730\" class=\"wp-caption-text\">&#8230; fragment schod\u00f3w z bliska, uj\u0119cie wody (niepitnej), kawa\u0142ek altany, kiedy\u015b pewnie pijalni, w kt\u00f3rej spoczywali kuracjusze popijaj\u0105c wody zdrowotne i flirtuj\u0105c z kuracjuszkami &#8230;<\/p><\/div>\n<div id=\"attachment_6732\" style=\"width: 882px\" class=\"wp-caption aligncenter\"><img loading=\"lazy\" decoding=\"async\" aria-describedby=\"caption-attachment-6732\" class=\"wp-image-6732 size-full\" src=\"https:\/\/annapisze.art\/wp-content\/uploads\/2024\/02\/IMG20230922081751.jpg\" alt=\"\" width=\"872\" height=\"654\" srcset=\"https:\/\/annapisze.art\/wp-content\/uploads\/2024\/02\/IMG20230922081751.jpg?v=1708942878 872w, https:\/\/annapisze.art\/wp-content\/uploads\/2024\/02\/IMG20230922081751-300x225.jpg?v=1708942878 300w, https:\/\/annapisze.art\/wp-content\/uploads\/2024\/02\/IMG20230922081751-768x576.jpg?v=1708942878 768w\" sizes=\"auto, (max-width: 872px) 100vw, 872px\" \/><p id=\"caption-attachment-6732\" class=\"wp-caption-text\">&#8230; ul. Zdrojowa, t\u0119dy si\u0119 idzie w stron\u0119 centrum miasteczka &#8230;<\/p><\/div>\n<div id=\"attachment_6733\" style=\"width: 882px\" class=\"wp-caption aligncenter\"><img loading=\"lazy\" decoding=\"async\" aria-describedby=\"caption-attachment-6733\" class=\"wp-image-6733 size-full\" src=\"https:\/\/annapisze.art\/wp-content\/uploads\/2024\/02\/IMG20230922081804.jpg\" alt=\"\" width=\"872\" height=\"654\" srcset=\"https:\/\/annapisze.art\/wp-content\/uploads\/2024\/02\/IMG20230922081804.jpg?v=1708942897 872w, https:\/\/annapisze.art\/wp-content\/uploads\/2024\/02\/IMG20230922081804-300x225.jpg?v=1708942897 300w, https:\/\/annapisze.art\/wp-content\/uploads\/2024\/02\/IMG20230922081804-768x576.jpg?v=1708942897 768w\" sizes=\"auto, (max-width: 872px) 100vw, 872px\" \/><p id=\"caption-attachment-6733\" class=\"wp-caption-text\">&#8230; fragment ul. Zdrojowej ko\u0144cz\u0105cej si\u0119 na pl. Dietla; Szilunia patrzy w stron\u0119<em> Zdroju Waleryi<\/em>. powy\u017cej widoczny budynek<em> Starej Kancelarii<\/em>, za nim bia\u0142a wie\u017cyczka willi <em>Pa\u0142ac<\/em>, w kt\u00f3rej dawniej mie\u015bci\u0142o si\u0119 Muzeum Pieni\u0144skie &#8230;<\/p><\/div>\n<div id=\"attachment_6734\" style=\"width: 882px\" class=\"wp-caption aligncenter\"><img loading=\"lazy\" decoding=\"async\" aria-describedby=\"caption-attachment-6734\" class=\"wp-image-6734 size-full\" src=\"https:\/\/annapisze.art\/wp-content\/uploads\/2024\/02\/IMG20230922081816.jpg\" alt=\"\" width=\"872\" height=\"654\" srcset=\"https:\/\/annapisze.art\/wp-content\/uploads\/2024\/02\/IMG20230922081816.jpg?v=1708942916 872w, https:\/\/annapisze.art\/wp-content\/uploads\/2024\/02\/IMG20230922081816-300x225.jpg?v=1708942916 300w, https:\/\/annapisze.art\/wp-content\/uploads\/2024\/02\/IMG20230922081816-768x576.jpg?v=1708942916 768w\" sizes=\"auto, (max-width: 872px) 100vw, 872px\" \/><p id=\"caption-attachment-6734\" class=\"wp-caption-text\">&#8230; mostek nad strumyczkiem i widok na will\u0119<em> Holenderk\u0119<\/em> na pl. Dietla &#8230;<\/p><\/div>\n<div id=\"attachment_6736\" style=\"width: 882px\" class=\"wp-caption aligncenter\"><img loading=\"lazy\" decoding=\"async\" aria-describedby=\"caption-attachment-6736\" class=\"wp-image-6736 size-full\" src=\"https:\/\/annapisze.art\/wp-content\/uploads\/2024\/02\/IMG20230826072436.jpg\" alt=\"\" width=\"872\" height=\"654\" srcset=\"https:\/\/annapisze.art\/wp-content\/uploads\/2024\/02\/IMG20230826072436.jpg?v=1708944297 872w, https:\/\/annapisze.art\/wp-content\/uploads\/2024\/02\/IMG20230826072436-300x225.jpg?v=1708944297 300w, https:\/\/annapisze.art\/wp-content\/uploads\/2024\/02\/IMG20230826072436-768x576.jpg?v=1708944297 768w\" sizes=\"auto, (max-width: 872px) 100vw, 872px\" \/><p id=\"caption-attachment-6736\" class=\"wp-caption-text\">&#8230; alejka w Parku G\u00f3rnym, na wprost hotel <em>Modrzewie<\/em> &#8230;<\/p><\/div>\n<p>Zaprosi\u0142am Was na kr\u00f3ciutki poranny spacer z psami, kiedy jeszcze turyst\u00f3w wczesnym rankiem nie wida\u0107, ale\u00a0 cisza i spok\u00f3j, i ca\u0142y Park G\u00f3rny nasz \ud83d\ude42 Pi\u0119kna ta moja Szczawnica ukochana, prawda? Patrz\u0119 na zdj\u0119cia i t\u0119skni\u0119 &#x1f497;<\/p>\n<p style=\"text-align: center;\">Dzi\u0119kuj\u0119 za odwiedziny i pozostawione s\u0142owa &#x1f33a; \u017bycz\u0119 dobrego, spokojnego tygodnia&#x1f31e;<\/p>\n<p>&nbsp;<\/p>\n<div class=\"fcbkbttn_buttons_block\" id=\"fcbkbttn_middle\"><div class=\"fcbkbttn_like \"><fb:like href=\"https:\/\/annapisze.art\/?p=6727\" action=\"like\" colorscheme=\"light\" layout=\"box_count\"  size=\"small\"><\/fb:like><\/div><div class=\"fb-share-button  \" data-href=\"https:\/\/annapisze.art\/?p=6727\" data-type=\"button_count\" data-size=\"small\"><\/div><\/div>","protected":false},"excerpt":{"rendered":"<p>O tym, \u017ce wody szczawnickie maj\u0105 w\u0142a\u015bciwo\u015bci lecznicze wiadomo od 1810 roku. Wtedy bowiem zbadano w\u0142a\u015bciwo\u015bci mineralnych w\u00f3d wyp\u0142ywaj\u0105cych w Szczawnicy spod ziemi. Jak ju\u017c pisa\u0142am (w kategorii \u201eSzczawnica\u201d po prawej stronie bloga) w 1828 roku J\u00f3zefina i Stefan\u00a0 Szalayowie &hellip; <a href=\"https:\/\/annapisze.art\/?p=6727\">Czytaj dalej <span class=\"meta-nav\">&rarr;<\/span><\/a><\/p>\n","protected":false},"author":1,"featured_media":0,"comment_status":"open","ping_status":"open","sticky":false,"template":"","format":"standard","meta":{"footnotes":""},"categories":[8,20],"tags":[],"class_list":["post-6727","post","type-post","status-publish","format-standard","hentry","category-mysle-sobie","category-szczawnica"],"_links":{"self":[{"href":"https:\/\/annapisze.art\/index.php?rest_route=\/wp\/v2\/posts\/6727","targetHints":{"allow":["GET"]}}],"collection":[{"href":"https:\/\/annapisze.art\/index.php?rest_route=\/wp\/v2\/posts"}],"about":[{"href":"https:\/\/annapisze.art\/index.php?rest_route=\/wp\/v2\/types\/post"}],"author":[{"embeddable":true,"href":"https:\/\/annapisze.art\/index.php?rest_route=\/wp\/v2\/users\/1"}],"replies":[{"embeddable":true,"href":"https:\/\/annapisze.art\/index.php?rest_route=%2Fwp%2Fv2%2Fcomments&post=6727"}],"version-history":[{"count":3,"href":"https:\/\/annapisze.art\/index.php?rest_route=\/wp\/v2\/posts\/6727\/revisions"}],"predecessor-version":[{"id":6737,"href":"https:\/\/annapisze.art\/index.php?rest_route=\/wp\/v2\/posts\/6727\/revisions\/6737"}],"wp:attachment":[{"href":"https:\/\/annapisze.art\/index.php?rest_route=%2Fwp%2Fv2%2Fmedia&parent=6727"}],"wp:term":[{"taxonomy":"category","embeddable":true,"href":"https:\/\/annapisze.art\/index.php?rest_route=%2Fwp%2Fv2%2Fcategories&post=6727"},{"taxonomy":"post_tag","embeddable":true,"href":"https:\/\/annapisze.art\/index.php?rest_route=%2Fwp%2Fv2%2Ftags&post=6727"}],"curies":[{"name":"wp","href":"https:\/\/api.w.org\/{rel}","templated":true}]}}