{"id":6294,"date":"2023-05-15T11:51:12","date_gmt":"2023-05-15T09:51:12","guid":{"rendered":"http:\/\/annapisze.art\/?p=6294"},"modified":"2023-05-15T11:53:33","modified_gmt":"2023-05-15T09:53:33","slug":"maja-polowa-wlasnie-mija-%f0%9f%8c%b7","status":"publish","type":"post","link":"https:\/\/annapisze.art\/?p=6294","title":{"rendered":"Maja po\u0142owa w\u0142a\u015bnie mija &#x1f337;"},"content":{"rendered":"<p style=\"text-align: center;\">&#x1f337;&#x1f337;&#x1f337;&#x1f337;&#x1f337;&#x1f497;&#x1f497;&#x1f497;&#x1f337;&#x1f337;&#x1f337;&#x1f337;&#x1f337;&#x1f497;&#x1f497;&#x1f497;&#x1f337;&#x1f337;&#x1f337;&#x1f337;&#x1f337;<\/p>\n<p style=\"text-align: center;\">Nie spos\u00f3b si\u0119 przesta\u0107 zachwyca\u0107<\/p>\n<p style=\"text-align: center;\">na porannym spacerze z pieskami<\/p>\n<p style=\"text-align: center;\">cudown\u0105 zielon\u0105 wiosn\u0105,<\/p>\n<p style=\"text-align: center;\">wszystkimi jej przejawami.<\/p>\n<p style=\"text-align: center;\">Bowiem co mo\u017ce si\u0119 r\u00f3wna\u0107<\/p>\n<p style=\"text-align: center;\">z ptasimi rannymi \u015bpiewami,<\/p>\n<p style=\"text-align: center;\">z ros\u0105 b\u0142yszcz\u0105c\u0105 na trawie<\/p>\n<p style=\"text-align: center;\">osnutej paj\u0119czynami?<\/p>\n<p style=\"text-align: center;\">Liczne \u0142\u0105kowe ro\u015blinki<\/p>\n<p style=\"text-align: center;\">do \u017cycia rankiem si\u0119 budz\u0105,<\/p>\n<p style=\"text-align: center;\">cho\u0107 w jednym miejscu rosn\u0105<\/p>\n<p style=\"text-align: center;\">przenigdy si\u0119 nie nudz\u0105.<\/p>\n<p><img loading=\"lazy\" decoding=\"async\" class=\"aligncenter wp-image-4614\" src=\"https:\/\/annapisze.art\/wp-content\/uploads\/2021\/06\/WP_20210611_07_06_08_Pro-300x169.jpg\" alt=\"\" width=\"300\" height=\"169\" srcset=\"https:\/\/annapisze.art\/wp-content\/uploads\/2021\/06\/WP_20210611_07_06_08_Pro-300x169.jpg 300w, https:\/\/annapisze.art\/wp-content\/uploads\/2021\/06\/WP_20210611_07_06_08_Pro-1024x577.jpg 1024w\" sizes=\"auto, (max-width: 300px) 100vw, 300px\" \/><\/p>\n<p style=\"text-align: center;\">Co noc wzwy\u017c rosn\u0105 trawy,<\/p>\n<p style=\"text-align: center;\">s\u0105 wi\u0119ksze ni\u017c by\u0142y wieczorem<\/p>\n<p style=\"text-align: center;\">jakby kto\u015b Duszka Ro\u015bni\u0119cia<\/p>\n<p style=\"text-align: center;\">wypu\u015bci\u0142 otwartym zaworem.<\/p>\n<p style=\"text-align: center;\">Listki ju\u017c wsz\u0119dzie zielone<\/p>\n<p style=\"text-align: center;\">cieniem si\u0119 k\u0142ad\u0105 na trawie.<\/p>\n<p style=\"text-align: center;\">S\u0142oneczko zza chmurki zerka<\/p>\n<p style=\"text-align: center;\">&#8211; <em>ja si\u0119 z wami pobawi\u0119 \ud83d\ude42<\/em><\/p>\n<p><img loading=\"lazy\" decoding=\"async\" class=\"aligncenter wp-image-6298\" src=\"https:\/\/annapisze.art\/wp-content\/uploads\/2023\/05\/IMG20230504071103-300x225.jpg\" alt=\"\" width=\"300\" height=\"225\" srcset=\"https:\/\/annapisze.art\/wp-content\/uploads\/2023\/05\/IMG20230504071103-300x225.jpg 300w, https:\/\/annapisze.art\/wp-content\/uploads\/2023\/05\/IMG20230504071103.jpg 876w\" sizes=\"auto, (max-width: 300px) 100vw, 300px\" \/><\/p>\n<p style=\"text-align: center;\">Dmuchawiec pi\u0119kny wiosenny<\/p>\n<p style=\"text-align: center;\">pyszni si\u0119 sw\u0105 okr\u0105g\u0142o\u015bci\u0105.<\/p>\n<p style=\"text-align: center;\">Przystan\u0105\u0142 Skitu\u015b, pow\u0105cha\u0142.<\/p>\n<p style=\"text-align: center;\">&#8211; <em>Witam si\u0119 z jegomo\u015bci\u0105<\/em> \ud83d\ude42<\/p>\n<p><img loading=\"lazy\" decoding=\"async\" class=\"size-medium wp-image-6297 aligncenter\" src=\"https:\/\/annapisze.art\/wp-content\/uploads\/2023\/05\/mama-055-300x148.jpg\" alt=\"\" width=\"300\" height=\"148\" srcset=\"https:\/\/annapisze.art\/wp-content\/uploads\/2023\/05\/mama-055-300x148.jpg 300w, https:\/\/annapisze.art\/wp-content\/uploads\/2023\/05\/mama-055-1024x504.jpg 1024w, https:\/\/annapisze.art\/wp-content\/uploads\/2023\/05\/mama-055.jpg 1360w\" sizes=\"auto, (max-width: 300px) 100vw, 300px\" \/><\/p>\n<p><img loading=\"lazy\" decoding=\"async\" class=\"size-medium wp-image-6304 aligncenter\" src=\"https:\/\/annapisze.art\/wp-content\/uploads\/2023\/05\/image-1-300x263.jpg\" alt=\"\" width=\"300\" height=\"263\" srcset=\"https:\/\/annapisze.art\/wp-content\/uploads\/2023\/05\/image-1-300x263.jpg 300w, https:\/\/annapisze.art\/wp-content\/uploads\/2023\/05\/image-1.jpg 531w\" sizes=\"auto, (max-width: 300px) 100vw, 300px\" \/><\/p>\n<p style=\"text-align: center;\">Na pniu ma\u0142a jaszczurka<\/p>\n<p style=\"text-align: center;\">wygrzewa cia\u0142ko w s\u0142oneczku.<\/p>\n<p style=\"text-align: center;\">&#8211;<em> Nie rusz<\/em> \u2013 m\u00f3wi Szilusia, &#8211;<\/p>\n<p style=\"text-align: center;\"><em>zostaw jaszczurk\u0119 Skiteczku.<\/em><\/p>\n<p style=\"text-align: center;\"><em>Wraca\u0107 trzeba do domu,<\/em><\/p>\n<p style=\"text-align: center;\"><em>Anka poda \u015bniadanie.<\/em><\/p>\n<p style=\"text-align: center;\"><em>Spiesz si\u0119, bo w ogr\u00f3deczku<\/em><\/p>\n<p style=\"text-align: center;\"><em>ona znowu zostanie,<\/em><\/p>\n<p style=\"text-align: center;\"><em>wszak \u015bwira ma ostatnio,<\/em><\/p>\n<p style=\"text-align: center;\"><em>zapomni nam wsypa\u0107 kulki<\/em><\/p>\n<p style=\"text-align: center;\"><em>i zostaniemy bez \u017car\u0142a<\/em><\/p>\n<p style=\"text-align: center;\"><em>jako te stare bidulki.<\/em><\/p>\n<p style=\"text-align: center;\"><em>A ona kopie, przerzuca<\/em><\/p>\n<p style=\"text-align: center;\"><em>ziemi ca\u0142e wiaderka,<\/em><\/p>\n<p style=\"text-align: center;\"><em>ju\u017c nawet Franek wok\u00f3\u0142<\/em><\/p>\n<p style=\"text-align: center;\"><em>z przera\u017ceniem zerka.<\/em><\/p>\n<p><img loading=\"lazy\" decoding=\"async\" class=\"aligncenter wp-image-5863\" src=\"https:\/\/annapisze.art\/wp-content\/uploads\/2022\/08\/IMG_20220702_081416-300x295.jpg\" alt=\"\" width=\"265\" height=\"261\" srcset=\"https:\/\/annapisze.art\/wp-content\/uploads\/2022\/08\/IMG_20220702_081416-300x295.jpg 300w, https:\/\/annapisze.art\/wp-content\/uploads\/2022\/08\/IMG_20220702_081416.jpg 634w\" sizes=\"auto, (max-width: 265px) 100vw, 265px\" \/><\/p>\n<p style=\"text-align: center;\"><em>Bluszcze z p\u0142otu zerwa\u0142a,<\/em><\/p>\n<p style=\"text-align: center;\"><em>i myszki przegoni\u0142a,<\/em><\/p>\n<p style=\"text-align: center;\"><em>rabatk\u0119 ca\u0142\u0105 skopa\u0142a,<\/em><\/p>\n<p style=\"text-align: center;\"><em>kwiatk\u00f3w naprzynosi\u0142a.<\/em><\/p>\n<p><img loading=\"lazy\" decoding=\"async\" class=\"size-medium wp-image-6299 aligncenter\" src=\"https:\/\/annapisze.art\/wp-content\/uploads\/2023\/05\/IMG20230508192047-300x225.jpg\" alt=\"\" width=\"300\" height=\"225\" srcset=\"https:\/\/annapisze.art\/wp-content\/uploads\/2023\/05\/IMG20230508192047-300x225.jpg 300w, https:\/\/annapisze.art\/wp-content\/uploads\/2023\/05\/IMG20230508192047.jpg 876w\" sizes=\"auto, (max-width: 300px) 100vw, 300px\" \/><\/p>\n<p style=\"text-align: center;\"><em>Ma\u0142o tego, kamienie zbiera,<\/em><\/p>\n<p style=\"text-align: center;\"><em>przynosi do ogr\u00f3dka,<\/em><\/p>\n<p style=\"text-align: center;\"><em>w proceder M\u0119\u017ca wci\u0105gn\u0119\u0142a.<\/em><\/p>\n<p style=\"text-align: center;\"><em>Cho\u0107 droga nie jest kr\u00f3tka<\/em><\/p>\n<p style=\"text-align: center;\"><em>on torby nosi i d\u017awiga,<\/em><\/p>\n<p style=\"text-align: center;\"><em>ziemi\u0119 czy\u015bci, wyci\u0105ga korzonki,<\/em><\/p>\n<p style=\"text-align: center;\"><em>\u00a0traw\u0119 kosi, ga\u0142\u0119zie \u015bcina,<\/em><\/p>\n<p style=\"text-align: center;\"><em>czasem co\u015b mruknie do Ma\u0142\u017conki&#8230;<\/em><\/p>\n<p><img loading=\"lazy\" decoding=\"async\" class=\"size-medium wp-image-6300 aligncenter\" src=\"https:\/\/annapisze.art\/wp-content\/uploads\/2023\/05\/IMG20230508192139-300x225.jpg\" alt=\"\" width=\"300\" height=\"225\" srcset=\"https:\/\/annapisze.art\/wp-content\/uploads\/2023\/05\/IMG20230508192139-300x225.jpg 300w, https:\/\/annapisze.art\/wp-content\/uploads\/2023\/05\/IMG20230508192139.jpg 876w\" sizes=\"auto, (max-width: 300px) 100vw, 300px\" \/><\/p>\n<p style=\"text-align: center;\"><em>&#8211; \u015aniadanie? <\/em>&#8211; Skitu\u015b rzecze &#8211;<\/p>\n<p style=\"text-align: center;\"><em>oj, to ju\u017c p\u0119dz\u0119 ile si\u0142y,<\/em><\/p>\n<p style=\"text-align: center;\"><em>bez \u015bniadania zjedzonego rano<\/em><\/p>\n<p style=\"text-align: center;\"><em>dzie\u0144 ca\u0142y b\u0119dzie niemi\u0142y.<\/em><\/p>\n<p style=\"text-align: center;\">Szila spojrza\u0142a z politowaniem<\/p>\n<p style=\"text-align: center;\"><em>&#8211; A id\u017a \u017car\u0142oku, p\u0119d\u017a g\u0142odomorze<\/em><\/p>\n<p style=\"text-align: center;\"><em>i tak nie pojmiesz co m\u00f3wi\u0119&#8230;<\/em><\/p>\n<p style=\"text-align: center;\"><em>cho\u0107 kiedy\u015b pojmiesz \u2026 mo\u017ce?<\/em><\/p>\n<p style=\"text-align: center;\">AZ14.05.2023<\/p>\n<p><img loading=\"lazy\" decoding=\"async\" class=\"aligncenter wp-image-6301\" src=\"https:\/\/annapisze.art\/wp-content\/uploads\/2023\/05\/IMG20230510172121-300x225.jpg\" alt=\"\" width=\"300\" height=\"225\" srcset=\"https:\/\/annapisze.art\/wp-content\/uploads\/2023\/05\/IMG20230510172121-300x225.jpg 300w, https:\/\/annapisze.art\/wp-content\/uploads\/2023\/05\/IMG20230510172121.jpg 876w\" sizes=\"auto, (max-width: 300px) 100vw, 300px\" \/><\/p>\n<p>To co\u015b na ostatnim zdj\u0119ciu jest p\u0142otkiem zrobionym dla ochrony nowych ro\u015blinek przed Skitusiem i babci\u0105 D.\u00a0 &#x1f600; Magda powiedzia\u0142a, \u017ce to jak zeriba na lwy u Stasia Tarkowskiego i uwa\u017cam, \u017ce skojarzenie jest s\u0142uszne \ud83d\ude42 O dmuchawcu ju\u017c by\u0142o tu &#8211; <a href=\"https:\/\/annapisze.art\/?p=4496\">https:\/\/annapisze.art\/?p=4496<\/a><\/p>\n<p>Dzi\u015b pada od rana, wczoraj s\u0142onko \u015bwieci\u0142o, pozwoli\u0142o zn\u00f3w poszale\u0107 w ogr\u00f3dku co wida\u0107 na zdj\u0119ciach.\u00a0 Jak przestanie pada\u0107 prac nast\u0105pi ci\u0105g dalszy, bowiem tylko to mam akurat w g\u0142owie.<\/p>\n<p style=\"text-align: center;\">Dzi\u0119kuj\u0119 za odwiedziny i pozostawione s\u0142owa, pozdrawiam serdecznie i dobrego tygodnia \u017cycz\u0119 &#x1f497;&#x1f337;&#x1f497;<\/p>\n<p style=\"text-align: center;\">&#x1f499;&#x1f49b;<\/p>\n<div class=\"fcbkbttn_buttons_block\" id=\"fcbkbttn_middle\"><div class=\"fcbkbttn_like \"><fb:like href=\"https:\/\/annapisze.art\/?p=6294\" action=\"like\" colorscheme=\"light\" layout=\"box_count\"  size=\"small\"><\/fb:like><\/div><div class=\"fb-share-button  \" data-href=\"https:\/\/annapisze.art\/?p=6294\" data-type=\"button_count\" data-size=\"small\"><\/div><\/div>","protected":false},"excerpt":{"rendered":"<p>&#x1f337;&#x1f337;&#x1f337;&#x1f337;&#x1f337;&#x1f497;&#x1f497;&#x1f497;&#x1f337;&#x1f337;&#x1f337;&#x1f337;&#x1f337;&#x1f497;&#x1f497;&#x1f497;&#x1f337;&#x1f337;&#x1f337;&#x1f337;&#x1f337; Nie spos\u00f3b si\u0119 przesta\u0107 zachwyca\u0107 na porannym spacerze z pieskami cudown\u0105 zielon\u0105 wiosn\u0105, wszystkimi jej przejawami. Bowiem co mo\u017ce si\u0119 r\u00f3wna\u0107 z ptasimi rannymi \u015bpiewami, z ros\u0105 b\u0142yszcz\u0105c\u0105 na trawie osnutej paj\u0119czynami? Liczne \u0142\u0105kowe ro\u015blinki do \u017cycia rankiem si\u0119 &hellip; <a href=\"https:\/\/annapisze.art\/?p=6294\">Czytaj dalej <span class=\"meta-nav\">&rarr;<\/span><\/a><\/p>\n","protected":false},"author":1,"featured_media":0,"comment_status":"open","ping_status":"open","sticky":false,"template":"","format":"standard","meta":{"footnotes":""},"categories":[8,13],"tags":[],"class_list":["post-6294","post","type-post","status-publish","format-standard","hentry","category-mysle-sobie","category-wierszydelka"],"_links":{"self":[{"href":"https:\/\/annapisze.art\/index.php?rest_route=\/wp\/v2\/posts\/6294","targetHints":{"allow":["GET"]}}],"collection":[{"href":"https:\/\/annapisze.art\/index.php?rest_route=\/wp\/v2\/posts"}],"about":[{"href":"https:\/\/annapisze.art\/index.php?rest_route=\/wp\/v2\/types\/post"}],"author":[{"embeddable":true,"href":"https:\/\/annapisze.art\/index.php?rest_route=\/wp\/v2\/users\/1"}],"replies":[{"embeddable":true,"href":"https:\/\/annapisze.art\/index.php?rest_route=%2Fwp%2Fv2%2Fcomments&post=6294"}],"version-history":[{"count":5,"href":"https:\/\/annapisze.art\/index.php?rest_route=\/wp\/v2\/posts\/6294\/revisions"}],"predecessor-version":[{"id":6305,"href":"https:\/\/annapisze.art\/index.php?rest_route=\/wp\/v2\/posts\/6294\/revisions\/6305"}],"wp:attachment":[{"href":"https:\/\/annapisze.art\/index.php?rest_route=%2Fwp%2Fv2%2Fmedia&parent=6294"}],"wp:term":[{"taxonomy":"category","embeddable":true,"href":"https:\/\/annapisze.art\/index.php?rest_route=%2Fwp%2Fv2%2Fcategories&post=6294"},{"taxonomy":"post_tag","embeddable":true,"href":"https:\/\/annapisze.art\/index.php?rest_route=%2Fwp%2Fv2%2Ftags&post=6294"}],"curies":[{"name":"wp","href":"https:\/\/api.w.org\/{rel}","templated":true}]}}