{"id":6129,"date":"2023-01-13T23:04:35","date_gmt":"2023-01-13T22:04:35","guid":{"rendered":"http:\/\/annapisze.art\/?p=6129"},"modified":"2023-01-13T23:06:39","modified_gmt":"2023-01-13T22:06:39","slug":"13-stycznia-i-piatek-%f0%9f%8d%80%f0%9f%8c%9e","status":"publish","type":"post","link":"https:\/\/annapisze.art\/?p=6129","title":{"rendered":"13 stycznia i pi\u0105tek &#x1f340;&#x1f31e;"},"content":{"rendered":"<p>Gwiazdka przynios\u0142a mi najnowsz\u0105 ksi\u0105\u017ck\u0119 Luci. To nie pierwsze jej dzie\u0142o, kt\u00f3re mia\u0142am w r\u0119kach. Przys\u0142a\u0142a mi wcze\u015bniejsze, czyta\u0142am najpierw w telefonie co \u0142atwe nie by\u0142o, wr\u0119cz m\u0119cz\u0105ce ze wzgl\u0119du na \u015blepia moje s\u0142abuj\u0105ce &#x1f60a; ale czyta\u0142am, bo oderwa\u0107 si\u0119 by\u0142o trudno. Tym bardziej, \u017ce wspomnienia zahacza\u0142y r\u00f3wnie\u017c o moj\u0105 rzeczywisto\u015b\u0107 i siostry posta\u0107 stan\u0119\u0142a \u00a0przede mn\u0105 &#x1f497; tak\u017ce moda kt\u00f3r\u0105 pami\u0119tam, szko\u0142a jak\u0105 moja Lucy ko\u0144czy\u0142a czyli siedem klas podstaw\u00f3wki a w liceum matura w XI klasie (chyba), ja ju\u017c o\u015bmioklasow\u0105 podstaw\u00f3wk\u0119 zaliczy\u0142am, mia\u0142am przed oczami nasze mieszkanie w Opolu, mas\u0119 r\u00f3\u017cnych sytuacji\u2026 \u2013 mn\u00f3stwo moich wspomnie\u0144 przywo\u0142a\u0142y wspomnienia Luci. \u00a0\u00a0Potem Du\u017cy przyni\u00f3s\u0142 mi tablet i robi\u0105c hokus-pokus jako\u015b tam Luci dzie\u0142a przeni\u00f3s\u0142 i mog\u0142am przeczyta\u0107 po raz kolejny, tym razem o wiele \u0142atwiej, wr\u0119cz w luksusowych warunkach. I mog\u0142am si\u0119 spokojnie delektowa\u0107 opisami pi\u0119knej Italii, a opisy to ja lubi\u0119 &#x1f600; I jeszcze mog\u0142am towarzyszy\u0107 Luci w codziennej (\u00f3wczesnej) trudnej, ci\u0119\u017ckiej pracy bandante, czyli opiekunki starego, chorego cz\u0142owieka doskonale si\u0119 wczuwaj\u0105c tym bardziej, \u017ce sama mam na co dzie\u0144 w domu osob\u0119 chor\u0105 na Alzheimera. Przejmuj\u0105ce by\u0142y dla mnie sceny po\u017cegnania odchodz\u0105cych podopiecznych. My\u015bla\u0142am o tym jak w czasie covidu takie \u201epo\u017cegnania bez po\u017cegnania\u201d musia\u0142y by\u0107 w Italii jeszcze bardziej trudne\u2026 Przenosi\u0142am si\u0119 z Luci\u0105 w r\u00f3\u017cne miejsca m.in. do Ancarano,\u00a0 Patrignone, Offidy, Loreto, Montalto i oczywi\u015bcie teraz Ascoli &#x1f60a;<\/p>\n<p><img loading=\"lazy\" decoding=\"async\" class=\"size-medium wp-image-6136 aligncenter\" src=\"https:\/\/annapisze.art\/wp-content\/uploads\/2023\/01\/IMG_20230110_225421-188x300.jpg\" alt=\"\" width=\"188\" height=\"300\" srcset=\"https:\/\/annapisze.art\/wp-content\/uploads\/2023\/01\/IMG_20230110_225421-188x300.jpg 188w, https:\/\/annapisze.art\/wp-content\/uploads\/2023\/01\/IMG_20230110_225421.jpg 411w\" sizes=\"auto, (max-width: 188px) 100vw, 188px\" \/><\/p>\n<p>\u201ePolskie smaki i w\u0142oskie przysmaki\u201d to &#8211; jak sam tytu\u0142 wskazuje \u2013 Luci przepisy sprawdzone, wypr\u00f3bowane oraz okraszaj\u0105ce je r\u00f3\u017cne dykteryjki i przypad\u0142o\u015bci z owymi przepisami zwi\u0105zane. Ja wypr\u00f3bowa\u0142am i po wielokro\u0107 powtarza\u0142am pieczenie \u201ejednojajkowca\u201d, kt\u00f3ry MS wyj\u0105tkowo przypad\u0142 do gustu (jest na str.94). Nabra\u0142am ogromnej ochoty na Luci kapust\u0119 z grzybami, takiego sposobu jeszcze nie zna\u0142am i na pewno zrobi\u0119. Innych pyszno\u015bci jest sporo i skorzystam, cho\u0107 mi\u0119sa nie jem to i tak mam w czym wybiera\u0107 &#x1f95e;&#x1f950;&#x1f957;&#x1f95f;&#x1f35c;&#x1f35d;&#x1f958;&#x1f96e;&#x1f36a;&#x1f382;&#x1f967;\u00a0 &#8211; &#x1f600;&#x1f600; wystarczy, mo\u017cna p\u0119kn\u0105\u0107 z przejedzenia od samego patrzenia &#x1f601;<\/p>\n<p><a href=\"https:\/\/pozagranicamipolskialenietylko.home.blog\/\">https:\/\/pozagranicamipolskialenietylko.home.blog\/<\/a><\/p>\n<p>Calineczka mi powiedzia\u0142a &#8222;nie namawiaj mnie do jedzenia, ju\u017c mam od tego namawiania pe\u0142ny brzuch&#8221; &#x1f601;&#x1f601;&#x1f601;<\/p>\n<p><img loading=\"lazy\" decoding=\"async\" class=\"size-medium wp-image-6131 aligncenter\" src=\"https:\/\/annapisze.art\/wp-content\/uploads\/2023\/01\/IMG20230106182615-1-225x300.jpg\" alt=\"\" width=\"225\" height=\"300\" srcset=\"https:\/\/annapisze.art\/wp-content\/uploads\/2023\/01\/IMG20230106182615-1-225x300.jpg 225w, https:\/\/annapisze.art\/wp-content\/uploads\/2023\/01\/IMG20230106182615-1.jpg 493w\" sizes=\"auto, (max-width: 225px) 100vw, 225px\" \/><\/p>\n<p><img loading=\"lazy\" decoding=\"async\" class=\"alignnone size-medium wp-image-6133\" src=\"https:\/\/annapisze.art\/wp-content\/uploads\/2023\/01\/IMG20230106174921-225x300.jpg\" alt=\"\" width=\"225\" height=\"300\" srcset=\"https:\/\/annapisze.art\/wp-content\/uploads\/2023\/01\/IMG20230106174921-225x300.jpg 225w, https:\/\/annapisze.art\/wp-content\/uploads\/2023\/01\/IMG20230106174921.jpg 493w\" sizes=\"auto, (max-width: 225px) 100vw, 225px\" \/>\u00a0 \u00a0 \u00a0 \u00a0 \u00a0 \u00a0 \u00a0 \u00a0 \u00a0 \u00a0 \u00a0 \u00a0 \u00a0 \u00a0 \u00a0 \u00a0 \u00a0 \u00a0 \u00a0 \u00a0 \u00a0 \u00a0 <img loading=\"lazy\" decoding=\"async\" class=\"size-medium wp-image-6134 alignright\" src=\"https:\/\/annapisze.art\/wp-content\/uploads\/2023\/01\/IMG20230106174800-225x300.jpg\" alt=\"\" width=\"225\" height=\"300\" srcset=\"https:\/\/annapisze.art\/wp-content\/uploads\/2023\/01\/IMG20230106174800-225x300.jpg 225w, https:\/\/annapisze.art\/wp-content\/uploads\/2023\/01\/IMG20230106174800.jpg 493w\" sizes=\"auto, (max-width: 225px) 100vw, 225px\" \/><\/p>\n<p>U g\u00f3ry jab\u0142uszka w cie\u015bcie francuskim, na dole jest to samo tylko inaczej o\u015bwietlone i u\u0142o\u017cone. Mia\u0142a by\u0107 choinka makowa &#x1f600; Z wyci\u0119tych kawa\u0142k\u00f3w wysz\u0142y dodatkowo cztery ciasteczka z marmolad\u0105, kt\u00f3re na fot. po prawej stworzy\u0142y potwora z oczami &#x1f600;<\/p>\n<p>Nastawi\u0142am buraki na kolejny zakwas, ko\u0144czymy pierwsz\u0105 porcj\u0119. B\u0119d\u0119 si\u0119 stara\u0142a mie\u0107 go ca\u0142y czas &#8222;dla zdrowotno\u015bci&#8221; przecie\u017c, \u017ceby oby\u0142o si\u0119 bez lekarzy. Podziel\u0119 si\u0119 z Wami ostatnim prze\u017cyciem. Ot\u00f3\u017c w \u015brod\u0119 wieczorem z\u0142apa\u0142 mnie katar, taki regularny, wodnisty, nieprzerwanie m\u0119cz\u0105cy. O nie! &#8211; powiedzia\u0142am katarowi i \u0142ykn\u0119\u0142am rutinoscorbinu 6 tabletek (zawsze tak robi\u0119 odk\u0105d pami\u0119tam), zrobi\u0142am gor\u0105c\u0105 k\u0105piel i uda\u0142am si\u0119 do sypialni. Spojrza\u0142am co na katar radzi Kasia Go\u0142\u0119biewska na YT (refleksolo\u017cka) i wykona\u0142am. Przele\u017ca\u0142am ca\u0142y czwartek, pod wiecz\u00f3r dopad\u0142 mnie b\u00f3l g\u0142owy, rano si\u0119 zwi\u0119kszy\u0142 jeszcze wi\u0119c znowu zajrza\u0142am po porad\u0119 i pos\u0142usznie wykona\u0142am zalecenie. Potem zrobi\u0142am kaw\u0119 (w czwartek nic nie jad\u0142am, pi\u0142am du\u017co wody) i b\u00f3l znikn\u0105\u0142. Mo\u017ce po kawie, mo\u017ce nie &#x1f600;, wa\u017cne, \u017ce nie wr\u00f3ci\u0142 &#x1f600;\u00a0 <a href=\"https:\/\/www.youtube.com\/watch?v=yUdwMj_QVmY&amp;t=7s\">(51) Jak z\u0142agodzi\u0107 b\u00f3le g\u0142owy i migreny? &#8211; YouTube\u00a0<\/a><\/p>\n<p style=\"text-align: center;\">Wiecie co? Mam wra\u017cenie, \u017ce w tym ca\u0142ym zalewie otaczaj\u0105cej negatywno\u015bci fakt, \u017ce na tym naszym blogowisku mo\u017cemy si\u0119 dzieli\u0107 czym\u015b dobrym, pomaga\u0107 sobie wzajemnie cho\u0107by przez takie &#8211; zdawa\u0142oby si\u0119 drobiazgi jak dzielenie si\u0119 do\u015bwiadczeniem, prze\u017cyciami,\u00a0 porady &#8211; jest wspania\u0142y &#x1f497; Dzi\u0119kuj\u0119 za Wasze odwiedziny i pozostawione s\u0142owa &#x1f490; Dobrego tygodnia &#x1f340;&#x1f497;&#x1f340;<\/p>\n<p style=\"text-align: center;\">&#x1f499;&#x1f49b;<\/p>\n<div class=\"fcbkbttn_buttons_block\" id=\"fcbkbttn_middle\"><div class=\"fcbkbttn_like \"><fb:like href=\"https:\/\/annapisze.art\/?p=6129\" action=\"like\" colorscheme=\"light\" layout=\"box_count\"  size=\"small\"><\/fb:like><\/div><div class=\"fb-share-button  \" data-href=\"https:\/\/annapisze.art\/?p=6129\" data-type=\"button_count\" data-size=\"small\"><\/div><\/div>","protected":false},"excerpt":{"rendered":"<p>Gwiazdka przynios\u0142a mi najnowsz\u0105 ksi\u0105\u017ck\u0119 Luci. To nie pierwsze jej dzie\u0142o, kt\u00f3re mia\u0142am w r\u0119kach. Przys\u0142a\u0142a mi wcze\u015bniejsze, czyta\u0142am najpierw w telefonie co \u0142atwe nie by\u0142o, wr\u0119cz m\u0119cz\u0105ce ze wzgl\u0119du na \u015blepia moje s\u0142abuj\u0105ce &#x1f60a; ale czyta\u0142am, bo oderwa\u0107 si\u0119 &hellip; <a href=\"https:\/\/annapisze.art\/?p=6129\">Czytaj dalej <span class=\"meta-nav\">&rarr;<\/span><\/a><\/p>\n","protected":false},"author":1,"featured_media":0,"comment_status":"open","ping_status":"open","sticky":false,"template":"","format":"standard","meta":{"footnotes":""},"categories":[22,8],"tags":[],"class_list":["post-6129","post","type-post","status-publish","format-standard","hentry","category-kuchennie-i-smacznie","category-mysle-sobie"],"_links":{"self":[{"href":"https:\/\/annapisze.art\/index.php?rest_route=\/wp\/v2\/posts\/6129","targetHints":{"allow":["GET"]}}],"collection":[{"href":"https:\/\/annapisze.art\/index.php?rest_route=\/wp\/v2\/posts"}],"about":[{"href":"https:\/\/annapisze.art\/index.php?rest_route=\/wp\/v2\/types\/post"}],"author":[{"embeddable":true,"href":"https:\/\/annapisze.art\/index.php?rest_route=\/wp\/v2\/users\/1"}],"replies":[{"embeddable":true,"href":"https:\/\/annapisze.art\/index.php?rest_route=%2Fwp%2Fv2%2Fcomments&post=6129"}],"version-history":[{"count":3,"href":"https:\/\/annapisze.art\/index.php?rest_route=\/wp\/v2\/posts\/6129\/revisions"}],"predecessor-version":[{"id":6138,"href":"https:\/\/annapisze.art\/index.php?rest_route=\/wp\/v2\/posts\/6129\/revisions\/6138"}],"wp:attachment":[{"href":"https:\/\/annapisze.art\/index.php?rest_route=%2Fwp%2Fv2%2Fmedia&parent=6129"}],"wp:term":[{"taxonomy":"category","embeddable":true,"href":"https:\/\/annapisze.art\/index.php?rest_route=%2Fwp%2Fv2%2Fcategories&post=6129"},{"taxonomy":"post_tag","embeddable":true,"href":"https:\/\/annapisze.art\/index.php?rest_route=%2Fwp%2Fv2%2Ftags&post=6129"}],"curies":[{"name":"wp","href":"https:\/\/api.w.org\/{rel}","templated":true}]}}