{"id":6073,"date":"2022-12-03T09:53:35","date_gmt":"2022-12-03T08:53:35","guid":{"rendered":"http:\/\/annapisze.art\/?p=6073"},"modified":"2022-12-03T09:53:35","modified_gmt":"2022-12-03T08:53:35","slug":"juz-grudzien-2o22","status":"publish","type":"post","link":"https:\/\/annapisze.art\/?p=6073","title":{"rendered":"Ju\u017c grudzie\u0144 2o22"},"content":{"rendered":"<p>Ostatni miesi\u0105c roku, nie wiem kiedy to zlecia\u0142o, dopiero si\u0119 przecie\u017c 2022 rozpocz\u0105\u0142, mia\u0142am nadziej\u0119, \u017ce b\u0119dzie dobry, spokojny&#8230; c\u00f3\u017c, nadzieja podobno matk\u0105 g\u0142upich&#8230; ale wol\u0119 by\u0107 g\u0142upia ni\u017c pozbawiona nadziei. Howgh! Dzie\u0144 kr\u00f3tki, s\u0142onko p\u00f3\u017ano wstaje i wcze\u015bnie chodzi spa\u0107, najch\u0119tniej robi\u0142abym to samo. Nie da si\u0119 jednak, wi\u0119c kawusi\u0119 z go\u017adzikami wypi\u0142am, pras\u00f3wk\u0119 w necie ju\u017c zrobi\u0142am nie zag\u0142\u0119biaj\u0105c si\u0119 w nocne rz\u0105dzicieli poczynania, szkoda na to zdrowia. Ten sejm powinien w przysz\u0142o\u015bci nazywa\u0107 si\u0119 &#8222;nocnym&#8221;. Po chaosie musi nast\u0105pi\u0107 porz\u0105dek, takie s\u0105 prawa Wszech\u015bwiata, tylko szkoda, \u017ce mierzenie czasu jest inne dla nas, ludzkich istot i dla Wszech\u015bwiata w\u0142a\u015bnie.\u00a0 C\u00f3\u017c, czekamy z nadziej\u0105 na szybkie sprz\u0105tanie&#8230; Za sprz\u0105tanie papier\u00f3w ci\u0105g dalszy si\u0119 zabra\u0142am. Ci\u0119\u017cko, oj ci\u0119\u017cko idzie, co papierek to czytanie i trudna decyzja: przyda si\u0119 czy nie przyda, wykorzysta\u0107 czy wyrzuci\u0107, tyle lat np. gazeta le\u017ca\u0142a i wyrzuci\u0107 szkoda&#8230; oj, chomiki to maj\u0105 ci\u0119\u017ckie \u017cycie &#x1f62c;<\/p>\n<p>Drugi raz wysz\u0142y mi genialne <strong>kotlety vege<\/strong>. Naprawd\u0119 pyszne, nie tylko dobre i zjadliwe ale po prostu pyszne, w co samej mi trudno uwierzy\u0107. Jednak najprostsze jest najlepsze, to\u00a0 absolutna prawda. Ot\u00f3\u017c uczyni\u0142am co nast\u0119puje &#x1f600; Ugotowa\u0142am szklank\u0119 <strong>kaszy<\/strong> <strong>j\u0119czmiennej<\/strong> w dw\u00f3ch szklankach wody z dodatkiem vegety Natur (kupi\u0142am w Szczawnicy w Delikatesach) i \u0142y\u017cki oliwy. I tak sobie styg\u0142a, do jeszcze\u00a0 ciep\u0142ej wrzuci\u0142am gar\u015b\u0107 siemienia lnianego w ziarenkach. W tym czasie usma\u017cy\u0142am cebulk\u0119 (wzi\u0119\u0142am trzy), dosypa\u0142am do kaszy pieprz, lubczyk, troch\u0119 czarnuszki, wgniot\u0142am czosnku 2 z\u0105bki, \u0142y\u017ck\u0119 m\u0105ki kukurydzianej, \u0142y\u017ck\u0119 owsianej, wymiesza\u0142am wszystko z podsma\u017con\u0105 cebulk\u0105. Pokroi\u0142am w kostk\u0119 du\u017c\u0105 czerwon\u0105 cebul\u0119, wmiesza\u0142am j\u0105 w reszt\u0119 masy i schowa\u0142am do lod\u00f3wki (zimn\u0105 ju\u017c) na nast\u0119pny dzie\u0144, bo nie mia\u0142am pieczarek.\u00a0 Rano MS poszed\u0142 do sklepu, pieczarki przyni\u00f3s\u0142, pokroi\u0142am je w miar\u0119 drobno i przesma\u017cy\u0142am na ma\u015ble klarowanym. Wymiesza\u0142am z mas\u0105 z lod\u00f3wki plus jajko i tarta bu\u0142ka (tyle, \u017ceby konsystencja by\u0142a odpowiednia i da\u0142o si\u0119 ulepi\u0107 kotlety), i usma\u017cy\u0142am jak normalne mielone. Uwierzcie, \u017ce wysz\u0142y nieziemsko smaczne! W \u017cyciu bym nie przypuszcza\u0142a, \u017ce kasz\u0119 da si\u0119 zje\u015b\u0107 z tak\u0105 przyjemno\u015bci\u0105 &#x1f604; Mo\u017cliwe, \u017ce przez noc w lod\u00f3wce smaki si\u0119 przegryz\u0142y st\u0105d rezultat, na pewno du\u017ca ilo\u015b\u0107 usma\u017conej cebulki smak podbi\u0142a no i oczywi\u015bcie \u015bwie\u017co przygotowane pieczarki. Mog\u0119 poleci\u0107 z czystym sumieniem, ja &#8211; czyli ta co nie znosi\u0142a \u017cadnych kasz przez swoje ca\u0142e \u017cycie &#x1f604; Podczas sma\u017cenia takie apetyczne zapachy si\u0119 rozchodzi\u0142y, \u017ce babcia D. przysz\u0142a spyta\u0107 co tak \u0142adnie pachnie i zjad\u0142a trzy z patelni, m\u00f3wi\u0105c, \u017ce przepyszne \ud83d\ude42 Nie zdradzi\u0142am, \u017ce s\u0105 bezmi\u0119sne tylko z kaszy, bo nie zjad\u0142aby, nawet by nie spr\u00f3bowa\u0142a \ud83d\ude42<\/p>\n<p>Inne odkrycie to podstawa<strong> kotlet\u00f3w z uduszonej utartej marchewki<\/strong> z selerem i cebulk\u0105 oczywi\u015bcie &#x1f642; z dodatkiem r\u00f3\u017cno\u015bci: m\u0105ki pe\u0142noziarnistej, bu\u0142ki tartej, siemienia, jajka i mn\u00f3stwa przypraw &#8211; jakich to ju\u017c dok\u0142adnie nie pami\u0119tam, ka\u017cdy wg w\u0142asnego upodobania musi sobie doprawia\u0107. Oba rodzaje kotlet\u00f3w s\u0105 te\u017c\u00a0 dobre na zimno do zjedzenia z chlebem na \u015bniadanie czy kolacj\u0119.\u00a0 MS &#8222;wsuwa&#8221; na kolacj\u0119, ja mog\u0119 rano i wieczorem.\u00a0 No, to si\u0119 pochwali\u0142am \ud83d\ude42<\/p>\n<div id=\"attachment_6080\" style=\"width: 310px\" class=\"wp-caption aligncenter\"><img loading=\"lazy\" decoding=\"async\" aria-describedby=\"caption-attachment-6080\" class=\"wp-image-6080 size-medium\" src=\"https:\/\/annapisze.art\/wp-content\/uploads\/2022\/12\/IMG20221028121115-300x225.jpg\" alt=\"\" width=\"300\" height=\"225\" srcset=\"https:\/\/annapisze.art\/wp-content\/uploads\/2022\/12\/IMG20221028121115-300x225.jpg 300w, https:\/\/annapisze.art\/wp-content\/uploads\/2022\/12\/IMG20221028121115.jpg 803w\" sizes=\"auto, (max-width: 300px) 100vw, 300px\" \/><p id=\"caption-attachment-6080\" class=\"wp-caption-text\">&#8230; marchewkowo selerowe, chyba, ju\u017c mi si\u0119 pomiesza\u0142o, kotlety wszystkie wygl\u0105daj\u0105 tak samo po usma\u017ceniu, a szczeg\u00f3lnie na zdj\u0119ciach &#8230;<\/p><\/div>\n<p>Skuszona <strong>ziemniaczanym gulaszem<\/strong> od Lucy zrobi\u0142am go (znaczy gulasz) &#8211; <a href=\"http:\/\/welniscie.blogspot.com\/2022\/11\/gulasz-bezmiesny-dla-anki-i-nie-tylko.html\">http:\/\/welniscie.blogspot.com\/2022\/11\/gulasz-bezmiesny-dla-anki-i-nie-tylko.html<\/a><\/p>\n<p><img loading=\"lazy\" decoding=\"async\" class=\"alignnone size-medium wp-image-6076\" src=\"https:\/\/annapisze.art\/wp-content\/uploads\/2022\/12\/20221120_133245-225x300.jpg\" alt=\"\" width=\"225\" height=\"300\" srcset=\"https:\/\/annapisze.art\/wp-content\/uploads\/2022\/12\/20221120_133245-225x300.jpg 225w, https:\/\/annapisze.art\/wp-content\/uploads\/2022\/12\/20221120_133245.jpg 452w\" sizes=\"auto, (max-width: 225px) 100vw, 225px\" \/>\u00a0 \u00a0 <img loading=\"lazy\" decoding=\"async\" class=\"alignnone size-medium wp-image-6077\" src=\"https:\/\/annapisze.art\/wp-content\/uploads\/2022\/12\/20221120_134842-300x225.jpg\" alt=\"\" width=\"300\" height=\"225\" srcset=\"https:\/\/annapisze.art\/wp-content\/uploads\/2022\/12\/20221120_134842-300x225.jpg 300w, https:\/\/annapisze.art\/wp-content\/uploads\/2022\/12\/20221120_134842.jpg 803w\" sizes=\"auto, (max-width: 300px) 100vw, 300px\" \/><\/p>\n<p>Gulasz ziemniaczany na patelni podczas przygotowa\u0144 i na talerzu w kszta\u0142cie ostatecznym. Mnie smakowa\u0142, bo kocham ziemniaki w ka\u017cdej postaci. MS i babcia D. zjedli\u00a0 (nie mieli wyj\u015bcia) bez zachwytu &#x1f60f;<\/p>\n<div id=\"attachment_6078\" style=\"width: 310px\" class=\"wp-caption aligncenter\"><img loading=\"lazy\" decoding=\"async\" aria-describedby=\"caption-attachment-6078\" class=\"wp-image-6078 size-medium\" src=\"https:\/\/annapisze.art\/wp-content\/uploads\/2022\/12\/20221120_165944-300x225.jpg\" alt=\"\" width=\"300\" height=\"225\" srcset=\"https:\/\/annapisze.art\/wp-content\/uploads\/2022\/12\/20221120_165944-300x225.jpg 300w, https:\/\/annapisze.art\/wp-content\/uploads\/2022\/12\/20221120_165944.jpg 803w\" sizes=\"auto, (max-width: 300px) 100vw, 300px\" \/><p id=\"caption-attachment-6078\" class=\"wp-caption-text\">&#8230; to by\u0142o<strong> ciasto francuskie<\/strong> z uduszonymi jab\u0142kami &#8230;<\/p><\/div>\n<div id=\"attachment_6075\" style=\"width: 310px\" class=\"wp-caption aligncenter\"><img loading=\"lazy\" decoding=\"async\" aria-describedby=\"caption-attachment-6075\" class=\"wp-image-6075 size-medium\" src=\"https:\/\/annapisze.art\/wp-content\/uploads\/2022\/12\/20221117_133908_2-300x265.jpg\" alt=\"\" width=\"300\" height=\"265\" srcset=\"https:\/\/annapisze.art\/wp-content\/uploads\/2022\/12\/20221117_133908_2-300x265.jpg 300w, https:\/\/annapisze.art\/wp-content\/uploads\/2022\/12\/20221117_133908_2.jpg 681w\" sizes=\"auto, (max-width: 300px) 100vw, 300px\" \/><p id=\"caption-attachment-6075\" class=\"wp-caption-text\">&#8230; bardzo smaczne<strong> placki z jab\u0142kam<\/strong>i na ma\u015blance biedronkowej &#8230;<\/p><\/div>\n<p>Wsta\u0142am gdy jeszcze by\u0142o ca\u0142kiem ciemno. Psiepsio\u0142y nie pali\u0142y si\u0119 do wyj\u015bcia (Skitek ok. drugiej w nocy za\u017c\u0105da\u0142 wypuszczenia), Franek poprzytula\u0142 si\u0119 &#8211; dzisiejsz\u0105 nock\u0119 sp\u0119dzi\u0142 u nas &#8211; i wyszed\u0142 na zewn\u0105trz, ale szybko wr\u00f3ci\u0142 bo zimno, ujemna temperatura. Poczeka\u0142am a\u017c si\u0119 zrobi jasno w\u0142\u0105czywszy Lapka, zrobi\u0142am przerw\u0119 na wyj\u015bcie z nimi po si\u00f3dmej, da\u0142am im \u015bniadanie i wr\u00f3ci\u0142am tu, p\u00f3ki jeszcze mam chwil\u0119. Potem do Biedronki polec\u0119, dzi\u015b ostatnia sobota na wykorzystanie &#8222;zakupowych oszcz\u0119dno\u015bci&#8221; na karcie wi\u0119c nie popuszcz\u0119, w ko\u0144cu w emeryckim portfelu ka\u017cdy grosz si\u0119 liczy. \u015anieg zacz\u0105\u0142 sypa\u0107, mam pretekst, \u017ceby nie my\u0107 okien cho\u0107 naprawd\u0119 mia\u0142am szczery zamiar, nawet firanki wyj\u0119\u0142am na zmian\u0119, naprawd\u0119 &#8222;jak bonie dydy&#8221; &#x1f604;<\/p>\n<div id=\"attachment_6081\" style=\"width: 410px\" class=\"wp-caption aligncenter\"><img loading=\"lazy\" decoding=\"async\" aria-describedby=\"caption-attachment-6081\" class=\"wp-image-6081\" src=\"https:\/\/annapisze.art\/wp-content\/uploads\/2022\/12\/IMG20221203091817-2-300x211.jpg\" alt=\"\" width=\"400\" height=\"281\" srcset=\"https:\/\/annapisze.art\/wp-content\/uploads\/2022\/12\/IMG20221203091817-2-300x211.jpg 300w, https:\/\/annapisze.art\/wp-content\/uploads\/2022\/12\/IMG20221203091817-2.jpg 713w\" sizes=\"auto, (max-width: 400px) 100vw, 400px\" \/><p id=\"caption-attachment-6081\" class=\"wp-caption-text\">&#8230; Franu\u015b pozdrawia \ud83d\ude42 nad okiem naj\u015bwie\u017csza blizna ze starcia zapewne z Puchatym &#8230;<\/p><\/div>\n<p>Rozpocz\u0119\u0142y\u015bcie ju\u017c jakie\u015b konszachty z Miko\u0142ajem i Gwiazdk\u0105? Bo my tak, nawet MS siedzia\u0142 wczoraj\u00a0 w necie szukaj\u0105c tego, co wymy\u015bli\u0142 dla Wery \ud83d\ude42 A ja ju\u017c by\u0142am w Kik-u, lubi\u0119 tam sobie p\u00f3j\u015b\u0107 w ramach rozrywki poogl\u0105da\u0107 r\u00f3\u017cne cude\u0144ka na wszystkie okazje, teraz jest masa \u015bwi\u0105tecznych. Bo \u015bwi\u0119ta b\u0119d\u0105 bez wzgl\u0119du na wszystko inne i dzieci powinny mie\u0107 rado\u015b\u0107 w zwi\u0105zku z tym, pami\u0119ta si\u0119 o tym przez ca\u0142e\u00a0 \u017cycie i niech to b\u0119d\u0105 dobre wspomnienia &#x2744;&#x1f385;&#x1f936;&#x2744;<\/p>\n<p style=\"text-align: center;\">Samych dobrych dni, spokoju, zdrowia i bezpiecze\u0144stwa \u017cycz\u0119 dzi\u0119kuj\u0105c za odwiedziny &#x1f33a;&#x1f497;&#x1f33a;<\/p>\n<p style=\"text-align: center;\">&#x1f499;&#x1f49b;<\/p>\n<p style=\"text-align: center;\">\n<div class=\"fcbkbttn_buttons_block\" id=\"fcbkbttn_middle\"><div class=\"fcbkbttn_like \"><fb:like href=\"https:\/\/annapisze.art\/?p=6073\" action=\"like\" colorscheme=\"light\" layout=\"box_count\"  size=\"small\"><\/fb:like><\/div><div class=\"fb-share-button  \" data-href=\"https:\/\/annapisze.art\/?p=6073\" data-type=\"button_count\" data-size=\"small\"><\/div><\/div>","protected":false},"excerpt":{"rendered":"<p>Ostatni miesi\u0105c roku, nie wiem kiedy to zlecia\u0142o, dopiero si\u0119 przecie\u017c 2022 rozpocz\u0105\u0142, mia\u0142am nadziej\u0119, \u017ce b\u0119dzie dobry, spokojny&#8230; c\u00f3\u017c, nadzieja podobno matk\u0105 g\u0142upich&#8230; ale wol\u0119 by\u0107 g\u0142upia ni\u017c pozbawiona nadziei. Howgh! Dzie\u0144 kr\u00f3tki, s\u0142onko p\u00f3\u017ano wstaje i wcze\u015bnie chodzi &hellip; <a href=\"https:\/\/annapisze.art\/?p=6073\">Czytaj dalej <span class=\"meta-nav\">&rarr;<\/span><\/a><\/p>\n","protected":false},"author":1,"featured_media":0,"comment_status":"open","ping_status":"open","sticky":false,"template":"","format":"standard","meta":{"footnotes":""},"categories":[22,8],"tags":[],"class_list":["post-6073","post","type-post","status-publish","format-standard","hentry","category-kuchennie-i-smacznie","category-mysle-sobie"],"_links":{"self":[{"href":"https:\/\/annapisze.art\/index.php?rest_route=\/wp\/v2\/posts\/6073","targetHints":{"allow":["GET"]}}],"collection":[{"href":"https:\/\/annapisze.art\/index.php?rest_route=\/wp\/v2\/posts"}],"about":[{"href":"https:\/\/annapisze.art\/index.php?rest_route=\/wp\/v2\/types\/post"}],"author":[{"embeddable":true,"href":"https:\/\/annapisze.art\/index.php?rest_route=\/wp\/v2\/users\/1"}],"replies":[{"embeddable":true,"href":"https:\/\/annapisze.art\/index.php?rest_route=%2Fwp%2Fv2%2Fcomments&post=6073"}],"version-history":[{"count":4,"href":"https:\/\/annapisze.art\/index.php?rest_route=\/wp\/v2\/posts\/6073\/revisions"}],"predecessor-version":[{"id":6083,"href":"https:\/\/annapisze.art\/index.php?rest_route=\/wp\/v2\/posts\/6073\/revisions\/6083"}],"wp:attachment":[{"href":"https:\/\/annapisze.art\/index.php?rest_route=%2Fwp%2Fv2%2Fmedia&parent=6073"}],"wp:term":[{"taxonomy":"category","embeddable":true,"href":"https:\/\/annapisze.art\/index.php?rest_route=%2Fwp%2Fv2%2Fcategories&post=6073"},{"taxonomy":"post_tag","embeddable":true,"href":"https:\/\/annapisze.art\/index.php?rest_route=%2Fwp%2Fv2%2Ftags&post=6073"}],"curies":[{"name":"wp","href":"https:\/\/api.w.org\/{rel}","templated":true}]}}