{"id":5960,"date":"2022-10-07T18:47:59","date_gmt":"2022-10-07T16:47:59","guid":{"rendered":"http:\/\/annapisze.art\/?p=5960"},"modified":"2022-10-07T18:47:59","modified_gmt":"2022-10-07T16:47:59","slug":"wdzydze-kiszewskie-dawno-temu-%f0%9f%8d%93","status":"publish","type":"post","link":"https:\/\/annapisze.art\/?p=5960","title":{"rendered":"Wdzydze Kiszewskie dawno temu &#x1f353;"},"content":{"rendered":"<p>Kiedy byli\u015bmy we Wdzydzach &#8211; nie pami\u0119tam, zapisk\u00f3w \u017cadnych nie mam to i daty dok\u0142adnej nie znam. Z pewno\u015bci\u0105 jeszcze w wieku poprzednim to si\u0119 zdarzy\u0142o, pod koniec lat dziewi\u0119\u0107dziesi\u0105tych, przed pierwsz\u0105 Szczawnic\u0105. Mieli\u015bmy domek w o\u015brodku po\u0142o\u017conym w lesie, domek by\u0142 z werand\u0105, na kt\u00f3rej z przyjemno\u015bci\u0105 pili\u015bmy porann\u0105 kaw\u0119. Mo\u017cna by\u0142o wypo\u017cyczy\u0107 rowery i z tego korzystali\u015bmy. Pami\u0119tam pi\u0119kne jezioro, ryby jakie\u015b jedli\u015bmy (ale ja nie lubi\u0119 takich co maj\u0105 o\u015bci, wi\u0119c \u017cadna atrakcja dla mnie), odwiedzili\u015bmy skansen i takie mini zoo. Szczerze m\u00f3wi\u0105c &#8211; tylko dzi\u0119ki zdj\u0119ciom cokolwiek sobie przypomnia\u0142am. Nie wiem jak \u017cyli ludzie dop\u00f3ki nie wynaleziono fotografii. Na malowane portrety raczej ma\u0142o kogo by\u0142o sta\u0107 i chyba bardzo szybko zapominano jak wygl\u0105da\u0142y osoby, kt\u00f3re odesz\u0142y. Jak wygl\u0105da\u0142y miejsca zmienione przez r\u00f3\u017cne budowle, zalania czy inne zdarzenia. Na przyk\u0142ad gdyby nie utrwalono na zdj\u0119ciach wsi przed powstaniem zapory na Dunajcem (Jezioro Czorszty\u0144skie) nikt by nie wiedzia\u0142 jak wygl\u0105da\u0142y i jakie \u017cycie toczy\u0142o si\u0119 tam wcze\u015bniej. Trafi\u0142am na YT na filmik &#8211; <a href=\"https:\/\/www.youtube.com\/watch?v=Uan8c8QFt68\">https:\/\/www.youtube.com\/watch?v=Uan8c8QFt68<\/a>\u00a0 i st\u0105d takie skojarzenia. Tu akurat wie\u015b Stare Maniowy zosta\u0142a zatopiona. Wr\u00f3\u0107my do Wdzydz\u00f3w (Wdzydz?) zawsze mam problem z regionalnymi nazwami, do tej pory nie wiem jak si\u0119 odmienia Maniowy &#8211; w Maniowym, w Maniowych, w Maniowach? Kto\u015b mo\u017ce wie?\u00a0 W ka\u017cdym razie kawiarnia, albo restauracja (te\u017c nie pami\u0119tam) nazywa\u0142a si\u0119 &#8222;Wdzydzana&#8221; \ud83d\ude42<\/p>\n<p>Pami\u0119tam za to dobrze skansen, najstarszy skansen w Polsce, szczeg\u00f3lnie domki-chatki, kt\u00f3re\u00a0 zawsze budz\u0105 we mnie nostalgiczne uczucia, przypominaj\u0105 mi domek prababci Marianny i przywo\u0142uj\u0105 r\u00f3\u017cne wspomnienia&#8230; Skansen znajduje si\u0119 w miejscowo\u015bci\u00a0 Wdzydze Kiszewskie, teraz doczyta\u0142am, \u017ce ca\u0142o\u015b\u0107 nosi nazw\u0119 &#8211; Kaszubski Park Etnograficzny im. Teodory i Izydora Gulgowskich &#8211; i zosta\u0142 za\u0142o\u017cony w 1906 roku. Ma\u0142\u017conkowie zostali pochowani na wzg\u00f3rzu niedaleko swego domu na terenie Parku i to zapami\u0119ta\u0142am, ich mogi\u0142y r\u00f3wnie\u017c mam w oczach. Poniewa\u017c chcia\u0142am Wam przybli\u017cy\u0107 a sobie przypomnie\u0107 przy okazji, zajrza\u0142am na strony i proponuj\u0119 zerkn\u0105\u0107 tu &#8211; &#8211; <a href=\"https:\/\/polskazachwyca.pl\/ciekawostki\/wdzydze-kiszewskie-najstarszy-skansen-w-polsce\/\">https:\/\/polskazachwyca.pl\/ciekawostki\/wdzydze-kiszewskie-najstarszy-skansen-w-polsce\/<\/a><\/p>\n<p>Podczas pobytu na Kaszubach odwiedzili\u015bmy tak\u017ce kamienne kr\u0119gi w Odrach, nie mog\u0142am przepu\u015bci\u0107 takiej okazji b\u0119d\u0105c w pobli\u017cu. Specjalnych wra\u017ce\u0144 nie pami\u0119tam, widocznie jeszcze nie by\u0142am gotowa, zbyt ma\u0142o rozwini\u0119ta \ud83d\ude09 O kamiennych kr\u0119gach mo\u017cecie przeczyta\u0107 tu &#8211; <a href=\"https:\/\/www.busemprzezswiat.pl\/2016\/05\/rezerwat-kamienne-kregi-w-odrach\/\">https:\/\/www.busemprzezswiat.pl\/2016\/05\/rezerwat-kamienne-kregi-w-odrach\/<\/a><\/p>\n<div id=\"attachment_5963\" style=\"width: 460px\" class=\"wp-caption aligncenter\"><img loading=\"lazy\" decoding=\"async\" aria-describedby=\"caption-attachment-5963\" class=\"wp-image-5963\" src=\"https:\/\/annapisze.art\/wp-content\/uploads\/2022\/10\/IMG_20220807_132803-COLLAGE-300x300.jpg\" alt=\"\" width=\"450\" height=\"450\" srcset=\"https:\/\/annapisze.art\/wp-content\/uploads\/2022\/10\/IMG_20220807_132803-COLLAGE-300x300.jpg 300w, https:\/\/annapisze.art\/wp-content\/uploads\/2022\/10\/IMG_20220807_132803-COLLAGE.jpg 602w\" sizes=\"auto, (max-width: 450px) 100vw, 450px\" \/><p id=\"caption-attachment-5963\" class=\"wp-caption-text\">&#8230; baba nad jeziorem, na dole po lewej domek, w kt\u00f3rym mieszkali\u015bmy &#8230;<\/p><\/div>\n<div id=\"attachment_5964\" style=\"width: 460px\" class=\"wp-caption aligncenter\"><img loading=\"lazy\" decoding=\"async\" aria-describedby=\"caption-attachment-5964\" class=\"wp-image-5964\" src=\"https:\/\/annapisze.art\/wp-content\/uploads\/2022\/10\/IMG_20220807_132848-COLLAGE-300x300.jpg\" alt=\"\" width=\"450\" height=\"450\" srcset=\"https:\/\/annapisze.art\/wp-content\/uploads\/2022\/10\/IMG_20220807_132848-COLLAGE-300x300.jpg 300w, https:\/\/annapisze.art\/wp-content\/uploads\/2022\/10\/IMG_20220807_132848-COLLAGE.jpg 602w\" sizes=\"auto, (max-width: 450px) 100vw, 450px\" \/><p id=\"caption-attachment-5964\" class=\"wp-caption-text\">&#8230; pod g\u00f3rnym zdj\u0119ciem ze zwierzakami (po lewej) baba w Odrach pr\u00f3buje co\u015b poczu\u0107 mi\u0119dzy kamieniami \ud83d\ude42<\/p><\/div>\n<p>W ten spos\u00f3b wyczerpa\u0142am temat urlopowych wspomnie\u0144 przedszczawnicowych. Takich wa\u017cniejszych, bo z zamierzch\u0142ej przesz\u0142o\u015bci mo\u017ce mi jeszcze co\u015b w r\u0119ce wpadnie.<\/p>\n<p style=\"text-align: center;\">Dzi\u0119kuj\u0119 za odwiedziny i pozostawione s\u0142owa, pozdrawiam i \u017cycz\u0119 mi\u0142ego weekendu, ma by\u0107 ciep\u0142y, pi\u0119kny i s\u0142oneczny &#8211; czyli prawdziwa polska z\u0142ota jesie\u0144&#x1f341;&#x1f342;&#x1f343;<\/p>\n<p style=\"text-align: center;\">&#x1f499;&#x1f49b;<\/p>\n<p style=\"text-align: center;\">\n<div class=\"fcbkbttn_buttons_block\" id=\"fcbkbttn_middle\"><div class=\"fcbkbttn_like \"><fb:like href=\"https:\/\/annapisze.art\/?p=5960\" action=\"like\" colorscheme=\"light\" layout=\"box_count\"  size=\"small\"><\/fb:like><\/div><div class=\"fb-share-button  \" data-href=\"https:\/\/annapisze.art\/?p=5960\" data-type=\"button_count\" data-size=\"small\"><\/div><\/div>","protected":false},"excerpt":{"rendered":"<p>Kiedy byli\u015bmy we Wdzydzach &#8211; nie pami\u0119tam, zapisk\u00f3w \u017cadnych nie mam to i daty dok\u0142adnej nie znam. Z pewno\u015bci\u0105 jeszcze w wieku poprzednim to si\u0119 zdarzy\u0142o, pod koniec lat dziewi\u0119\u0107dziesi\u0105tych, przed pierwsz\u0105 Szczawnic\u0105. Mieli\u015bmy domek w o\u015brodku po\u0142o\u017conym w lesie, &hellip; <a href=\"https:\/\/annapisze.art\/?p=5960\">Czytaj dalej <span class=\"meta-nav\">&rarr;<\/span><\/a><\/p>\n","protected":false},"author":1,"featured_media":0,"comment_status":"open","ping_status":"open","sticky":false,"template":"","format":"standard","meta":{"footnotes":""},"categories":[8],"tags":[],"class_list":["post-5960","post","type-post","status-publish","format-standard","hentry","category-mysle-sobie"],"_links":{"self":[{"href":"https:\/\/annapisze.art\/index.php?rest_route=\/wp\/v2\/posts\/5960","targetHints":{"allow":["GET"]}}],"collection":[{"href":"https:\/\/annapisze.art\/index.php?rest_route=\/wp\/v2\/posts"}],"about":[{"href":"https:\/\/annapisze.art\/index.php?rest_route=\/wp\/v2\/types\/post"}],"author":[{"embeddable":true,"href":"https:\/\/annapisze.art\/index.php?rest_route=\/wp\/v2\/users\/1"}],"replies":[{"embeddable":true,"href":"https:\/\/annapisze.art\/index.php?rest_route=%2Fwp%2Fv2%2Fcomments&post=5960"}],"version-history":[{"count":3,"href":"https:\/\/annapisze.art\/index.php?rest_route=\/wp\/v2\/posts\/5960\/revisions"}],"predecessor-version":[{"id":5965,"href":"https:\/\/annapisze.art\/index.php?rest_route=\/wp\/v2\/posts\/5960\/revisions\/5965"}],"wp:attachment":[{"href":"https:\/\/annapisze.art\/index.php?rest_route=%2Fwp%2Fv2%2Fmedia&parent=5960"}],"wp:term":[{"taxonomy":"category","embeddable":true,"href":"https:\/\/annapisze.art\/index.php?rest_route=%2Fwp%2Fv2%2Fcategories&post=5960"},{"taxonomy":"post_tag","embeddable":true,"href":"https:\/\/annapisze.art\/index.php?rest_route=%2Fwp%2Fv2%2Ftags&post=5960"}],"curies":[{"name":"wp","href":"https:\/\/api.w.org\/{rel}","templated":true}]}}