{"id":5945,"date":"2022-10-01T09:01:25","date_gmt":"2022-10-01T07:01:25","guid":{"rendered":"http:\/\/annapisze.art\/?p=5945"},"modified":"2022-10-01T09:01:25","modified_gmt":"2022-10-01T07:01:25","slug":"juz-pazdziernik-%f0%9f%a6%9a","status":"publish","type":"post","link":"https:\/\/annapisze.art\/?p=5945","title":{"rendered":"Ju\u017c pa\u017adziernik &#x1f99a;"},"content":{"rendered":"<p>Wrzesie\u0144 min\u0105\u0142, kiedy? Ju\u017c nie ma si\u0119 co rozwodzi\u0107 nad szybko\u015bci\u0105 uciekaj\u0105cego czasu, lepiej si\u0119 zatrzyma\u0107 p\u00f3ki mo\u017cna i kiedy mo\u017cna, i dop\u00f3ki w og\u00f3le mo\u017cna&#8230; w tym p\u0119dzie codziennym, pod wp\u0142ywem bombarduj\u0105cych nas ze wszystkich stron katastroficznych wie\u015bci dotycz\u0105cych ka\u017cdej dziedziny \u017cycia. Na dodatek spojrza\u0142am nieopatrznie w lektury Werci i z przera\u017ceniem sobie przypomnia\u0142am &#8222;Inny \u015bwiat&#8221; i &#8222;Zd\u0105\u017cy\u0107 przed Panem Bogiem&#8221;, i te\u017c wspomnienia Zosi Tarkoci\u0144skiej o zsy\u0142ce, kt\u00f3re zawar\u0142a w ksi\u0105\u017cce &#8222;Ociosani&#8221;&#8230; a to wszystko jawi si\u0119 jako przera\u017caj\u0105ca mo\u017cliwo\u015b\u0107 powt\u00f3rki z historii. Zreszt\u0105 dla mieszka\u0144c\u00f3w Ukrainy ju\u017c sta\u0142a si\u0119 rzeczywisto\u015bci\u0105. O naszym w\u0142asnym podw\u00f3rku szkoda m\u00f3wi\u0107&#8230; \u017cal serce \u015bciska, \u017ce &#8222;Polak przed szkod\u0105 i po szkodzie g\u0142upi&#8221; przez ca\u0142e wieki &#8230;<\/p>\n<p>Jesie\u0144 nic sobie z ludzkich rozterek nie robi, w przerwach mi\u0119dzy deszczami pokazuje sw\u0105 urod\u0119 i na tym si\u0119 zatrzymam, to mog\u0119 zrobi\u0107.<\/p>\n<p><img loading=\"lazy\" decoding=\"async\" class=\" wp-image-5947 aligncenter\" src=\"https:\/\/annapisze.art\/wp-content\/uploads\/2022\/10\/IMG20220930073138_2-300x206.jpg\" alt=\"\" width=\"450\" height=\"309\" srcset=\"https:\/\/annapisze.art\/wp-content\/uploads\/2022\/10\/IMG20220930073138_2-300x206.jpg 300w, https:\/\/annapisze.art\/wp-content\/uploads\/2022\/10\/IMG20220930073138_2.jpg 876w\" sizes=\"auto, (max-width: 450px) 100vw, 450px\" \/><\/p>\n<p><img loading=\"lazy\" decoding=\"async\" class=\" wp-image-5948 aligncenter\" src=\"https:\/\/annapisze.art\/wp-content\/uploads\/2022\/10\/IMG20220930072353-300x225.jpg\" alt=\"\" width=\"450\" height=\"337\" srcset=\"https:\/\/annapisze.art\/wp-content\/uploads\/2022\/10\/IMG20220930072353-300x225.jpg 300w, https:\/\/annapisze.art\/wp-content\/uploads\/2022\/10\/IMG20220930072353.jpg 803w\" sizes=\"auto, (max-width: 450px) 100vw, 450px\" \/><\/p>\n<p><img loading=\"lazy\" decoding=\"async\" class=\"aligncenter wp-image-5949\" src=\"https:\/\/annapisze.art\/wp-content\/uploads\/2022\/10\/IMG20220922125853-300x225.jpg\" alt=\"\" width=\"450\" height=\"337\" srcset=\"https:\/\/annapisze.art\/wp-content\/uploads\/2022\/10\/IMG20220922125853-300x225.jpg 300w, https:\/\/annapisze.art\/wp-content\/uploads\/2022\/10\/IMG20220922125853.jpg 803w\" sizes=\"auto, (max-width: 450px) 100vw, 450px\" \/><\/p>\n<p style=\"text-align: center;\">Astry spotykane po drodze podczas spacer\u00f3w z psiepsio\u0142kami kochanymi.<\/p>\n<p><img loading=\"lazy\" decoding=\"async\" class=\" wp-image-5950 aligncenter\" src=\"https:\/\/annapisze.art\/wp-content\/uploads\/2022\/10\/IMG20220913151710-300x225.jpg\" alt=\"\" width=\"500\" height=\"375\" srcset=\"https:\/\/annapisze.art\/wp-content\/uploads\/2022\/10\/IMG20220913151710-300x225.jpg 300w, https:\/\/annapisze.art\/wp-content\/uploads\/2022\/10\/IMG20220913151710.jpg 803w\" sizes=\"auto, (max-width: 500px) 100vw, 500px\" \/><\/p>\n<p><img loading=\"lazy\" decoding=\"async\" class=\"aligncenter wp-image-5951\" src=\"https:\/\/annapisze.art\/wp-content\/uploads\/2022\/10\/IMG20220913151705-300x225.jpg\" alt=\"\" width=\"500\" height=\"375\" srcset=\"https:\/\/annapisze.art\/wp-content\/uploads\/2022\/10\/IMG20220913151705-300x225.jpg 300w, https:\/\/annapisze.art\/wp-content\/uploads\/2022\/10\/IMG20220913151705.jpg 803w\" sizes=\"auto, (max-width: 500px) 100vw, 500px\" \/><\/p>\n<p><img loading=\"lazy\" decoding=\"async\" class=\" wp-image-5952 aligncenter\" src=\"https:\/\/annapisze.art\/wp-content\/uploads\/2022\/10\/IMG20220913151701-300x225.jpg\" alt=\"\" width=\"499\" height=\"374\" srcset=\"https:\/\/annapisze.art\/wp-content\/uploads\/2022\/10\/IMG20220913151701-300x225.jpg 300w, https:\/\/annapisze.art\/wp-content\/uploads\/2022\/10\/IMG20220913151701.jpg 803w\" sizes=\"auto, (max-width: 499px) 100vw, 499px\" \/><\/p>\n<p>Szilka wyra\u017anie lepiej si\u0119 czuje, nie chodzi z podwini\u0119tym ogonkiem, nawet nim macha &#x1f600; i podskakuje od czasu do czasu, po schodach wchodzi ra\u017aniej &#x1f600; Skitek jak to Skitek &#x1f600; idzie powoli cz\u0142apu cz\u0142apu cz\u0142ap, najch\u0119tniej je i \u015bpi &#x1f600;<\/p>\n<div id=\"attachment_5953\" style=\"width: 410px\" class=\"wp-caption aligncenter\"><img loading=\"lazy\" decoding=\"async\" aria-describedby=\"caption-attachment-5953\" class=\"wp-image-5953\" src=\"https:\/\/annapisze.art\/wp-content\/uploads\/2022\/10\/IMG20220912081511-300x225.jpg\" alt=\"\" width=\"400\" height=\"300\" srcset=\"https:\/\/annapisze.art\/wp-content\/uploads\/2022\/10\/IMG20220912081511-300x225.jpg 300w, https:\/\/annapisze.art\/wp-content\/uploads\/2022\/10\/IMG20220912081511.jpg 803w\" sizes=\"auto, (max-width: 400px) 100vw, 400px\" \/><p id=\"caption-attachment-5953\" class=\"wp-caption-text\">&#8230; Szilunia w li\u015bciach \ud83d\ude42 &#8230;<\/p><\/div>\n<div id=\"attachment_5954\" style=\"width: 410px\" class=\"wp-caption aligncenter\"><img loading=\"lazy\" decoding=\"async\" aria-describedby=\"caption-attachment-5954\" class=\"wp-image-5954\" src=\"https:\/\/annapisze.art\/wp-content\/uploads\/2022\/10\/IMG_20221001_074644-300x218.jpg\" alt=\"\" width=\"400\" height=\"291\" srcset=\"https:\/\/annapisze.art\/wp-content\/uploads\/2022\/10\/IMG_20221001_074644-300x218.jpg 300w, https:\/\/annapisze.art\/wp-content\/uploads\/2022\/10\/IMG_20221001_074644.jpg 827w\" sizes=\"auto, (max-width: 400px) 100vw, 400px\" \/><p id=\"caption-attachment-5954\" class=\"wp-caption-text\">&#8230; Skitu\u015b i li\u015bcie \ud83d\ude42 &#8230;<\/p><\/div>\n<p>Lucia\u00a0 <a href=\"https:\/\/pozagranicamipolskialenietylko.home.blog\/\">https:\/\/pozagranicamipolskialenietylko.home.blog\/<\/a>\u00a0 \u00a0u siebie wspomina Filipinki (zesp\u00f3\u0142), a mnie wpad\u0142 w oczy artyku\u0142 z chyba 2014 roku (wtedy kupowa\u0142am mn\u00f3stwo kolorowych pisma dla babci D) o Alibabkach. Nie b\u0119d\u0119 streszcza\u0107 tylko zrobi\u0142am fotk\u0119 i ciekawa jestem kto pami\u0119ta o tych (\u00f3wczesnych) dziewcz\u0119tach?<\/p>\n<p><img loading=\"lazy\" decoding=\"async\" class=\" wp-image-5955 aligncenter\" src=\"https:\/\/annapisze.art\/wp-content\/uploads\/2022\/10\/20220929_172152-300x202.jpg\" alt=\"\" width=\"449\" height=\"302\" srcset=\"https:\/\/annapisze.art\/wp-content\/uploads\/2022\/10\/20220929_172152-300x202.jpg 300w, https:\/\/annapisze.art\/wp-content\/uploads\/2022\/10\/20220929_172152.jpg 893w\" sizes=\"auto, (max-width: 449px) 100vw, 449px\" \/><\/p>\n<p><img loading=\"lazy\" decoding=\"async\" class=\"aligncenter wp-image-5956\" src=\"https:\/\/annapisze.art\/wp-content\/uploads\/2022\/10\/20220930_203517-300x206.jpg\" alt=\"\" width=\"700\" height=\"481\" srcset=\"https:\/\/annapisze.art\/wp-content\/uploads\/2022\/10\/20220930_203517-300x206.jpg 300w, https:\/\/annapisze.art\/wp-content\/uploads\/2022\/10\/20220930_203517.jpg 876w\" sizes=\"auto, (max-width: 700px) 100vw, 700px\" \/><\/p>\n<p style=\"text-align: center;\">&#x1f31e;&#x1f31e;&#x1f31e;&#x1f31e;&#x1f31e;<\/p>\n<p style=\"text-align: center;\">Dzi\u0119kuj\u0119 za odwiedziny i pozostawione s\u0142owa &#x1f33a;&#x1f340;&#x1f33a; dobrego tygodnia \u017cycz\u0119 i posy\u0142am moc Ciep\u0142ego i Puchatego ka\u017cdemu, kto tu zajrzy &#x1f31e;&#x1f497;&#x1f31e;<\/p>\n<p style=\"text-align: center;\">&#x1f499;&#x1f49b;<\/p>\n<div class=\"fcbkbttn_buttons_block\" id=\"fcbkbttn_middle\"><div class=\"fcbkbttn_like \"><fb:like href=\"https:\/\/annapisze.art\/?p=5945\" action=\"like\" colorscheme=\"light\" layout=\"box_count\"  size=\"small\"><\/fb:like><\/div><div class=\"fb-share-button  \" data-href=\"https:\/\/annapisze.art\/?p=5945\" data-type=\"button_count\" data-size=\"small\"><\/div><\/div>","protected":false},"excerpt":{"rendered":"<p>Wrzesie\u0144 min\u0105\u0142, kiedy? Ju\u017c nie ma si\u0119 co rozwodzi\u0107 nad szybko\u015bci\u0105 uciekaj\u0105cego czasu, lepiej si\u0119 zatrzyma\u0107 p\u00f3ki mo\u017cna i kiedy mo\u017cna, i dop\u00f3ki w og\u00f3le mo\u017cna&#8230; w tym p\u0119dzie codziennym, pod wp\u0142ywem bombarduj\u0105cych nas ze wszystkich stron katastroficznych wie\u015bci dotycz\u0105cych &hellip; <a href=\"https:\/\/annapisze.art\/?p=5945\">Czytaj dalej <span class=\"meta-nav\">&rarr;<\/span><\/a><\/p>\n","protected":false},"author":1,"featured_media":0,"comment_status":"open","ping_status":"open","sticky":false,"template":"","format":"standard","meta":{"footnotes":""},"categories":[8],"tags":[],"class_list":["post-5945","post","type-post","status-publish","format-standard","hentry","category-mysle-sobie"],"_links":{"self":[{"href":"https:\/\/annapisze.art\/index.php?rest_route=\/wp\/v2\/posts\/5945","targetHints":{"allow":["GET"]}}],"collection":[{"href":"https:\/\/annapisze.art\/index.php?rest_route=\/wp\/v2\/posts"}],"about":[{"href":"https:\/\/annapisze.art\/index.php?rest_route=\/wp\/v2\/types\/post"}],"author":[{"embeddable":true,"href":"https:\/\/annapisze.art\/index.php?rest_route=\/wp\/v2\/users\/1"}],"replies":[{"embeddable":true,"href":"https:\/\/annapisze.art\/index.php?rest_route=%2Fwp%2Fv2%2Fcomments&post=5945"}],"version-history":[{"count":3,"href":"https:\/\/annapisze.art\/index.php?rest_route=\/wp\/v2\/posts\/5945\/revisions"}],"predecessor-version":[{"id":5958,"href":"https:\/\/annapisze.art\/index.php?rest_route=\/wp\/v2\/posts\/5945\/revisions\/5958"}],"wp:attachment":[{"href":"https:\/\/annapisze.art\/index.php?rest_route=%2Fwp%2Fv2%2Fmedia&parent=5945"}],"wp:term":[{"taxonomy":"category","embeddable":true,"href":"https:\/\/annapisze.art\/index.php?rest_route=%2Fwp%2Fv2%2Fcategories&post=5945"},{"taxonomy":"post_tag","embeddable":true,"href":"https:\/\/annapisze.art\/index.php?rest_route=%2Fwp%2Fv2%2Ftags&post=5945"}],"curies":[{"name":"wp","href":"https:\/\/api.w.org\/{rel}","templated":true}]}}