{"id":5927,"date":"2022-09-18T10:57:54","date_gmt":"2022-09-18T08:57:54","guid":{"rendered":"http:\/\/annapisze.art\/?p=5927"},"modified":"2022-09-18T10:57:54","modified_gmt":"2022-09-18T08:57:54","slug":"hi-hi-znowu-baba-%f0%9f%98%83","status":"publish","type":"post","link":"https:\/\/annapisze.art\/?p=5927","title":{"rendered":"Hi hi, znowu baba &#x1f603;"},"content":{"rendered":"<p><img loading=\"lazy\" decoding=\"async\" class=\"size-medium wp-image-2544 aligncenter\" src=\"https:\/\/annapisze.art\/wp-content\/uploads\/2020\/03\/12.02.2020-148-300x169.jpg\" alt=\"\" width=\"300\" height=\"169\" srcset=\"https:\/\/annapisze.art\/wp-content\/uploads\/2020\/03\/12.02.2020-148-300x169.jpg 300w, https:\/\/annapisze.art\/wp-content\/uploads\/2020\/03\/12.02.2020-148-1024x577.jpg 1024w\" sizes=\"auto, (max-width: 300px) 100vw, 300px\" \/><\/p>\n<p style=\"text-align: center;\">Dawno temu za g\u00f3rami,<\/p>\n<p style=\"text-align: center;\">za rzekami, za lasami<\/p>\n<p style=\"text-align: center;\">sta\u0142a sobie ma\u0142a chatka,<\/p>\n<p style=\"text-align: center;\">w chatce tej mieszka\u0142a babka.<\/p>\n<p><img loading=\"lazy\" decoding=\"async\" class=\"size-medium wp-image-2545 aligncenter\" src=\"https:\/\/annapisze.art\/wp-content\/uploads\/2020\/03\/12.02.2020-142-300x169.jpg\" alt=\"\" width=\"300\" height=\"169\" srcset=\"https:\/\/annapisze.art\/wp-content\/uploads\/2020\/03\/12.02.2020-142-300x169.jpg 300w, https:\/\/annapisze.art\/wp-content\/uploads\/2020\/03\/12.02.2020-142-1024x577.jpg 1024w\" sizes=\"auto, (max-width: 300px) 100vw, 300px\" \/><\/p>\n<p style=\"text-align: center;\">Babka strasznie by\u0142a stara.<\/p>\n<p style=\"text-align: center;\">Ju\u017c nie starczy\u0142o zegara<\/p>\n<p style=\"text-align: center;\">by pokaza\u0107 wiek jej ca\u0142y,<\/p>\n<p style=\"text-align: center;\">(fakt, ten zegar by\u0142 zmursza\u0142y &#x1f609;)<\/p>\n<p><img loading=\"lazy\" decoding=\"async\" class=\"size-medium wp-image-5269 aligncenter\" src=\"https:\/\/annapisze.art\/wp-content\/uploads\/2022\/01\/20211230_224803-225x300.jpg\" alt=\"\" width=\"225\" height=\"300\" srcset=\"https:\/\/annapisze.art\/wp-content\/uploads\/2022\/01\/20211230_224803-225x300.jpg 225w, https:\/\/annapisze.art\/wp-content\/uploads\/2022\/01\/20211230_224803.jpg 469w\" sizes=\"auto, (max-width: 225px) 100vw, 225px\" \/><\/p>\n<p style=\"text-align: center;\">Raz si\u0119 wkrad\u0142y krasnoludki,<\/p>\n<p style=\"text-align: center;\">takie ma\u0142e, \u015bmieszne ludki,<\/p>\n<p style=\"text-align: center;\">stary zegar przekr\u0119ci\u0142y,<\/p>\n<p style=\"text-align: center;\">babie figiel wnet zrobi\u0142y.<\/p>\n<p><img loading=\"lazy\" decoding=\"async\" class=\"size-medium wp-image-5931 aligncenter\" src=\"https:\/\/annapisze.art\/wp-content\/uploads\/2022\/09\/IMG_20220528_071006-225x300.jpg\" alt=\"\" width=\"225\" height=\"300\" srcset=\"https:\/\/annapisze.art\/wp-content\/uploads\/2022\/09\/IMG_20220528_071006-225x300.jpg 225w, https:\/\/annapisze.art\/wp-content\/uploads\/2022\/09\/IMG_20220528_071006.jpg 469w\" sizes=\"auto, (max-width: 225px) 100vw, 225px\" \/><\/p>\n<p style=\"text-align: center;\">Na cyferblat baba patrzy.<\/p>\n<p style=\"text-align: center;\"><em>&#8211; Co za diabe\u0142? Co to znaczy?<\/em><\/p>\n<p style=\"text-align: center;\"><em>Przecie\u017c mnie ju\u017c stan\u0105\u0142 licznik,<\/em><\/p>\n<p style=\"text-align: center;\"><em>a w zegarze jestem \u015bliczna!<\/em><\/p>\n<p style=\"text-align: center;\">Wzi\u0119\u0142a baba okulary.<\/p>\n<ul>\n<li style=\"text-align: center;\">&#8211; <em>Oj, jam stara, zegar stary,<\/em><\/li>\n<\/ul>\n<p style=\"text-align: center;\"><em>kto mi taki figiel zrobi\u0142,<\/em><\/p>\n<p style=\"text-align: center;\"><em>staruch\u0119 w m\u0142\u00f3dk\u0119 przerobi\u0142?<\/em><\/p>\n<p style=\"text-align: center;\">Ubawi\u0142y si\u0119 krasnale.<\/p>\n<p style=\"text-align: center;\"><em>&#8211; Ty si\u0119 babo nie smu\u0107 wcale,<\/em><\/p>\n<p style=\"text-align: center;\"><em>wa\u017cne, \u017ce\u015b jest w duszy m\u0142oda<\/em><\/p>\n<p style=\"text-align: center;\"><em>na zmartwienie czasu szkoda.<\/em><\/p>\n<p style=\"text-align: center;\">Baba chwil\u0119 pomy\u015bla\u0142a<\/p>\n<p style=\"text-align: center;\">i g\u0142o\u015bno si\u0119 roze\u015bmia\u0142a.<\/p>\n<p style=\"text-align: center;\"><em>&#8211; Macie racj\u0119, wy maluchy,<\/em><\/p>\n<p style=\"text-align: center;\"><em>nie wpuszcz\u0119 do duszy pluchy,<\/em><\/p>\n<p style=\"text-align: center;\"><em>wi\u0119cej gniewu ani z\u0142o\u015bci<\/em><\/p>\n<p style=\"text-align: center;\"><em>ju\u017c w mym sercu nie zago\u015bci.<\/em><\/p>\n<p style=\"text-align: center;\">Gdy tak rzek\u0142a s\u0142onko mile<\/p>\n<p style=\"text-align: center;\">za\u015bwieci\u0142o d\u0142u\u017csz\u0105 chwil\u0119.<\/p>\n<p><img loading=\"lazy\" decoding=\"async\" class=\"size-medium wp-image-5930 aligncenter\" src=\"https:\/\/annapisze.art\/wp-content\/uploads\/2022\/09\/IMG_20220702_081904-300x296.jpg\" alt=\"\" width=\"300\" height=\"296\" srcset=\"https:\/\/annapisze.art\/wp-content\/uploads\/2022\/09\/IMG_20220702_081904-300x296.jpg 300w, https:\/\/annapisze.art\/wp-content\/uploads\/2022\/09\/IMG_20220702_081904.jpg 633w\" sizes=\"auto, (max-width: 300px) 100vw, 300px\" \/><\/p>\n<p style=\"text-align: center;\">Patrzy baba do lusterka<\/p>\n<p style=\"text-align: center;\">I nie wierzy, dalej zerka.<\/p>\n<p style=\"text-align: center;\">S\u0142onko bab\u0119 oz\u0142oci\u0142o<\/p>\n<p style=\"text-align: center;\">i co\u015b w babie si\u0119 zmieni\u0142o:<\/p>\n<p style=\"text-align: center;\">znik\u0142y zmarszczki, krzywe z\u0119by<\/p>\n<p style=\"text-align: center;\">ju\u017c nie strasz\u0105 prosto z g\u0119by,<\/p>\n<p style=\"text-align: center;\">a g\u0119ba si\u0119 rozja\u015bni\u0142a,<\/p>\n<p style=\"text-align: center;\">jaka\u015b lepsza si\u0119 zrobi\u0142a.<\/p>\n<p style=\"text-align: center;\">Krasnale si\u0119 ubawi\u0142y,<\/p>\n<p style=\"text-align: center;\">\u017ce tak bab\u0119 odmieni\u0142y<\/p>\n<p style=\"text-align: center;\">w bardzo przecie\u017c spos\u00f3b prosty:<\/p>\n<p style=\"text-align: center;\">wyjmuj\u0105c jej z duszy osty,<\/p>\n<p style=\"text-align: center;\">ciernie r\u00f3\u017cne, gniewy, z\u0142o\u015bci,<\/p>\n<p style=\"text-align: center;\">a gdy w sercu to nie go\u015bci<\/p>\n<p style=\"text-align: center;\">baba inna si\u0119 zrobi\u0142a<\/p>\n<p style=\"text-align: center;\">i nawet z wygl\u0105du mi\u0142a &#x1f600;<\/p>\n<p style=\"text-align: center;\">&#8211;<em> Uff<\/em> \u2013 westchn\u0119\u0142a z ulg\u0105 baba \u2013<\/p>\n<p style=\"text-align: center;\"><em>Wiem co robi\u0107 mi wypada.<\/em><\/p>\n<p style=\"text-align: center;\"><em>B\u0119d\u0119 polityk\u0119 chrzani\u0107,<\/em><\/p>\n<p style=\"text-align: center;\"><em>nie dam wi\u0119cej si\u0119 omami\u0107,<\/em><\/p>\n<p style=\"text-align: center;\"><em>p\u00f3jd\u0119 swoj\u0105 prost\u0105 drog\u0105,<\/em><\/p>\n<p style=\"text-align: center;\"><em>by nie zrani\u0107 ju\u017c nikogo.<\/em><\/p>\n<p style=\"text-align: center;\"><em>Jak wygl\u0105dam? Wszystkim wara!<\/em><\/p>\n<p style=\"text-align: center;\"><em>I co z tego, \u017cem jest stara?<\/em><\/p>\n<p style=\"text-align: center;\"><em>Teraz b\u0119d\u0119 sobie\u00a0 pani\u0105,<\/em><\/p>\n<p style=\"text-align: center;\"><em>mo\u017ce Ank\u0105, mo\u017ce Ani\u0105,<\/em><\/p>\n<p style=\"text-align: center;\"><em>ka\u017cdy krok m\u00f3j niesie pok\u00f3j,<\/em><\/p>\n<p style=\"text-align: center;\"><em>wok\u00f3\u0142 mnie jest cisza, spok\u00f3j.<\/em><\/p>\n<p style=\"text-align: center;\">Przy oknie baba stan\u0119\u0142a,<\/p>\n<p style=\"text-align: center;\">star\u0105 p\u0142yt\u0119 wyci\u0105gn\u0119\u0142a,<\/p>\n<p style=\"text-align: center;\">\u00a0stary gramofon w\u0142\u0105czy\u0142a,<\/p>\n<p style=\"text-align: center;\">ca\u0142y wiecz\u00f3r przeta\u0144czy\u0142a.<\/p>\n<p style=\"text-align: center;\"><img loading=\"lazy\" decoding=\"async\" class=\"alignnone size-medium wp-image-5285\" src=\"https:\/\/annapisze.art\/wp-content\/uploads\/2022\/01\/20211229_104510-300x258.jpg\" alt=\"\" width=\"300\" height=\"258\" srcset=\"https:\/\/annapisze.art\/wp-content\/uploads\/2022\/01\/20211229_104510-300x258.jpg 300w, https:\/\/annapisze.art\/wp-content\/uploads\/2022\/01\/20211229_104510.jpg 622w\" sizes=\"auto, (max-width: 300px) 100vw, 300px\" \/><\/p>\n<p style=\"text-align: center;\">&#x1f33a;&#x1f339;&#x1f497;&#x1f33a;&#x1f339;&#x1f497;&#x1f33a;&#x1f339;&#x1f497;<\/p>\n<p style=\"text-align: center;\">Baba \u017cyczy dobrego tygodnia i dzi\u0119kuje za odwiedziny &#x1f642;&#x1f618;<\/p>\n<p style=\"text-align: center;\">&#x1f499;&#x1f49b;<\/p>\n<div class=\"fcbkbttn_buttons_block\" id=\"fcbkbttn_middle\"><div class=\"fcbkbttn_like \"><fb:like href=\"https:\/\/annapisze.art\/?p=5927\" action=\"like\" colorscheme=\"light\" layout=\"box_count\"  size=\"small\"><\/fb:like><\/div><div class=\"fb-share-button  \" data-href=\"https:\/\/annapisze.art\/?p=5927\" data-type=\"button_count\" data-size=\"small\"><\/div><\/div>","protected":false},"excerpt":{"rendered":"<p>Dawno temu za g\u00f3rami, za rzekami, za lasami sta\u0142a sobie ma\u0142a chatka, w chatce tej mieszka\u0142a babka. Babka strasznie by\u0142a stara. Ju\u017c nie starczy\u0142o zegara by pokaza\u0107 wiek jej ca\u0142y, (fakt, ten zegar by\u0142 zmursza\u0142y &#x1f609;) Raz si\u0119 wkrad\u0142y krasnoludki, &hellip; <a href=\"https:\/\/annapisze.art\/?p=5927\">Czytaj dalej <span class=\"meta-nav\">&rarr;<\/span><\/a><\/p>\n","protected":false},"author":1,"featured_media":0,"comment_status":"open","ping_status":"open","sticky":false,"template":"","format":"standard","meta":{"footnotes":""},"categories":[8,13],"tags":[],"class_list":["post-5927","post","type-post","status-publish","format-standard","hentry","category-mysle-sobie","category-wierszydelka"],"_links":{"self":[{"href":"https:\/\/annapisze.art\/index.php?rest_route=\/wp\/v2\/posts\/5927","targetHints":{"allow":["GET"]}}],"collection":[{"href":"https:\/\/annapisze.art\/index.php?rest_route=\/wp\/v2\/posts"}],"about":[{"href":"https:\/\/annapisze.art\/index.php?rest_route=\/wp\/v2\/types\/post"}],"author":[{"embeddable":true,"href":"https:\/\/annapisze.art\/index.php?rest_route=\/wp\/v2\/users\/1"}],"replies":[{"embeddable":true,"href":"https:\/\/annapisze.art\/index.php?rest_route=%2Fwp%2Fv2%2Fcomments&post=5927"}],"version-history":[{"count":5,"href":"https:\/\/annapisze.art\/index.php?rest_route=\/wp\/v2\/posts\/5927\/revisions"}],"predecessor-version":[{"id":5935,"href":"https:\/\/annapisze.art\/index.php?rest_route=\/wp\/v2\/posts\/5927\/revisions\/5935"}],"wp:attachment":[{"href":"https:\/\/annapisze.art\/index.php?rest_route=%2Fwp%2Fv2%2Fmedia&parent=5927"}],"wp:term":[{"taxonomy":"category","embeddable":true,"href":"https:\/\/annapisze.art\/index.php?rest_route=%2Fwp%2Fv2%2Fcategories&post=5927"},{"taxonomy":"post_tag","embeddable":true,"href":"https:\/\/annapisze.art\/index.php?rest_route=%2Fwp%2Fv2%2Ftags&post=5927"}],"curies":[{"name":"wp","href":"https:\/\/api.w.org\/{rel}","templated":true}]}}