{"id":5887,"date":"2022-09-02T18:22:04","date_gmt":"2022-09-02T16:22:04","guid":{"rendered":"http:\/\/annapisze.art\/?p=5887"},"modified":"2022-09-02T18:22:04","modified_gmt":"2022-09-02T16:22:04","slug":"male-co-nieco-%f0%9f%a5%a3%f0%9f%a5%98","status":"publish","type":"post","link":"https:\/\/annapisze.art\/?p=5887","title":{"rendered":"Ma\u0142e co nieco &#x1f963;&#x1f958;"},"content":{"rendered":"<p>Czas na ma\u0142e co nieco po tych wspomnieniowych wyprawach &#x1f60a; Musz\u0119 przyzna\u0107, \u017ce wypr\u00f3bowa\u0142am kilka nowych potraw i ch\u0119tnie si\u0119 podziel\u0119 do\u015bwiadczeniem. Na pierwszy ogie\u0144 idzie<strong> cukinia w panierce<\/strong>. Kr\u00f3lowa Marysie\u0144ka robi\u0142a kilkakrotnie i by\u0142a zachwycona. Skusi\u0142am si\u0119 i ja, najpierw ogl\u0105daj\u0105c na YT mn\u00f3stwo r\u00f3\u017cnych wersji. Ostatecznie \u2013 jak zawsze \u2013 zrobi\u0142am po swojemu u\u017cywaj\u0105c produkt\u00f3w, jakie akurat mia\u0142am pod r\u0119k\u0105. Cukinie w ilo\u015bci trzech sztuk czeka\u0142y w lod\u00f3wce i nale\u017ca\u0142o je wykorzysta\u0107, aby si\u0119 nie zmarnowa\u0142y. Poci\u0119\u0142am je wi\u0119c w paski jakie mi si\u0119 uda\u0142o, ale wcale nie wysz\u0142y takie cienkie jak na filmikach. Trudno \u2013 powiedzia\u0142am sobie i zacz\u0119\u0142am przegl\u0105da\u0107 zawarto\u015b\u0107 lod\u00f3wki uprzednio posypawszy sol\u0105 poci\u0119te paski. Znalaz\u0142am kawa\u0142ek przesuszonego w\u0119dzonego radamera (zapl\u0105ta\u0142 si\u0119 z ty\u0142u i nie by\u0142o go wida\u0107 na pierwszy rzut oka), kawa\u0142ek \u015bwie\u017cego radamera nie w\u0119dzonego i jeszcze mia\u0142am ca\u0142e opakowanie rozdrobnionego cheddara. Utar\u0142am zatem niestarte kawa\u0142ki, pomiesza\u0142am z cheddarem, jajkami, zio\u0142ami prowansalskimi, sol\u0105, pieprzem i czosnkiem granulowanym. W drugim naczyniu pomiesza\u0142am m\u0105k\u0119 z bu\u0142k\u0105 tart\u0105. Paski cukinii dok\u0142adnie \u201ewytyt\u0142a\u0142am\u201d w serowych jajkach, potem obtoczy\u0142am je (te\u017c dok\u0142adnie si\u0119 stara\u0142am, ale r\u00f3\u017cnie wysz\u0142o) w mieszance bu\u0142ki z m\u0105k\u0105 i usma\u017cy\u0142am na oleju. Nie uwierzycie jakie to wysz\u0142o pyszne \u017care\u0142ko! Na ciep\u0142o i na zimno. Ju\u017c kupi\u0142am \u015bwie\u017ce cukinie i zrobi\u0119 powt\u00f3rk\u0119.<\/p>\n<div id=\"attachment_5889\" style=\"width: 310px\" class=\"wp-caption aligncenter\"><img loading=\"lazy\" decoding=\"async\" aria-describedby=\"caption-attachment-5889\" class=\"wp-image-5889 size-medium\" src=\"https:\/\/annapisze.art\/wp-content\/uploads\/2022\/09\/IMG20220824183929-300x271.jpg\" alt=\"\" width=\"300\" height=\"271\" srcset=\"https:\/\/annapisze.art\/wp-content\/uploads\/2022\/09\/IMG20220824183929-300x271.jpg 300w, https:\/\/annapisze.art\/wp-content\/uploads\/2022\/09\/IMG20220824183929.jpg 666w\" sizes=\"auto, (max-width: 300px) 100vw, 300px\" \/><p id=\"caption-attachment-5889\" class=\"wp-caption-text\">&#8230; przygotowany warsztat pracy \ud83d\ude42 &#8230;<\/p><\/div>\n<div id=\"attachment_5890\" style=\"width: 310px\" class=\"wp-caption aligncenter\"><img loading=\"lazy\" decoding=\"async\" aria-describedby=\"caption-attachment-5890\" class=\"wp-image-5890 size-medium\" src=\"https:\/\/annapisze.art\/wp-content\/uploads\/2022\/09\/IMG20220824191500-300x225.jpg\" alt=\"\" width=\"300\" height=\"225\" srcset=\"https:\/\/annapisze.art\/wp-content\/uploads\/2022\/09\/IMG20220824191500-300x225.jpg 300w, https:\/\/annapisze.art\/wp-content\/uploads\/2022\/09\/IMG20220824191500.jpg 803w\" sizes=\"auto, (max-width: 300px) 100vw, 300px\" \/><p id=\"caption-attachment-5890\" class=\"wp-caption-text\">&#8230; usma\u017cona przepyszna cukinia &#8230;<\/p><\/div>\n<p>Nast\u0119pne do\u015bwiadczenie to by\u0142<strong> pasztet\/piecze\u0144 z kaszy<\/strong>, w\u0142a\u015bciwie takiej gotowej mieszanki kasz (oczywi\u015bcie nie gotuj\u0119 w woreczkach tylko wysypuj\u0119 i gotuje bez plastiku). Do\u0142o\u017cy\u0142am pieczarki, cebulk\u0119, jedno jajko na twardo (zosta\u0142o ze \u015bniadania) i jajka surowe plus oczywi\u015bcie s\u00f3l, pieprz, papryk\u0119, czosnek. Wymiesza\u0142am, wyrobi\u0142am i kiedy wydawa\u0142o mi si\u0119, \u017ce konsystencja b\u0119dzie dobra prze\u0142o\u017cy\u0142am mas\u0119 do aluminiowej foremki ze sklepu i upiek\u0142am w starym prodi\u017cu. Nie rewelacja (ja w og\u00f3le nie lubi\u0119 \u017cadnych kasz), ale da\u0142o si\u0119 zje\u015b\u0107 do chleba i na ciep\u0142o na obiad.<\/p>\n<div id=\"attachment_5898\" style=\"width: 310px\" class=\"wp-caption aligncenter\"><img loading=\"lazy\" decoding=\"async\" aria-describedby=\"caption-attachment-5898\" class=\"wp-image-5898 size-medium\" src=\"https:\/\/annapisze.art\/wp-content\/uploads\/2022\/09\/20220820_191654-300x225.jpg\" alt=\"\" width=\"300\" height=\"225\" srcset=\"https:\/\/annapisze.art\/wp-content\/uploads\/2022\/09\/20220820_191654-300x225.jpg 300w, https:\/\/annapisze.art\/wp-content\/uploads\/2022\/09\/20220820_191654.jpg 803w\" sizes=\"auto, (max-width: 300px) 100vw, 300px\" \/><p id=\"caption-attachment-5898\" class=\"wp-caption-text\">&#8230;pasztet\/piecze\u0144 z prodi\u017ca &#8230;<\/p><\/div>\n<div id=\"attachment_5899\" style=\"width: 265px\" class=\"wp-caption aligncenter\"><img loading=\"lazy\" decoding=\"async\" aria-describedby=\"caption-attachment-5899\" class=\"wp-image-5899 size-medium\" src=\"https:\/\/annapisze.art\/wp-content\/uploads\/2022\/09\/20220823_082227-255x300.jpg\" alt=\"\" width=\"255\" height=\"300\" srcset=\"https:\/\/annapisze.art\/wp-content\/uploads\/2022\/09\/20220823_082227-255x300.jpg 255w, https:\/\/annapisze.art\/wp-content\/uploads\/2022\/09\/20220823_082227.jpg 511w\" sizes=\"auto, (max-width: 255px) 100vw, 255px\" \/><p id=\"caption-attachment-5899\" class=\"wp-caption-text\">&#8230; u\u017cy\u0142am takiego mixu (\u017cadna reklama)&#8230;<\/p><\/div>\n<p><strong>Sa\u0142atka<\/strong> pt. \u201eco mi wpadnie pod r\u0119k\u0119\u201d \u2013 tym razem mia\u0142am ugotowane ziemniaki, jajka na twardo, og\u00f3rki surowe i konserwowe, cebulk\u0119, do tego pieprz, s\u00f3l i majonez. Bardzo smacznie by\u0142o &#x1f60a;<\/p>\n<div id=\"attachment_5891\" style=\"width: 310px\" class=\"wp-caption aligncenter\"><img loading=\"lazy\" decoding=\"async\" aria-describedby=\"caption-attachment-5891\" class=\"wp-image-5891 size-medium\" src=\"https:\/\/annapisze.art\/wp-content\/uploads\/2022\/09\/IMG20220815125332-300x225.jpg\" alt=\"\" width=\"300\" height=\"225\" srcset=\"https:\/\/annapisze.art\/wp-content\/uploads\/2022\/09\/IMG20220815125332-300x225.jpg 300w, https:\/\/annapisze.art\/wp-content\/uploads\/2022\/09\/IMG20220815125332.jpg 803w\" sizes=\"auto, (max-width: 300px) 100vw, 300px\" \/><p id=\"caption-attachment-5891\" class=\"wp-caption-text\">&#8230; sa\u0142atka &#8230;<\/p><\/div>\n<p><strong>Tofu<\/strong> rozmrozi\u0142am, posypa\u0142am obficie przypraw\u0105 do gyrosa, pola\u0142am oliw\u0105 \u00a0i w\u0142o\u017cy\u0142am do lod\u00f3wki. Po dw\u00f3ch dniach sobie przypomnia\u0142am i usma\u017cy\u0142am na oleju na chrupko, do\u0142o\u017cy\u0142am podsma\u017con\u0105 uprzednio cebulk\u0119, troch\u0119 mas\u0142a doda\u0142am i taki <strong>gulasz<\/strong> smaczny wyszed\u0142 \ud83d\ude42<\/p>\n<div id=\"attachment_5892\" style=\"width: 310px\" class=\"wp-caption aligncenter\"><img loading=\"lazy\" decoding=\"async\" aria-describedby=\"caption-attachment-5892\" class=\"wp-image-5892 size-medium\" src=\"https:\/\/annapisze.art\/wp-content\/uploads\/2022\/09\/IMG20220902102125-300x225.jpg\" alt=\"\" width=\"300\" height=\"225\" srcset=\"https:\/\/annapisze.art\/wp-content\/uploads\/2022\/09\/IMG20220902102125-300x225.jpg 300w, https:\/\/annapisze.art\/wp-content\/uploads\/2022\/09\/IMG20220902102125.jpg 803w\" sizes=\"auto, (max-width: 300px) 100vw, 300px\" \/><p id=\"caption-attachment-5892\" class=\"wp-caption-text\">&#8230; tofu z cebulk\u0105&#8230;<\/p><\/div>\n<p><strong>\u201eKotoplacki\u201d<\/strong>\u00a0 zrobi\u0142am z w\u0119dzonego tofu (utar\u0142am), usma\u017conych pieczarek, do czego do\u0142o\u017cy\u0142am troch\u0119 sera \u017c\u00f3\u0142tego utartego, nieco otr\u0105b owsianych i siemienia lnianego, oraz jajko, cho\u0107 bez jajka te\u017c by si\u0119 kupy trzyma\u0142y &#x1f60a;<\/p>\n<p><img loading=\"lazy\" decoding=\"async\" class=\"size-medium wp-image-5893 aligncenter\" src=\"https:\/\/annapisze.art\/wp-content\/uploads\/2022\/09\/IMG20220817113232-300x225.jpg\" alt=\"\" width=\"300\" height=\"225\" srcset=\"https:\/\/annapisze.art\/wp-content\/uploads\/2022\/09\/IMG20220817113232-300x225.jpg 300w, https:\/\/annapisze.art\/wp-content\/uploads\/2022\/09\/IMG20220817113232.jpg 803w\" sizes=\"auto, (max-width: 300px) 100vw, 300px\" \/><\/p>\n<p>Drugie \u2013<strong> bardziej kotlety ni\u017c placki<\/strong> \u2013 usma\u017cy\u0142am z utartego tofu i gotowego dodatku do burger\u00f3w, cebulk\u0119 jeszcze da\u0142am i zupe\u0142nie przyzwoite wysz\u0142y.<\/p>\n<div id=\"attachment_5896\" style=\"width: 310px\" class=\"wp-caption aligncenter\"><img loading=\"lazy\" decoding=\"async\" aria-describedby=\"caption-attachment-5896\" class=\"wp-image-5896 size-medium\" src=\"https:\/\/annapisze.art\/wp-content\/uploads\/2022\/09\/IMG20220826134157-300x225.jpg\" alt=\"\" width=\"300\" height=\"225\" srcset=\"https:\/\/annapisze.art\/wp-content\/uploads\/2022\/09\/IMG20220826134157-300x225.jpg 300w, https:\/\/annapisze.art\/wp-content\/uploads\/2022\/09\/IMG20220826134157.jpg 803w\" sizes=\"auto, (max-width: 300px) 100vw, 300px\" \/><p id=\"caption-attachment-5896\" class=\"wp-caption-text\">&#8230; zgrabne kotleciki wysz\u0142y, dobrze si\u0119 formowa\u0142y &#8230;<\/p><\/div>\n<div id=\"attachment_5900\" style=\"width: 310px\" class=\"wp-caption aligncenter\"><img loading=\"lazy\" decoding=\"async\" aria-describedby=\"caption-attachment-5900\" class=\"wp-image-5900 size-medium\" src=\"https:\/\/annapisze.art\/wp-content\/uploads\/2022\/09\/IMG_20220829_203635-300x271.jpg\" alt=\"\" width=\"300\" height=\"271\" srcset=\"https:\/\/annapisze.art\/wp-content\/uploads\/2022\/09\/IMG_20220829_203635-300x271.jpg 300w, https:\/\/annapisze.art\/wp-content\/uploads\/2022\/09\/IMG_20220829_203635.jpg 667w\" sizes=\"auto, (max-width: 300px) 100vw, 300px\" \/><p id=\"caption-attachment-5900\" class=\"wp-caption-text\">&#8230; tego u\u017cy\u0142am (te\u017c nie reklama) &#8230;<\/p><\/div>\n<p>Ostatnia pr\u00f3ba to <strong>podp\u0142omyki z serem. <\/strong>Chodzi\u0142o za mn\u0105 takie co\u015b odk\u0105d u Hajduczka &#8211; https:\/\/www.hajduczeknaturalnie.pl\/podplomyki-orkiszowe\/\u00a0 \u00a0przeczyta\u0142am o podp\u0142omykach. W \u017cyciu nie jad\u0142am a tym bardziej nie robi\u0142am. Ogl\u0105da\u0142am wi\u0119c filmiki, przymierza\u0142am si\u0119 i wreszcie zebra\u0142am si\u0119 na odwag\u0119 i\u2026 zrobi\u0142am dwa razy, bo mi serowego nadzienia zosta\u0142o drugie tyle. Rewelacja! Dok\u0142adny przepis wzi\u0119\u0142am z YT<\/p>\n<p><a href=\"https:\/\/www.youtube.com\/watch?v=l4O2VXJgRaA&amp;t=145s\">(53) Chleb serowy zapiekany na patelni. Podp\u0142omyk w 10 minut! Bez piekarnika, Bez dro\u017cd\u017cy, Bez jajka &#8211; YouTube<\/a><\/p>\n<p>My\u015bl\u0119, \u017ce b\u0119d\u0119 cz\u0119sto robi\u0142a, bo to bardzo proste \u2013 cho\u0107 wydawa\u0142o mi si\u0119 inaczej \u2013 i mo\u017cna r\u00f3\u017cne nadzienia wymy\u015bla\u0107, nie musi by\u0107 serowe. Naprawd\u0119 nabra\u0142am ochoty na pr\u00f3bowanie r\u00f3\u017cnych wersji &#x1f60a;<\/p>\n<div id=\"attachment_5894\" style=\"width: 310px\" class=\"wp-caption aligncenter\"><img loading=\"lazy\" decoding=\"async\" aria-describedby=\"caption-attachment-5894\" class=\"wp-image-5894 size-medium\" src=\"https:\/\/annapisze.art\/wp-content\/uploads\/2022\/09\/IMG20220901094507-300x225.jpg\" alt=\"\" width=\"300\" height=\"225\" srcset=\"https:\/\/annapisze.art\/wp-content\/uploads\/2022\/09\/IMG20220901094507-300x225.jpg 300w, https:\/\/annapisze.art\/wp-content\/uploads\/2022\/09\/IMG20220901094507.jpg 803w\" sizes=\"auto, (max-width: 300px) 100vw, 300px\" \/><p id=\"caption-attachment-5894\" class=\"wp-caption-text\">&#8230; ju\u017c wyrobione, zrobione, zrolowane, rozwa\u0142kowane &#8230;<\/p><\/div>\n<div id=\"attachment_5895\" style=\"width: 310px\" class=\"wp-caption aligncenter\"><img loading=\"lazy\" decoding=\"async\" aria-describedby=\"caption-attachment-5895\" class=\"wp-image-5895 size-medium\" src=\"https:\/\/annapisze.art\/wp-content\/uploads\/2022\/09\/IMG20220901102826-300x225.jpg\" alt=\"\" width=\"300\" height=\"225\" srcset=\"https:\/\/annapisze.art\/wp-content\/uploads\/2022\/09\/IMG20220901102826-300x225.jpg 300w, https:\/\/annapisze.art\/wp-content\/uploads\/2022\/09\/IMG20220901102826.jpg 803w\" sizes=\"auto, (max-width: 300px) 100vw, 300px\" \/><p id=\"caption-attachment-5895\" class=\"wp-caption-text\">&#8230; gotowe \ud83d\ude42 &#8230;<\/p><\/div>\n<p>Sa\u0142atka, cukinia i podp\u0142omyk smakowa\u0142y nawet babci D. M\u00f3wi\u0119 \u201enawet\u201d, bo coraz trudniejsze bywaj\u0105 dni z babci\u0105 D.. Kontakt chwilami si\u0119 urywa, problemy zaczynaj\u0105 si\u0119 z myciem i ubieraniem, nie pomagaj\u0105 w \u017cyciu nawracaj\u0105ce znowu ataki z\u0142ego nastroju, prawie agresji. \u201ePrawie\u201d, bo w takich chwilach ma problemy z utrzymaniem r\u00f3wnowagi i ko\u0144czy si\u0119 na s\u0142owach&#8230; r\u00f3\u017cnych. Rzeczy do prania wyci\u0105gam podst\u0119pem, gdy nie widzi. Zdarza si\u0119, \u017ce sama wypierze bielizn\u0119 w r\u0119kach (myd\u0142em pod kranem) po czym mokr\u0105 chowa pod poduszk\u0119\u2026 no i takie r\u00f3\u017cne hocki-klocki s\u0105 na porz\u0105dku dziennym. O bezustannym szukaniu aparatu s\u0142uchowego, okular\u00f3w, pier\u015bcionk\u00f3w to ju\u017c nawet nie ma co m\u00f3wi\u0107. Jeszcze niedawno spisywa\u0142a histori\u0119 rodziny, to j\u0105 zajmowa\u0142o na jaki\u015b czas, bo co troch\u0119 zaczyna\u0142a od pocz\u0105tku. Teraz ju\u017c nie, nie chce jej si\u0119\u2026<\/p>\n<p>Wrzesie\u0144 si\u0119 zacz\u0105\u0142 i rok szkolny te\u017c. Wrzesie\u0144 to dla mnie jesie\u0144, lato to wakacje, one si\u0119 ko\u0144cz\u0105 to i lato si\u0119 ko\u0144czy bez wzgl\u0119du na kalendarz. Od razu mam w oczach Tenczynek, cudne, rozleg\u0142e przestrzenie, pola cz\u0119\u015bciowo zaorane, babci\u0119 kopi\u0105c\u0105 ziemniaki, zapach palonych ziemniaczanych badyli, zapach ziemniak\u00f3w \u00a0przywiezionych z pola do domu po\u0142\u0105czony z zapachem ziemi\u2026 Takie wspomnienia \u015bwiata, kt\u00f3rego ju\u017c nie ma&#8230; pozosta\u0142 w mojej duszy tak g\u0142\u0119boko, \u017ce cz\u0119sto mi si\u0119 \u015bni. Ostatnio znowu we \u015bnie wygania\u0142am obcych ludzi z babcinego ogr\u00f3dka\u2026<\/p>\n<p style=\"text-align: center;\">Na popraw\u0119 humoru kwiaty napotkane na psim spacerze.<\/p>\n<p><img loading=\"lazy\" decoding=\"async\" class=\"aligncenter wp-image-5901\" src=\"https:\/\/annapisze.art\/wp-content\/uploads\/2022\/09\/IMG20220610205643-300x225.jpg\" alt=\"\" width=\"400\" height=\"300\" srcset=\"https:\/\/annapisze.art\/wp-content\/uploads\/2022\/09\/IMG20220610205643-300x225.jpg 300w, https:\/\/annapisze.art\/wp-content\/uploads\/2022\/09\/IMG20220610205643.jpg 833w\" sizes=\"auto, (max-width: 400px) 100vw, 400px\" \/><\/p>\n<p><img loading=\"lazy\" decoding=\"async\" class=\"wp-image-5902 aligncenter\" src=\"https:\/\/annapisze.art\/wp-content\/uploads\/2022\/09\/IMG20220610205656-300x225.jpg\" alt=\"\" width=\"400\" height=\"300\" srcset=\"https:\/\/annapisze.art\/wp-content\/uploads\/2022\/09\/IMG20220610205656-300x225.jpg 300w, https:\/\/annapisze.art\/wp-content\/uploads\/2022\/09\/IMG20220610205656.jpg 833w\" sizes=\"auto, (max-width: 400px) 100vw, 400px\" \/><\/p>\n<p><img loading=\"lazy\" decoding=\"async\" class=\"aligncenter wp-image-5903\" src=\"https:\/\/annapisze.art\/wp-content\/uploads\/2022\/09\/IMG20220610205721-300x225.jpg\" alt=\"\" width=\"400\" height=\"300\" srcset=\"https:\/\/annapisze.art\/wp-content\/uploads\/2022\/09\/IMG20220610205721-300x225.jpg 300w, https:\/\/annapisze.art\/wp-content\/uploads\/2022\/09\/IMG20220610205721.jpg 833w\" sizes=\"auto, (max-width: 400px) 100vw, 400px\" \/><\/p>\n<p>Nic to\u2026 \u017cycie toczy si\u0119 dalej, dzieci do szko\u0142y posz\u0142y, a co b\u0119dzie\u00a0 \u2013 tego nikt nie wie, dopiero si\u0119 oka\u017ce. Spokoju i pokoju, i zdrowia \u2013 wszystkim nam \u017cycz\u0119. Dzi\u0119kuj\u0119 za odwiedziny i komentarze. Dobrego tygodnia i udanego weekendu &#x1f497;&#x1f497;&#x1f497;<\/p>\n<p style=\"text-align: center;\">&#x1f499;&#x1f49b;<\/p>\n<p>&nbsp;<\/p>\n<div class=\"fcbkbttn_buttons_block\" id=\"fcbkbttn_middle\"><div class=\"fcbkbttn_like \"><fb:like href=\"https:\/\/annapisze.art\/?p=5887\" action=\"like\" colorscheme=\"light\" layout=\"box_count\"  size=\"small\"><\/fb:like><\/div><div class=\"fb-share-button  \" data-href=\"https:\/\/annapisze.art\/?p=5887\" data-type=\"button_count\" data-size=\"small\"><\/div><\/div>","protected":false},"excerpt":{"rendered":"<p>Czas na ma\u0142e co nieco po tych wspomnieniowych wyprawach &#x1f60a; Musz\u0119 przyzna\u0107, \u017ce wypr\u00f3bowa\u0142am kilka nowych potraw i ch\u0119tnie si\u0119 podziel\u0119 do\u015bwiadczeniem. Na pierwszy ogie\u0144 idzie cukinia w panierce. Kr\u00f3lowa Marysie\u0144ka robi\u0142a kilkakrotnie i by\u0142a zachwycona. Skusi\u0142am si\u0119 i ja, &hellip; <a href=\"https:\/\/annapisze.art\/?p=5887\">Czytaj dalej <span class=\"meta-nav\">&rarr;<\/span><\/a><\/p>\n","protected":false},"author":1,"featured_media":0,"comment_status":"open","ping_status":"open","sticky":false,"template":"","format":"standard","meta":{"footnotes":""},"categories":[22,8,21],"tags":[],"class_list":["post-5887","post","type-post","status-publish","format-standard","hentry","category-kuchennie-i-smacznie","category-mysle-sobie","category-tenczynek"],"_links":{"self":[{"href":"https:\/\/annapisze.art\/index.php?rest_route=\/wp\/v2\/posts\/5887","targetHints":{"allow":["GET"]}}],"collection":[{"href":"https:\/\/annapisze.art\/index.php?rest_route=\/wp\/v2\/posts"}],"about":[{"href":"https:\/\/annapisze.art\/index.php?rest_route=\/wp\/v2\/types\/post"}],"author":[{"embeddable":true,"href":"https:\/\/annapisze.art\/index.php?rest_route=\/wp\/v2\/users\/1"}],"replies":[{"embeddable":true,"href":"https:\/\/annapisze.art\/index.php?rest_route=%2Fwp%2Fv2%2Fcomments&post=5887"}],"version-history":[{"count":4,"href":"https:\/\/annapisze.art\/index.php?rest_route=\/wp\/v2\/posts\/5887\/revisions"}],"predecessor-version":[{"id":5905,"href":"https:\/\/annapisze.art\/index.php?rest_route=\/wp\/v2\/posts\/5887\/revisions\/5905"}],"wp:attachment":[{"href":"https:\/\/annapisze.art\/index.php?rest_route=%2Fwp%2Fv2%2Fmedia&parent=5887"}],"wp:term":[{"taxonomy":"category","embeddable":true,"href":"https:\/\/annapisze.art\/index.php?rest_route=%2Fwp%2Fv2%2Fcategories&post=5887"},{"taxonomy":"post_tag","embeddable":true,"href":"https:\/\/annapisze.art\/index.php?rest_route=%2Fwp%2Fv2%2Ftags&post=5887"}],"curies":[{"name":"wp","href":"https:\/\/api.w.org\/{rel}","templated":true}]}}