{"id":5687,"date":"2022-06-10T10:16:12","date_gmt":"2022-06-10T08:16:12","guid":{"rendered":"http:\/\/annapisze.art\/?p=5687"},"modified":"2022-06-10T10:18:08","modified_gmt":"2022-06-10T08:18:08","slug":"od-weekendu-do-weekendu-4-10-vi-22r","status":"publish","type":"post","link":"https:\/\/annapisze.art\/?p=5687","title":{"rendered":"Od weekendu do weekendu (4-10.VI. 22r.)"},"content":{"rendered":"<p>Moje wpisy przeradzaj\u0105 si\u0119 ostatnio w przegl\u0105d tygodnia. Nic nie poradz\u0119, \u017ce nie mam czasu na wi\u0119cej, przynajmniej na razie. Zreszt\u0105 chyba u wi\u0119kszo\u015bci z Was wiosna i lato to pory, kt\u00f3re sp\u0119dza si\u0119 na zewn\u0105trz, na powietrzu je\u015bli tylko jest taka mo\u017cliwo\u015b\u0107, a komputery id\u0105 w odstawk\u0119. Je\u015bli kto\u015b radzi sobie dobrze z pisaniem w telefonie to ma wi\u0119ksze pole do popisu, mnie to nie dotyczy i tak musi zosta\u0107. Zreszt\u0105 oczy mnie bol\u0105 je\u015bli zbyt d\u0142ugo &#8222;wgapiam si\u0119&#8221; w telefon, dlatego teraz patrz\u0119 na ziele\u0144 ile si\u0119 da &#x1f340;&#x1f340;&#x1f340;<\/p>\n<p>Dzieje si\u0119 co\u015b ka\u017cdego dnia i nie mo\u017cna narzeka\u0107 na nud\u0119 czy monotoni\u0119 (ja w og\u00f3le nie wiem co to znaczy si\u0119 nudzi\u0107, nie znam takiego stanu &#x1f603; ). W weekend Du\u017cy dziewczynki przywi\u00f3z\u0142 zgodnie z obietnic\u0105. Zrobi\u0142am &#8222;eksperyment deserowy&#8221;, kt\u00f3rego nie uwieczni\u0142am, bo znikn\u0105\u0142 w mgnieniu oka taki by\u0142 pyszny. Zainspirowa\u0142 mnie filmik z YT &#8211;\u00a0 \u00a0 <a href=\"https:\/\/www.youtube.com\/watch?v=m969EfgkAls\">https:\/\/www.youtube.com\/watch?v=m969EfgkAls\u00a0\u00a0<\/a><\/p>\n<p>Oczywi\u015bcie zrobi\u0142am po swojemu. U\u017cy\u0142am \u015bmietankowego budyniu, do \u015brodka cz\u0105stki pomara\u0144czy zamiast truskawek, a polew\u0119 tak\u0105 jak do murzynka, czyli mas\u0142o\/margaryna (co kto woli) z cukrem, kakao i odrobin\u0105 mleka\/wody rozpuszczone w rondelku na kuchence. Pyyycha!!! Wchodzi na sta\u0142e do jad\u0142ospisu, w\u0142a\u015bciwie deserospisu &#x1f600; i b\u0119dzie robione w du\u017cej formie jak zawsze budyniowy deser na herbatnikach. Dla ma\u0142ej porcji to w og\u00f3le szkoda roboty &#x1f601;&#x1f601;&#x1f601;<\/p>\n<p>Wera siedzia\u0142a w k\u0105ciku pogr\u0105\u017cona w czytaniu, nikt jej nie przeszkadza\u0142 &#8211; dobrze siebie pami\u0119tam, jak podczas wakacji w Tenczynku siedzia\u0142am z ksi\u0105\u017ck\u0105 na jab\u0142oni, \u017ceby mnie nikt nie widzia\u0142 i wtedy mia\u0142am \u015bwi\u0119ty spok\u00f3j, mog\u0142am czyta\u0107 do upojenia\u00a0 &#x1f603; Za to Calineczka zajmowa\u0142a nas niezmiernie. Oczywi\u015bcie je\u015b\u0107 nie chcia\u0142a, to normalka przecie\u017c, cho\u0107 wcze\u015bniej zam\u00f3wi\u0142a sobie &#8222;kluski z dziurk\u0105&#8221; czyli \u015bl\u0105skie. Wysz\u0142o ich 108! Policzy\u0142am dok\u0142adnie \ud83d\ude42 Zjad\u0142a mo\u017ce z pi\u0119\u0107, w \u017cyciu bym nie wpad\u0142a na taki pomys\u0142 &#8211; krem czekoladowy wk\u0142ada\u0142a do dziurek i jad\u0142a na s\u0142odko \ud83d\ude42 Ale musz\u0119 powiedzie\u0107, \u017ce ani jedna kluska z tych 108 nie zosta\u0142a!<\/p>\n<p>Calineczka gotowa\u0142a zupki z kamyk\u00f3w, trawy i czego\u015b tam jeszcze. Potem posz\u0142a z nami i psiepsio\u0142ami na spacer zabieraj\u0105c hulajnog\u0119. Tam gdzie si\u0119 da\u0142o jecha\u0142a sama, a gdzie z jazd\u0105 by\u0142 problem ze wzgl\u0119du na teren, MS ci\u0105gn\u0105\u0142\u00a0 na smyczy hulajnog\u0119 razem z wnuczk\u0105 (tzn. wnuczka na hulajnodze), ku jej wielkiej rado\u015bci \ud83d\ude42<\/p>\n<div id=\"attachment_5688\" style=\"width: 410px\" class=\"wp-caption aligncenter\"><img loading=\"lazy\" decoding=\"async\" aria-describedby=\"caption-attachment-5688\" class=\"wp-image-5688\" src=\"https:\/\/annapisze.art\/wp-content\/uploads\/2022\/06\/20220604_121020-300x169.jpg\" alt=\"\" width=\"400\" height=\"225\" srcset=\"https:\/\/annapisze.art\/wp-content\/uploads\/2022\/06\/20220604_121020-300x169.jpg 300w, https:\/\/annapisze.art\/wp-content\/uploads\/2022\/06\/20220604_121020-1024x576.jpg 1024w, https:\/\/annapisze.art\/wp-content\/uploads\/2022\/06\/20220604_121020.jpg 1112w\" sizes=\"auto, (max-width: 400px) 100vw, 400px\" \/><p id=\"caption-attachment-5688\" class=\"wp-caption-text\">&#8230; babciu, \u017cje\u015b ziupk\u0119 z lobak\u00f3w? upar\u0142a si\u0119 na mnie z tymi robakami &#8230;<\/p><\/div>\n<div id=\"attachment_5692\" style=\"width: 410px\" class=\"wp-caption aligncenter\"><img loading=\"lazy\" decoding=\"async\" aria-describedby=\"caption-attachment-5692\" class=\"wp-image-5692\" src=\"https:\/\/annapisze.art\/wp-content\/uploads\/2022\/06\/20220604_121039-300x193.jpg\" alt=\"\" width=\"400\" height=\"257\" srcset=\"https:\/\/annapisze.art\/wp-content\/uploads\/2022\/06\/20220604_121039-300x193.jpg 300w, https:\/\/annapisze.art\/wp-content\/uploads\/2022\/06\/20220604_121039.jpg 963w\" sizes=\"auto, (max-width: 400px) 100vw, 400px\" \/><p id=\"caption-attachment-5692\" class=\"wp-caption-text\">&#8230; dziadkowi dodam musielk\u0119 \u015blima\u0107ka &#8230;<\/p><\/div>\n<div id=\"attachment_5691\" style=\"width: 410px\" class=\"wp-caption aligncenter\"><img loading=\"lazy\" decoding=\"async\" aria-describedby=\"caption-attachment-5691\" class=\"wp-image-5691\" src=\"https:\/\/annapisze.art\/wp-content\/uploads\/2022\/06\/IMG_20220604_172644-300x216.jpg\" alt=\"\" width=\"400\" height=\"287\" srcset=\"https:\/\/annapisze.art\/wp-content\/uploads\/2022\/06\/IMG_20220604_172644-300x216.jpg 300w, https:\/\/annapisze.art\/wp-content\/uploads\/2022\/06\/IMG_20220604_172644.jpg 870w\" sizes=\"auto, (max-width: 400px) 100vw, 400px\" \/><p id=\"caption-attachment-5691\" class=\"wp-caption-text\">&#8230; w lasku &#8230;<\/p><\/div>\n<div id=\"attachment_5693\" style=\"width: 410px\" class=\"wp-caption aligncenter\"><img loading=\"lazy\" decoding=\"async\" aria-describedby=\"caption-attachment-5693\" class=\"wp-image-5693\" src=\"https:\/\/annapisze.art\/wp-content\/uploads\/2022\/06\/IMG20220604155424-300x225.jpg\" alt=\"\" width=\"400\" height=\"300\" srcset=\"https:\/\/annapisze.art\/wp-content\/uploads\/2022\/06\/IMG20220604155424-300x225.jpg 300w, https:\/\/annapisze.art\/wp-content\/uploads\/2022\/06\/IMG20220604155424.jpg 833w\" sizes=\"auto, (max-width: 400px) 100vw, 400px\" \/><p id=\"caption-attachment-5693\" class=\"wp-caption-text\">&#8230; czerwona kropeczka w oddali to Calineczka na hulajnodze &#8230;<\/p><\/div>\n<div id=\"attachment_5694\" style=\"width: 410px\" class=\"wp-caption aligncenter\"><img loading=\"lazy\" decoding=\"async\" aria-describedby=\"caption-attachment-5694\" class=\"wp-image-5694\" src=\"https:\/\/annapisze.art\/wp-content\/uploads\/2022\/06\/IMG20220604155442-300x225.jpg\" alt=\"\" width=\"400\" height=\"300\" srcset=\"https:\/\/annapisze.art\/wp-content\/uploads\/2022\/06\/IMG20220604155442-300x225.jpg 300w, https:\/\/annapisze.art\/wp-content\/uploads\/2022\/06\/IMG20220604155442.jpg 343w\" sizes=\"auto, (max-width: 400px) 100vw, 400px\" \/><p id=\"caption-attachment-5694\" class=\"wp-caption-text\">&#8230; wyra\u017anie wida\u0107, \u017ce sama jedzie \ud83d\ude42 &#8230;<\/p><\/div>\n<p>W poniedzia\u0142ek (6.06) by\u0142am na rtg i zdziwi\u0142am si\u0119, \u017ce nie ma kolejki. Pani powiedzia\u0142a, \u017ce tak jest od zarazy, ludzie si\u0119 poprzenosili do innych przychodni i szpitali, bo ten by\u0142 jednoimiennym czyli &#8222;dedykowanym&#8221; dla covidowc\u00f3w.\u00a0 Dlatego &#8222;dedykowany&#8221; wzi\u0119\u0142am w cudzys\u0142\u00f3w, \u017ce mnie strasznie denerwuje, jakby nie m\u00f3g\u0142 by\u0107 normalnie &#8222;przeznaczony&#8221;. Tak jak &#8222;aplikowanie&#8221; i &#8222;aplikacja&#8221; kojarzy\u0142y mi si\u0119 z ozdobnymi haftami, koronkami przy bieli\u017anie&#8230; tak to si\u0119 zmienia znaczenie s\u0142\u00f3w i cz\u0119stotliwo\u015b\u0107 ich u\u017cywania b\u0105d\u017a wychodzenia z u\u017cycia. Ale nie o tym mia\u0142am m\u00f3wi\u0107. Podczas powrotu do domu specjalnie zwraca\u0142am uwag\u0119 na na damskie obuwie pa\u0144 znajduj\u0105cych si\u0119 akurat na trasie mego przejazdu. S\u0142uchajcie, jedna jedyna kobieta mia\u0142a buty na koturnie, \u017cadnych innych obcas\u00f3w nie zauwa\u017cy\u0142am, ca\u0142a reszta nosi\u0142a p\u0142askie! Albo sportowe obuwie, albo balerinki.\u00a0 Mo\u017ce te &#8222;szpilkowe&#8221; by\u0142y w pracy &#x1f600;&#x1f609; &#8230; Takim spostrze\u017ceniem chcia\u0142am si\u0119 podzieli\u0107. Od si\u00f3dmej klasy szko\u0142y podstawowej &#8211; kiedy znalaz\u0142am na strychu u babci mamy \u015blubne buty i przemalowa\u0142am je na czarno &#8211; chodzi\u0142am na obcasach ni\u017cszych, wy\u017cszych, najwy\u017cszych jakie by\u0142y mo\u017cliwe, dopiero na emeryturze tak naprawd\u0119 nauczy\u0142am si\u0119 chodzi\u0107 na nowo bez obcas\u00f3w. Teraz (w obecnej rzeczywisto\u015bci) jest wszystko odwrotnie, w sumie na pewno wygodnie, jednak adidasy czy trampki za\u0142o\u017cone do sukienki jako\u015b mi si\u0119 nie podobaj\u0105. Zauroczona by\u0142am damsk\u0105 mod\u0105 z naszych przedwojennych film\u00f3w i chcia\u0142am te\u017c by\u0107 taka pi\u0119kna i kobieca jak tamte kobiety&#8230; Dzi\u015b by takie czarnki i inne zera powiedzia\u0142y, \u017ce prowokujesz i nie dziw si\u0119, je\u015bli dojdzie do gwa\u0142tu, bo taka szpilka to prowokacja&#8230; Oj, nie powiem gdzie bym im te szpilki wsadzi\u0142a!<\/p>\n<p>We wtorek rozpocz\u0105\u0142 si\u0119 cyrk z aparatem s\u0142uchowym babci D. Zagin\u0105\u0142 po raz tysi\u0119czny chyba, potem si\u0119 jedna cz\u0119\u015b\u0107 znalaz\u0142a, by\u0142y szlochania, oskar\u017cenia, obra\u017cania itd, (podr\u0119cznikowy przypadek), potem znalaz\u0142a si\u0119 inna cz\u0119\u015b\u0107 od innego aparatu, wreszcie Babcia D. odkry\u0142a brakuj\u0105ce ogniwo &#8230; pod w\u0142asn\u0105 poduszk\u0105&#8230; ale bez \u017cy\u0142ki \u0142\u0105cz\u0105cej obie cz\u0119\u015bci, bez kt\u00f3rej nie da si\u0119 s\u0142ysze\u0107. Tak wi\u0119c we czwartek MS pojecha\u0142 kupi\u0107 \u017cy\u0142k\u0119 do aparatu i wreszcie dzia\u0142a. Do nast\u0119pnego razu.<\/p>\n<p style=\"text-align: center;\">Poza tym rozkwit\u0142y wreszcie piwonie i r\u00f3\u017cyczkowy krzew<\/p>\n<p><img loading=\"lazy\" decoding=\"async\" class=\" wp-image-5689 aligncenter\" src=\"https:\/\/annapisze.art\/wp-content\/uploads\/2022\/06\/20220606_062134-300x169.jpg\" alt=\"\" width=\"399\" height=\"225\" srcset=\"https:\/\/annapisze.art\/wp-content\/uploads\/2022\/06\/20220606_062134-300x169.jpg 300w, https:\/\/annapisze.art\/wp-content\/uploads\/2022\/06\/20220606_062134-1024x576.jpg 1024w, https:\/\/annapisze.art\/wp-content\/uploads\/2022\/06\/20220606_062134.jpg 1112w\" sizes=\"auto, (max-width: 399px) 100vw, 399px\" \/><\/p>\n<p><img loading=\"lazy\" decoding=\"async\" class=\" wp-image-5690 aligncenter\" src=\"https:\/\/annapisze.art\/wp-content\/uploads\/2022\/06\/20220606_062143-300x169.jpg\" alt=\"\" width=\"399\" height=\"225\" srcset=\"https:\/\/annapisze.art\/wp-content\/uploads\/2022\/06\/20220606_062143-300x169.jpg 300w, https:\/\/annapisze.art\/wp-content\/uploads\/2022\/06\/20220606_062143-1024x576.jpg 1024w, https:\/\/annapisze.art\/wp-content\/uploads\/2022\/06\/20220606_062143.jpg 1112w\" sizes=\"auto, (max-width: 399px) 100vw, 399px\" \/><\/p>\n<p><img loading=\"lazy\" decoding=\"async\" class=\" wp-image-5695 aligncenter\" src=\"https:\/\/annapisze.art\/wp-content\/uploads\/2022\/06\/IMG20220606111337-300x225.jpg\" alt=\"\" width=\"400\" height=\"300\" srcset=\"https:\/\/annapisze.art\/wp-content\/uploads\/2022\/06\/IMG20220606111337-300x225.jpg 300w, https:\/\/annapisze.art\/wp-content\/uploads\/2022\/06\/IMG20220606111337.jpg 833w\" sizes=\"auto, (max-width: 400px) 100vw, 400px\" \/><\/p>\n<p><img loading=\"lazy\" decoding=\"async\" class=\" wp-image-5696 aligncenter\" src=\"https:\/\/annapisze.art\/wp-content\/uploads\/2022\/06\/IMG20220606111245-300x225.jpg\" alt=\"\" width=\"399\" height=\"299\" srcset=\"https:\/\/annapisze.art\/wp-content\/uploads\/2022\/06\/IMG20220606111245-300x225.jpg 300w, https:\/\/annapisze.art\/wp-content\/uploads\/2022\/06\/IMG20220606111245.jpg 833w\" sizes=\"auto, (max-width: 399px) 100vw, 399px\" \/><\/p>\n<p>Pogrzmia\u0142o w czwartek z daleka. Mia\u0142a by\u0107 burza z piorunami, ale sobie posz\u0142a gdzie indziej. Mo\u017ce wr\u00f3ci\u0107, wi\u0119c nie trzeba chwali\u0107 dnia przed zachodem s\u0142o\u0144ca. Mog\u0119 chwali\u0107 o wschodzie, bo ranki s\u0105 prze\u015bliczne.<\/p>\n<p><img loading=\"lazy\" decoding=\"async\" class=\"aligncenter wp-image-5702\" src=\"https:\/\/annapisze.art\/wp-content\/uploads\/2022\/06\/IMG20220531060528-300x225.jpg\" alt=\"\" width=\"400\" height=\"300\" srcset=\"https:\/\/annapisze.art\/wp-content\/uploads\/2022\/06\/IMG20220531060528-300x225.jpg 300w, https:\/\/annapisze.art\/wp-content\/uploads\/2022\/06\/IMG20220531060528.jpg 833w\" sizes=\"auto, (max-width: 400px) 100vw, 400px\" \/><\/p>\n<div id=\"attachment_5703\" style=\"width: 410px\" class=\"wp-caption aligncenter\"><img loading=\"lazy\" decoding=\"async\" aria-describedby=\"caption-attachment-5703\" class=\"wp-image-5703\" src=\"https:\/\/annapisze.art\/wp-content\/uploads\/2022\/06\/IMG20220531060420-300x225.jpg\" alt=\"\" width=\"400\" height=\"300\" srcset=\"https:\/\/annapisze.art\/wp-content\/uploads\/2022\/06\/IMG20220531060420-300x225.jpg 300w, https:\/\/annapisze.art\/wp-content\/uploads\/2022\/06\/IMG20220531060420.jpg 833w\" sizes=\"auto, (max-width: 400px) 100vw, 400px\" \/><p id=\"caption-attachment-5703\" class=\"wp-caption-text\">&#8230; porankiem po wyj\u015bciu za osiedlow\u0105 furtk\u0119 &#8230;<\/p><\/div>\n<p style=\"text-align: center;\">&#x1f340;&#x1f340;&#x1f340;&#x1f340;&#x1f497;&#x1f497;&#x1f497;&#x1f497;&#x1f340;&#x1f340;&#x1f340;&#x1f340;<\/p>\n<p style=\"text-align: center;\">Na koniec specjalnie dla Tereni ja\u015bmin i mn\u00f3stwo najserdeczniejszych \u017cycze\u0144 z okazji pi\u0105tkowego \u015bwi\u0119ta &#x1f497;&#x1f497;&#x1f497;&#x1f497;&#x1f497;&#x1f497;&#x1f497;&#x1f497;&#x1f497;&#x1f497;<\/p>\n<div id=\"attachment_5699\" style=\"width: 410px\" class=\"wp-caption aligncenter\"><img loading=\"lazy\" decoding=\"async\" aria-describedby=\"caption-attachment-5699\" class=\"wp-image-5699\" src=\"https:\/\/annapisze.art\/wp-content\/uploads\/2022\/06\/20220609_175814-260x300.jpg\" alt=\"\" width=\"400\" height=\"462\" srcset=\"https:\/\/annapisze.art\/wp-content\/uploads\/2022\/06\/20220609_175814-260x300.jpg 260w, https:\/\/annapisze.art\/wp-content\/uploads\/2022\/06\/20220609_175814.jpg 541w\" sizes=\"auto, (max-width: 400px) 100vw, 400px\" \/><p id=\"caption-attachment-5699\" class=\"wp-caption-text\">&#8230; ga\u0142\u0105zki wystrzeli\u0142y ponad bez i dopiero rozkwit\u0142y &#8230;<\/p><\/div>\n<div id=\"attachment_5700\" style=\"width: 410px\" class=\"wp-caption aligncenter\"><img loading=\"lazy\" decoding=\"async\" aria-describedby=\"caption-attachment-5700\" class=\"wp-image-5700\" src=\"https:\/\/annapisze.art\/wp-content\/uploads\/2022\/06\/20220609_175216-300x169.jpg\" alt=\"\" width=\"400\" height=\"225\" srcset=\"https:\/\/annapisze.art\/wp-content\/uploads\/2022\/06\/20220609_175216-300x169.jpg 300w, https:\/\/annapisze.art\/wp-content\/uploads\/2022\/06\/20220609_175216-1024x576.jpg 1024w, https:\/\/annapisze.art\/wp-content\/uploads\/2022\/06\/20220609_175216.jpg 1112w\" sizes=\"auto, (max-width: 400px) 100vw, 400px\" \/><p id=\"caption-attachment-5700\" class=\"wp-caption-text\">&#8230; takie kwiatuszki s\u0105 z bliska &#8230;<\/p><\/div>\n<p>Dzi\u0119kuj\u0119 za odwiedziny i komentarze \ud83d\ude42 Dobrego weekendu i spokojnego tygodnia \u017cycz\u0119<\/p>\n<p style=\"text-align: center;\">&#x1f339;&#x1f339;&#x1f339;<\/p>\n<p style=\"text-align: center;\">Trzymajcie si\u0119 zdrowo i b\u0105d\u017acie bezpieczni!<\/p>\n<p style=\"text-align: center;\">&#x1f499;&#x1f49b;<\/p>\n<div class=\"fcbkbttn_buttons_block\" id=\"fcbkbttn_middle\"><div class=\"fcbkbttn_like \"><fb:like href=\"https:\/\/annapisze.art\/?p=5687\" action=\"like\" colorscheme=\"light\" layout=\"box_count\"  size=\"small\"><\/fb:like><\/div><div class=\"fb-share-button  \" data-href=\"https:\/\/annapisze.art\/?p=5687\" data-type=\"button_count\" data-size=\"small\"><\/div><\/div>","protected":false},"excerpt":{"rendered":"<p>Moje wpisy przeradzaj\u0105 si\u0119 ostatnio w przegl\u0105d tygodnia. Nic nie poradz\u0119, \u017ce nie mam czasu na wi\u0119cej, przynajmniej na razie. Zreszt\u0105 chyba u wi\u0119kszo\u015bci z Was wiosna i lato to pory, kt\u00f3re sp\u0119dza si\u0119 na zewn\u0105trz, na powietrzu je\u015bli tylko &hellip; <a href=\"https:\/\/annapisze.art\/?p=5687\">Czytaj dalej <span class=\"meta-nav\">&rarr;<\/span><\/a><\/p>\n","protected":false},"author":1,"featured_media":0,"comment_status":"open","ping_status":"open","sticky":false,"template":"","format":"standard","meta":{"footnotes":""},"categories":[22,8],"tags":[],"class_list":["post-5687","post","type-post","status-publish","format-standard","hentry","category-kuchennie-i-smacznie","category-mysle-sobie"],"_links":{"self":[{"href":"https:\/\/annapisze.art\/index.php?rest_route=\/wp\/v2\/posts\/5687","targetHints":{"allow":["GET"]}}],"collection":[{"href":"https:\/\/annapisze.art\/index.php?rest_route=\/wp\/v2\/posts"}],"about":[{"href":"https:\/\/annapisze.art\/index.php?rest_route=\/wp\/v2\/types\/post"}],"author":[{"embeddable":true,"href":"https:\/\/annapisze.art\/index.php?rest_route=\/wp\/v2\/users\/1"}],"replies":[{"embeddable":true,"href":"https:\/\/annapisze.art\/index.php?rest_route=%2Fwp%2Fv2%2Fcomments&post=5687"}],"version-history":[{"count":6,"href":"https:\/\/annapisze.art\/index.php?rest_route=\/wp\/v2\/posts\/5687\/revisions"}],"predecessor-version":[{"id":5707,"href":"https:\/\/annapisze.art\/index.php?rest_route=\/wp\/v2\/posts\/5687\/revisions\/5707"}],"wp:attachment":[{"href":"https:\/\/annapisze.art\/index.php?rest_route=%2Fwp%2Fv2%2Fmedia&parent=5687"}],"wp:term":[{"taxonomy":"category","embeddable":true,"href":"https:\/\/annapisze.art\/index.php?rest_route=%2Fwp%2Fv2%2Fcategories&post=5687"},{"taxonomy":"post_tag","embeddable":true,"href":"https:\/\/annapisze.art\/index.php?rest_route=%2Fwp%2Fv2%2Ftags&post=5687"}],"curies":[{"name":"wp","href":"https:\/\/api.w.org\/{rel}","templated":true}]}}