{"id":5673,"date":"2022-06-03T20:51:00","date_gmt":"2022-06-03T18:51:00","guid":{"rendered":"http:\/\/annapisze.art\/?p=5673"},"modified":"2022-06-03T20:51:00","modified_gmt":"2022-06-03T18:51:00","slug":"jeszcze-wiosna-juz-nie-majowa-%f0%9f%8c%ba","status":"publish","type":"post","link":"https:\/\/annapisze.art\/?p=5673","title":{"rendered":"Jeszcze wiosna &#8211; ju\u017c nie majowa &#x1f33a;"},"content":{"rendered":"<p>W\u0142a\u015bnie, nie majowa lecz czerwcowa. Dobrze, \u017ce pi\u0119kna w dalszym ci\u0105gu, ale jaka Wiosenka ma by\u0107? Musi by\u0107 zielona \u015bwie\u017c\u0105 zieleni\u0105, kolorowa kwitn\u0105cymi kwiatami i pachn\u0105ca. Wprawdzie ju\u017c nie bzem lecz na przyk\u0142ad akacj\u0105 (musz\u0119 zrobi\u0107 zdj\u0119cie). Id\u0105c na wieczorny spacer z psiepsio\u0142ami w stron\u0119 dzia\u0142ek rozgl\u0105da\u0142am si\u0119 sk\u0105d p\u0142ynie taka niesamowita wo\u0144 i aromat, i znalaz\u0142am! To akacje, kt\u00f3re si\u0119 same rozsia\u0142y i rozros\u0142y na nieu\u017cytku &#8211; jeszcze pami\u0119tam zbo\u017ce tam rosn\u0105ce &#8211; kt\u00f3ry zamieni\u0142 si\u0119 w g\u0119sty busz, zaro\u015bla nie do przej\u015bcia dla ludzi. Ale dla zwierzak\u00f3w raj, dla lisk\u00f3w na przyk\u0142ad &#x1f98a; w zesz\u0142ym roku sarenk\u0119 tam widzia\u0142am &#x1f98c;, \u017cyje te\u017c w g\u0105szczu du\u017co r\u00f3\u017cnych male\u0144kich stworzonek oraz ptak\u00f3w.<\/p>\n<p>Maj zatem po\u017cegnali\u015bmy, cieszymy si\u0119 czerwcem &#x1f600; Ja si\u0119 b\u0119d\u0119 cieszy\u0107 jutro, bo Du\u017cy napisa\u0142, \u017ce przywiezie rano dziewczynki &#x1f600;&#x1f497; s\u0142oneczka moje kochane &#x1f31e;&#x1f31e; Ciekawe co Calineczka za\u017cyczy sobie do jedzenia, ostatnio chcia\u0142a &#8222;kluski z dziurk\u0105&#8221;, czyli \u015bl\u0105skie. I dopytywa\u0142a si\u0119 o &#8222;\u015b\u0142odycie&#8221; &#x1f603;<\/p>\n<p>Tydzie\u0144 przemin\u0105\u0142 oczywi\u015bcie piorunem, jak z bicza strzeli\u0142, czyli w og\u00f3le nie wiem kiedy si\u0119 sta\u0142o, \u017ce ju\u017c znowu pi\u0105tek. Ciekawe, \u017ce kiedy pracowa\u0142am to ka\u017cdy tydzie\u0144 ci\u0105gn\u0105\u0142 si\u0119 jak sparcia\u0142a guma w starych majtkach&#8230; Jak ju\u017c wspomnia\u0142am &#8211; bez zbr\u0105zowia\u0142, trzeba go\u00a0 obci\u0105\u0107, ja\u015bmin nie rozkwit\u0142 jeszcze, piwonie te\u017c wci\u0105\u017c w p\u0105kach. Za to niespodziank\u0119 sprawi\u0142y irysy, rozkwit\u0142y a\u017c cztery, tyle jeszcze nie by\u0142o. S\u0105 \u015bliczne, liliowe, delikatne.<\/p>\n<p><img loading=\"lazy\" decoding=\"async\" class=\"aligncenter wp-image-5674\" src=\"https:\/\/annapisze.art\/wp-content\/uploads\/2022\/06\/20220531_065119-300x169.jpg\" alt=\"\" width=\"450\" height=\"253\" srcset=\"https:\/\/annapisze.art\/wp-content\/uploads\/2022\/06\/20220531_065119-300x169.jpg 300w, https:\/\/annapisze.art\/wp-content\/uploads\/2022\/06\/20220531_065119-1024x576.jpg 1024w, https:\/\/annapisze.art\/wp-content\/uploads\/2022\/06\/20220531_065119.jpg 1112w\" sizes=\"auto, (max-width: 450px) 100vw, 450px\" \/><\/p>\n<p><img loading=\"lazy\" decoding=\"async\" class=\"wp-image-5676 aligncenter\" src=\"https:\/\/annapisze.art\/wp-content\/uploads\/2022\/06\/20220531_065139-169x300.jpg\" alt=\"\" width=\"200\" height=\"355\" srcset=\"https:\/\/annapisze.art\/wp-content\/uploads\/2022\/06\/20220531_065139-169x300.jpg 169w, https:\/\/annapisze.art\/wp-content\/uploads\/2022\/06\/20220531_065139.jpg 352w\" sizes=\"auto, (max-width: 200px) 100vw, 200px\" \/><\/p>\n<p><img loading=\"lazy\" decoding=\"async\" class=\"wp-image-5675 aligncenter\" src=\"https:\/\/annapisze.art\/wp-content\/uploads\/2022\/06\/20220531_065129-169x300.jpg\" alt=\"\" width=\"200\" height=\"355\" srcset=\"https:\/\/annapisze.art\/wp-content\/uploads\/2022\/06\/20220531_065129-169x300.jpg 169w, https:\/\/annapisze.art\/wp-content\/uploads\/2022\/06\/20220531_065129.jpg 352w\" sizes=\"auto, (max-width: 200px) 100vw, 200px\" \/><\/p>\n<p>Ile\u017c z tymi fotkami mam problemu kiedy pr\u00f3buj\u0119 jako\u015b inaczej je ustawi\u0107 &#x1f612;\u00a0 Jedn\u0105 pod drug\u0105 potrafi\u0119, ale wszelkie inne kombinacje gro\u017c\u0105 \u015bmierci\u0105 lub kalectwem, bo ze z\u0142o\u015bci jestem w stanie cisn\u0105\u0107 Lapkiem (Bogu ducha winnym) w kogokolwiek kto si\u0119 napatoczy, albo dokona\u0107 innej przera\u017caj\u0105cej czynno\u015bci &#x1f612;&#x1f612;&#x1f612; wrrrr&#8230;\u00a0 No dobrze, \u017ceby os\u0142odzi\u0107 gorzk\u0105 rzeczywisto\u015b\u0107 powiem, \u017ce placki z jab\u0142kami zrobi\u0142am wrzucaj\u0105c do ciasta bia\u0142y ser i resztk\u0119 \u015bmietany z pojemniczka, wysz\u0142y przepyszne \ud83d\ude42<\/p>\n<p><img loading=\"lazy\" decoding=\"async\" class=\" wp-image-5678 aligncenter\" src=\"https:\/\/annapisze.art\/wp-content\/uploads\/2022\/06\/20220530_140747-169x300.jpg\" alt=\"\" width=\"250\" height=\"444\" srcset=\"https:\/\/annapisze.art\/wp-content\/uploads\/2022\/06\/20220530_140747-169x300.jpg 169w, https:\/\/annapisze.art\/wp-content\/uploads\/2022\/06\/20220530_140747.jpg 352w\" sizes=\"auto, (max-width: 250px) 100vw, 250px\" \/><\/p>\n<p style=\"text-align: center;\">Franu\u015b zagl\u0105da z daleka i biega za w\u0142asnymi sprawami &#x1f63a;<\/p>\n<div id=\"attachment_5679\" style=\"width: 235px\" class=\"wp-caption aligncenter\"><img loading=\"lazy\" decoding=\"async\" aria-describedby=\"caption-attachment-5679\" class=\"wp-image-5679 size-medium\" src=\"https:\/\/annapisze.art\/wp-content\/uploads\/2022\/06\/IMG_20220419_153558-225x300.jpg\" alt=\"\" width=\"225\" height=\"300\" srcset=\"https:\/\/annapisze.art\/wp-content\/uploads\/2022\/06\/IMG_20220419_153558-225x300.jpg 225w, https:\/\/annapisze.art\/wp-content\/uploads\/2022\/06\/IMG_20220419_153558.jpg 469w\" sizes=\"auto, (max-width: 225px) 100vw, 225px\" \/><p id=\"caption-attachment-5679\" class=\"wp-caption-text\">&#8230; zdj\u0119cie zrobi\u0142a jego pa\u0144cia ukochana \ud83d\ude42 &#8230;<\/p><\/div>\n<p>Kochane psiepsio\u0142ki chodz\u0105 poma\u0142u po lasku &#8211; jak na istoty w wieku s\u0142usznym przysta\u0142o, dalej im si\u0119 ju\u017c i\u015b\u0107 nie chce.<\/p>\n<p><img loading=\"lazy\" decoding=\"async\" class=\" wp-image-5680 aligncenter\" src=\"https:\/\/annapisze.art\/wp-content\/uploads\/2022\/06\/IMG20220515143425-300x225.jpg\" alt=\"\" width=\"400\" height=\"300\" srcset=\"https:\/\/annapisze.art\/wp-content\/uploads\/2022\/06\/IMG20220515143425-300x225.jpg 300w, https:\/\/annapisze.art\/wp-content\/uploads\/2022\/06\/IMG20220515143425.jpg 833w\" sizes=\"auto, (max-width: 400px) 100vw, 400px\" \/><\/p>\n<div id=\"attachment_5681\" style=\"width: 410px\" class=\"wp-caption aligncenter\"><img loading=\"lazy\" decoding=\"async\" aria-describedby=\"caption-attachment-5681\" class=\"wp-image-5681\" src=\"https:\/\/annapisze.art\/wp-content\/uploads\/2022\/06\/IMG20220511151851_2-300x216.jpg\" alt=\"\" width=\"400\" height=\"288\" srcset=\"https:\/\/annapisze.art\/wp-content\/uploads\/2022\/06\/IMG20220511151851_2-300x216.jpg 300w, https:\/\/annapisze.art\/wp-content\/uploads\/2022\/06\/IMG20220511151851_2.jpg 869w\" sizes=\"auto, (max-width: 400px) 100vw, 400px\" \/><p id=\"caption-attachment-5681\" class=\"wp-caption-text\">&#8230; czasem og\u0142aszaj\u0105 strajk po uprzednim porozumieniu si\u0119 wzrokiem &#8230;<\/p><\/div>\n<div id=\"attachment_5682\" style=\"width: 410px\" class=\"wp-caption aligncenter\"><img loading=\"lazy\" decoding=\"async\" aria-describedby=\"caption-attachment-5682\" class=\"wp-image-5682\" src=\"https:\/\/annapisze.art\/wp-content\/uploads\/2022\/06\/IMG20220515143407-300x225.jpg\" alt=\"\" width=\"400\" height=\"300\" srcset=\"https:\/\/annapisze.art\/wp-content\/uploads\/2022\/06\/IMG20220515143407-300x225.jpg 300w, https:\/\/annapisze.art\/wp-content\/uploads\/2022\/06\/IMG20220515143407.jpg 833w\" sizes=\"auto, (max-width: 400px) 100vw, 400px\" \/><p id=\"caption-attachment-5682\" class=\"wp-caption-text\">&#8230; ale id\u0105 po chwili, bo tak jest zielono&#8230;<\/p><\/div>\n<div id=\"attachment_5683\" style=\"width: 410px\" class=\"wp-caption aligncenter\"><img loading=\"lazy\" decoding=\"async\" aria-describedby=\"caption-attachment-5683\" class=\"wp-image-5683\" src=\"https:\/\/annapisze.art\/wp-content\/uploads\/2022\/06\/IMG20220531145942-300x225.jpg\" alt=\"\" width=\"400\" height=\"300\" srcset=\"https:\/\/annapisze.art\/wp-content\/uploads\/2022\/06\/IMG20220531145942-300x225.jpg 300w, https:\/\/annapisze.art\/wp-content\/uploads\/2022\/06\/IMG20220531145942.jpg 833w\" sizes=\"auto, (max-width: 400px) 100vw, 400px\" \/><p id=\"caption-attachment-5683\" class=\"wp-caption-text\">&#8230; \u017ce nasyci\u0107 oczy trzeba t\u0105 zielono\u015bci\u0105 \u015bwie\u017c\u0105 &#8230;<\/p><\/div>\n<p style=\"text-align: center;\">&#x1f497;&#x1f338;&#x1f497;&#x1f337;&#x1f497;&#x1f340;&#x1f497;<\/p>\n<p style=\"text-align: center;\"><em>Wiosna to moja pora roku.<\/em><\/p>\n<p style=\"text-align: center;\"><em>Naprawd\u0119. Od \u015bwitu a\u017c do zmroku,<\/em><\/p>\n<p style=\"text-align: center;\"><em>potem do ranka dnia nast\u0119pnego,<\/em><\/p>\n<p style=\"text-align: center;\"><em>wszak i noc ma moc czaru wiosennego.<\/em><\/p>\n<p style=\"text-align: center;\"><em>Pewnie tak czuj\u0105 uczucia one<\/em><\/p>\n<p style=\"text-align: center;\"><em>istoty wiosn\u0105 w\u0142a\u015bnie zrodzone.<\/em><\/p>\n<p style=\"text-align: center;\"><em>Cho\u0107 urok innych p\u00f3r roku widz\u0119<\/em><\/p>\n<p style=\"text-align: center;\"><em>(i wcale tego si\u0119 nie wstydz\u0119),<\/em><\/p>\n<p style=\"text-align: center;\"><em>Wiosna najmilsza jest memu sercu,<\/em><\/p>\n<p style=\"text-align: center;\"><em>Wiosna szalona w kwiat\u00f3w kobiercu,<\/em><\/p>\n<p style=\"text-align: center;\"><em>pachn\u0105ca, mieni\u0105ca si\u0119 kolorami<\/em><\/p>\n<p style=\"text-align: center;\"><em>w ta\u0144cu z\u00a0 kwiatowymi duszkami,<\/em><\/p>\n<p style=\"text-align: center;\"><em>z r\u00f3\u017cnoskrzyd\u0142ymi\u00a0 owadami.<\/em><\/p>\n<p style=\"text-align: center;\"><em>Z tego zachwytu s\u0142\u00f3w mam za ma\u0142o,<\/em><\/p>\n<p style=\"text-align: center;\"><em>wi\u0119c p\u00f3jd\u0119 zrobi\u0107 sobie kakao <\/em>&#x1f60a;<\/p>\n<p><img loading=\"lazy\" decoding=\"async\" class=\" wp-image-5684 aligncenter\" src=\"https:\/\/annapisze.art\/wp-content\/uploads\/2022\/06\/IMG20220603062410-225x300.jpg\" alt=\"\" width=\"300\" height=\"400\" srcset=\"https:\/\/annapisze.art\/wp-content\/uploads\/2022\/06\/IMG20220603062410-225x300.jpg 225w, https:\/\/annapisze.art\/wp-content\/uploads\/2022\/06\/IMG20220603062410.jpg 469w\" sizes=\"auto, (max-width: 300px) 100vw, 300px\" \/><\/p>\n<p>Pierwszy tegoroczny napotkany mak \u017cyczy Wam dobrego, pogodnego weekendu a ja si\u0119 przy\u0142\u0105czam &#x1f31e;&#x1f31e;&#x1f31e;<\/p>\n<p style=\"text-align: center;\">Trzymajcie si\u0119 zdrowo i b\u0105d\u017acie bezpieczni!<\/p>\n<p style=\"text-align: center;\">&#x1f499;&#x1f49b;<\/p>\n<p style=\"text-align: center;\">\n<div class=\"fcbkbttn_buttons_block\" id=\"fcbkbttn_middle\"><div class=\"fcbkbttn_like \"><fb:like href=\"https:\/\/annapisze.art\/?p=5673\" action=\"like\" colorscheme=\"light\" layout=\"box_count\"  size=\"small\"><\/fb:like><\/div><div class=\"fb-share-button  \" data-href=\"https:\/\/annapisze.art\/?p=5673\" data-type=\"button_count\" data-size=\"small\"><\/div><\/div>","protected":false},"excerpt":{"rendered":"<p>W\u0142a\u015bnie, nie majowa lecz czerwcowa. Dobrze, \u017ce pi\u0119kna w dalszym ci\u0105gu, ale jaka Wiosenka ma by\u0107? Musi by\u0107 zielona \u015bwie\u017c\u0105 zieleni\u0105, kolorowa kwitn\u0105cymi kwiatami i pachn\u0105ca. Wprawdzie ju\u017c nie bzem lecz na przyk\u0142ad akacj\u0105 (musz\u0119 zrobi\u0107 zdj\u0119cie). Id\u0105c na wieczorny &hellip; <a href=\"https:\/\/annapisze.art\/?p=5673\">Czytaj dalej <span class=\"meta-nav\">&rarr;<\/span><\/a><\/p>\n","protected":false},"author":1,"featured_media":0,"comment_status":"open","ping_status":"open","sticky":false,"template":"","format":"standard","meta":{"footnotes":""},"categories":[22,8,13],"tags":[],"class_list":["post-5673","post","type-post","status-publish","format-standard","hentry","category-kuchennie-i-smacznie","category-mysle-sobie","category-wierszydelka"],"_links":{"self":[{"href":"https:\/\/annapisze.art\/index.php?rest_route=\/wp\/v2\/posts\/5673","targetHints":{"allow":["GET"]}}],"collection":[{"href":"https:\/\/annapisze.art\/index.php?rest_route=\/wp\/v2\/posts"}],"about":[{"href":"https:\/\/annapisze.art\/index.php?rest_route=\/wp\/v2\/types\/post"}],"author":[{"embeddable":true,"href":"https:\/\/annapisze.art\/index.php?rest_route=\/wp\/v2\/users\/1"}],"replies":[{"embeddable":true,"href":"https:\/\/annapisze.art\/index.php?rest_route=%2Fwp%2Fv2%2Fcomments&post=5673"}],"version-history":[{"count":3,"href":"https:\/\/annapisze.art\/index.php?rest_route=\/wp\/v2\/posts\/5673\/revisions"}],"predecessor-version":[{"id":5686,"href":"https:\/\/annapisze.art\/index.php?rest_route=\/wp\/v2\/posts\/5673\/revisions\/5686"}],"wp:attachment":[{"href":"https:\/\/annapisze.art\/index.php?rest_route=%2Fwp%2Fv2%2Fmedia&parent=5673"}],"wp:term":[{"taxonomy":"category","embeddable":true,"href":"https:\/\/annapisze.art\/index.php?rest_route=%2Fwp%2Fv2%2Fcategories&post=5673"},{"taxonomy":"post_tag","embeddable":true,"href":"https:\/\/annapisze.art\/index.php?rest_route=%2Fwp%2Fv2%2Ftags&post=5673"}],"curies":[{"name":"wp","href":"https:\/\/api.w.org\/{rel}","templated":true}]}}