{"id":5418,"date":"2022-02-24T14:01:59","date_gmt":"2022-02-24T13:01:59","guid":{"rendered":"http:\/\/annapisze.art\/?p=5418"},"modified":"2022-03-13T08:31:16","modified_gmt":"2022-03-13T07:31:16","slug":"%f0%9f%96%a4%f0%9f%96%a4%f0%9f%96%a4","status":"publish","type":"post","link":"https:\/\/annapisze.art\/?p=5418","title":{"rendered":"&#x1f5a4;&#x1f5a4;&#x1f5a4;"},"content":{"rendered":"<p style=\"text-align: center;\">&#x1f5a4;&#x1f5a4;&#x1f5a4;<\/p>\n<p>Nad ranem zmieni\u0142 si\u0119 \u015bwiat dla wszystkich. Dla wielu si\u0119 sko\u0144czy\u0142 i przekroczyli granic\u0119 cieni&#8230; Od\u017cy\u0142o przera\u017cenie w pami\u0119taj\u0105cych, tych, kt\u00f3rzy sami prze\u017cyli II wojn\u0119 i tak\u017ce w tych z nast\u0119pnego pokolenia. Zn\u00f3w przesuwaj\u0105 mi si\u0119 przed oczami obrazy powsta\u0142e podczas opowiada\u0144 rodzic\u00f3w, kt\u00f3rzy prze\u017cyli tzw. ucieczk\u0119 we wrze\u015bniu 1939 roku, a potem w szeregach AK walczyli z okupantem&#8230;\u00a0 A u nas jak zawsze &#8211; nasza wewn\u0119trzna wojenka wa\u017cniejsza&#8230;\u00a0 Kochani, nie wiem co b\u0119dzie dalej, nikt nie wie.\u00a0 Boj\u0119 si\u0119 o dzieci, o wnuczki, o przysz\u0142o\u015b\u0107 nas wszystkich&#8230; Ju\u017c byli\u015bmy zostawieni sami, teraz jeste\u015bmy sk\u0142\u00f3ceni z ca\u0142ym \u015bwiatem i nikt za nas gin\u0105\u0107 nie b\u0119dzie&#8230;<\/p>\n<p style=\"text-align: center;\">&#x1f5a4;&#x1f5a4;&#x1f5a4;<\/p>\n<div class=\"fcbkbttn_buttons_block\" id=\"fcbkbttn_middle\"><div class=\"fcbkbttn_like \"><fb:like href=\"https:\/\/annapisze.art\/?p=5418\" action=\"like\" colorscheme=\"light\" layout=\"box_count\"  size=\"small\"><\/fb:like><\/div><div class=\"fb-share-button  \" data-href=\"https:\/\/annapisze.art\/?p=5418\" data-type=\"button_count\" data-size=\"small\"><\/div><\/div>","protected":false},"excerpt":{"rendered":"<p>&#x1f5a4;&#x1f5a4;&#x1f5a4; Nad ranem zmieni\u0142 si\u0119 \u015bwiat dla wszystkich. Dla wielu si\u0119 sko\u0144czy\u0142 i przekroczyli granic\u0119 cieni&#8230; Od\u017cy\u0142o przera\u017cenie w pami\u0119taj\u0105cych, tych, kt\u00f3rzy sami prze\u017cyli II wojn\u0119 i tak\u017ce w tych z nast\u0119pnego pokolenia. Zn\u00f3w przesuwaj\u0105 mi si\u0119 przed oczami obrazy &hellip; <a href=\"https:\/\/annapisze.art\/?p=5418\">Czytaj dalej <span class=\"meta-nav\">&rarr;<\/span><\/a><\/p>\n","protected":false},"author":1,"featured_media":0,"comment_status":"open","ping_status":"open","sticky":false,"template":"","format":"standard","meta":{"footnotes":""},"categories":[8],"tags":[],"class_list":["post-5418","post","type-post","status-publish","format-standard","hentry","category-mysle-sobie"],"_links":{"self":[{"href":"https:\/\/annapisze.art\/index.php?rest_route=\/wp\/v2\/posts\/5418","targetHints":{"allow":["GET"]}}],"collection":[{"href":"https:\/\/annapisze.art\/index.php?rest_route=\/wp\/v2\/posts"}],"about":[{"href":"https:\/\/annapisze.art\/index.php?rest_route=\/wp\/v2\/types\/post"}],"author":[{"embeddable":true,"href":"https:\/\/annapisze.art\/index.php?rest_route=\/wp\/v2\/users\/1"}],"replies":[{"embeddable":true,"href":"https:\/\/annapisze.art\/index.php?rest_route=%2Fwp%2Fv2%2Fcomments&post=5418"}],"version-history":[{"count":1,"href":"https:\/\/annapisze.art\/index.php?rest_route=\/wp\/v2\/posts\/5418\/revisions"}],"predecessor-version":[{"id":5419,"href":"https:\/\/annapisze.art\/index.php?rest_route=\/wp\/v2\/posts\/5418\/revisions\/5419"}],"wp:attachment":[{"href":"https:\/\/annapisze.art\/index.php?rest_route=%2Fwp%2Fv2%2Fmedia&parent=5418"}],"wp:term":[{"taxonomy":"category","embeddable":true,"href":"https:\/\/annapisze.art\/index.php?rest_route=%2Fwp%2Fv2%2Fcategories&post=5418"},{"taxonomy":"post_tag","embeddable":true,"href":"https:\/\/annapisze.art\/index.php?rest_route=%2Fwp%2Fv2%2Ftags&post=5418"}],"curies":[{"name":"wp","href":"https:\/\/api.w.org\/{rel}","templated":true}]}}