{"id":5267,"date":"2022-01-05T12:10:39","date_gmt":"2022-01-05T11:10:39","guid":{"rendered":"http:\/\/annapisze.art\/?p=5267"},"modified":"2022-01-05T19:10:28","modified_gmt":"2022-01-05T18:10:28","slug":"4-01-2022-pisane-%f0%9f%8c%9e","status":"publish","type":"post","link":"https:\/\/annapisze.art\/?p=5267","title":{"rendered":"4.01.2022 pisane &#x1f31e;"},"content":{"rendered":"<p>Prowadz\u0119 od kilku lat rachunki domowe uwieczniaj\u0105c je w kolejnych zeszytach. Ka\u017cdy rachunek, ka\u017cdy zakup ma tam swoje miejsce dzi\u0119ki czemu wiem gdzie znikaj\u0105 pieni\u0105dze. Robi\u0105 to w spos\u00f3b niewiarygodnie szybki dlatego swego czasu postanowi\u0142am przeprowadzi\u0107 \u015bledztwo, by wiedzie\u0107 gdzie te\u017c one si\u0119 udaj\u0105 bez naszej wiedzy. Okazuje si\u0119, \u017ce z wiedz\u0105, ale jednocze\u015bnie z nasz\u0105 niewiar\u0105 i niedowierzaniem, \u017ce takie drobne sumki potrafi\u0105 urosn\u0105 do poka\u017anych sum. Jednak dzi\u0119ki zapisaniu \u0142atwiej jest sprawdzi\u0107, gdzie idzie wi\u0119cej ni\u017c jest to konieczne i mo\u017cna przyoszcz\u0119dzi\u0107 nieco. Ha ha ha, mo\u017cna by\u0142o, kiedy\u015b. Kiedy ju\u017c pozlicza\u0142am wszystkie s\u0142upki spojrza\u0142am na zmieniaj\u0105ce si\u0119 ceny kilku podstawowych produkt\u00f3w kupowanych w tym samym sklepie. Jeste\u015bcie ciekawi? Bardzo prosz\u0119 &#x1f635;&#x1f635;&#x1f635;<\/p>\n<p>Tak na przyk\u0142ad jajka (20 szt. \u015bci\u00f3\u0142kowe) w grudniu 2020 kosztowa\u0142y 9,99 z\u0142.; w marcu 2021 \u2013 10,99; a w grudniu \u2013 11,99. Dzisiaj tyle samo, zrobi\u0142am pierwsze w nowym roku zakupy st\u0105d wiem. Na przyk\u0142ad mas\u0142o klarowane kosztowa\u0142o 17,95 w grudniu 2020; w czerwcu 2021 \u2013 19,99; w grudniu \u2013 21,99. O normalnym ma\u015ble to nawet m\u00f3wi\u0107 si\u0119 nie chce, w grudniu 2020 \u2013 4,49, za\u015b rok p\u00f3\u017aniej \u2013 5,99 i 6,99 w zale\u017cno\u015bci od producenta. A kupi\u0107 trzeba bez wzgl\u0119du na cen\u0119. Jak jeste\u015bmy przy nabiale to\u00a0 jeszcze o mleku wspomn\u0119, takim jakiego u\u017cywamy do kawy, \u201eczerwonym\u201d, czyli 3,2% \u015bwie\u017cym w butelce. W grudniu 2020 p\u0142aci\u0142am za litr 2,19 z\u0142.;\u00a0 w marcu &#8211; 2,29; we wrze\u015bniu \u2013 2,39; przed \u015bwi\u0119tami (i dzi\u015b) \u2013 2,49. Je\u015bli o m\u0105k\u0119 chodzi to w przeci\u0105gu roku, czyli od grudnia 2020 do grudnia 2021 skoczy\u0142a z 1,49z\u0142. na 1,99, (a wcze\u015bniej pami\u0119tam j\u0105 za 1,19). M\u0105ka tortowa w grudniu 2020 \u2013 1,29z\u0142.,\u00a0 a w pa\u017adzierniku p\u0142aci\u0142am\u00a0 2.19z\u0142. Jeszcze chleb \u2013 przecie\u017c artyku\u0142 podstawowy, kupuj\u0119 ten sam i zmiana jest z 1,99 z\u0142. na 2,19 (dzi\u015b). \u00a0Olej du\u017cy kujawski kupuj\u0119, (taki 2l) mam zanotowane w zeszycie, \u017ce w grudniu 2020 zap\u0142aci\u0142am za niego 13,99z\u0142., w czerwcu 2021 \u2013 14,49; w listopadzie \u2013 18,99; dzi\u015b \u2013 19,95z\u0142.<\/p>\n<p>No! To taki ma\u0142y przegl\u0105d asortymentu. I we\u017a tu cz\u0142owieku oszcz\u0119d\u017a na czymkolwiek je\u015bli wszystko zmienia ceny. O, cho\u0107by taki Otrivin, kropelki do nosa z 16,99 na 18,99z\u0142. Ju\u017c nie chc\u0119 katowa\u0107 Was i siebie, pozostawi\u0119 temat\u2026<\/p>\n<p>Pochwal\u0119 si\u0119 za to jaka sprytna jestem i zrobi\u0142am trzy w jednym &#x1f600; czyli w jednym garnku gotowa\u0142y si\u0119 warzywa na sa\u0142atk\u0119, seler na kotlety i reszta na kapu\u015bniak. Oczywi\u015bcie poza kiszon\u0105 kapust\u0105, kt\u00f3rej resztka zosta\u0142a okrutnie kwa\u015bna i wykorzysta\u0142am j\u0105 w ten spos\u00f3b. Babcia D. kapu\u015bniak lubi, wi\u0119c ja mia\u0142am przyjemno\u015b\u0107, ze zjad\u0142a ze smakiem. W og\u00f3le dobry wyszed\u0142 &#x1f642;<\/p>\n<div id=\"attachment_5274\" style=\"width: 360px\" class=\"wp-caption aligncenter\"><img loading=\"lazy\" decoding=\"async\" aria-describedby=\"caption-attachment-5274\" class=\"wp-image-5274\" src=\"https:\/\/annapisze.art\/wp-content\/uploads\/2022\/01\/20211230_114732.jpg\" alt=\"\" width=\"350\" height=\"323\" srcset=\"https:\/\/annapisze.art\/wp-content\/uploads\/2022\/01\/20211230_114732.jpg 676w, https:\/\/annapisze.art\/wp-content\/uploads\/2022\/01\/20211230_114732-300x277.jpg 300w\" sizes=\"auto, (max-width: 350px) 100vw, 350px\" \/><p id=\"caption-attachment-5274\" class=\"wp-caption-text\">&#8230; wszystko razem w jednym garze si\u0119 gotuje &#8230;<\/p><\/div>\n<div id=\"attachment_5275\" style=\"width: 360px\" class=\"wp-caption aligncenter\"><img loading=\"lazy\" decoding=\"async\" aria-describedby=\"caption-attachment-5275\" class=\"wp-image-5275\" src=\"https:\/\/annapisze.art\/wp-content\/uploads\/2022\/01\/20211230_121738.jpg\" alt=\"\" width=\"350\" height=\"368\" srcset=\"https:\/\/annapisze.art\/wp-content\/uploads\/2022\/01\/20211230_121738.jpg 594w, https:\/\/annapisze.art\/wp-content\/uploads\/2022\/01\/20211230_121738-286x300.jpg 286w\" sizes=\"auto, (max-width: 350px) 100vw, 350px\" \/><p id=\"caption-attachment-5275\" class=\"wp-caption-text\">&#8230; tylko pokroi\u0107 na sa\u0142atk\u0119 &#8230;<\/p><\/div>\n<div id=\"attachment_5276\" style=\"width: 360px\" class=\"wp-caption aligncenter\"><img loading=\"lazy\" decoding=\"async\" aria-describedby=\"caption-attachment-5276\" class=\"wp-image-5276\" src=\"https:\/\/annapisze.art\/wp-content\/uploads\/2022\/01\/20211230_121757.jpg\" alt=\"\" width=\"350\" height=\"316\" srcset=\"https:\/\/annapisze.art\/wp-content\/uploads\/2022\/01\/20211230_121757.jpg 692w, https:\/\/annapisze.art\/wp-content\/uploads\/2022\/01\/20211230_121757-300x271.jpg 300w\" sizes=\"auto, (max-width: 350px) 100vw, 350px\" \/><p id=\"caption-attachment-5276\" class=\"wp-caption-text\">&#8230; seler a\u017c si\u0119 prosi o panierk\u0119 z przyprawami &#8230;<\/p><\/div>\n<div id=\"attachment_5277\" style=\"width: 360px\" class=\"wp-caption aligncenter\"><img loading=\"lazy\" decoding=\"async\" aria-describedby=\"caption-attachment-5277\" class=\"wp-image-5277\" src=\"https:\/\/annapisze.art\/wp-content\/uploads\/2022\/01\/20211230_121918.jpg\" alt=\"\" width=\"350\" height=\"333\" srcset=\"https:\/\/annapisze.art\/wp-content\/uploads\/2022\/01\/20211230_121918.jpg 655w, https:\/\/annapisze.art\/wp-content\/uploads\/2022\/01\/20211230_121918-300x286.jpg 300w\" sizes=\"auto, (max-width: 350px) 100vw, 350px\" \/><p id=\"caption-attachment-5277\" class=\"wp-caption-text\">&#8230; kapu\u015bniaczek w ca\u0142ej krasie czeka, \u017ceby do miseczek wskoczy\u0107 &#8230;<\/p><\/div>\n<p>Po zimie i \u015bniegu \u015bladu nie ma. To akurat mnie nie martwi, przecie\u017c zimna nie lubi\u0119, tylko po co leje ca\u0142y czas tak, \u017ce z psiepsio\u0142ami trudno wyj\u015b\u0107 &#x1f612; Mog\u0142oby chwilami przestawa\u0107. Mam jeszcze kilka fotek z akcentami \u015bwi\u0105tecznymi, umieszczam je i koniec tematu, zaczynam my\u015ble\u0107 o wio\u015bnie &#x1f642;<img loading=\"lazy\" decoding=\"async\" class=\"aligncenter wp-image-5268\" src=\"https:\/\/annapisze.art\/wp-content\/uploads\/2022\/01\/20220102_155714.jpg\" alt=\"\" width=\"350\" height=\"466\" srcset=\"https:\/\/annapisze.art\/wp-content\/uploads\/2022\/01\/20220102_155714.jpg 469w, https:\/\/annapisze.art\/wp-content\/uploads\/2022\/01\/20220102_155714-225x300.jpg 225w\" sizes=\"auto, (max-width: 350px) 100vw, 350px\" \/><\/p>\n<p><img loading=\"lazy\" decoding=\"async\" class=\"aligncenter wp-image-5269\" src=\"https:\/\/annapisze.art\/wp-content\/uploads\/2022\/01\/20211230_224803.jpg\" alt=\"\" width=\"350\" height=\"466\" srcset=\"https:\/\/annapisze.art\/wp-content\/uploads\/2022\/01\/20211230_224803.jpg 469w, https:\/\/annapisze.art\/wp-content\/uploads\/2022\/01\/20211230_224803-225x300.jpg 225w\" sizes=\"auto, (max-width: 350px) 100vw, 350px\" \/><\/p>\n<p><img loading=\"lazy\" decoding=\"async\" class=\"aligncenter wp-image-5270\" src=\"https:\/\/annapisze.art\/wp-content\/uploads\/2022\/01\/20211230_224749.jpg\" alt=\"\" width=\"350\" height=\"378\" srcset=\"https:\/\/annapisze.art\/wp-content\/uploads\/2022\/01\/20211230_224749.jpg 578w, https:\/\/annapisze.art\/wp-content\/uploads\/2022\/01\/20211230_224749-277x300.jpg 277w\" sizes=\"auto, (max-width: 350px) 100vw, 350px\" \/><\/p>\n<p><img loading=\"lazy\" decoding=\"async\" class=\"aligncenter wp-image-5271\" src=\"https:\/\/annapisze.art\/wp-content\/uploads\/2022\/01\/20211230_224732.jpg\" alt=\"\" width=\"350\" height=\"406\" srcset=\"https:\/\/annapisze.art\/wp-content\/uploads\/2022\/01\/20211230_224732.jpg 539w, https:\/\/annapisze.art\/wp-content\/uploads\/2022\/01\/20211230_224732-259x300.jpg 259w\" sizes=\"auto, (max-width: 350px) 100vw, 350px\" \/><\/p>\n<div id=\"attachment_5279\" style=\"width: 360px\" class=\"wp-caption aligncenter\"><img loading=\"lazy\" decoding=\"async\" aria-describedby=\"caption-attachment-5279\" class=\"wp-image-5279\" src=\"https:\/\/annapisze.art\/wp-content\/uploads\/2022\/01\/thumbnail_IMG_20211224_134625-766x1024.jpg\" alt=\"\" width=\"350\" height=\"468\" srcset=\"https:\/\/annapisze.art\/wp-content\/uploads\/2022\/01\/thumbnail_IMG_20211224_134625-766x1024.jpg 766w, https:\/\/annapisze.art\/wp-content\/uploads\/2022\/01\/thumbnail_IMG_20211224_134625-224x300.jpg 224w, https:\/\/annapisze.art\/wp-content\/uploads\/2022\/01\/thumbnail_IMG_20211224_134625.jpg 957w\" sizes=\"auto, (max-width: 350px) 100vw, 350px\" \/><p id=\"caption-attachment-5279\" class=\"wp-caption-text\">&#8230; jeszcze tarasowa choineczka mojej kuzynki, kt\u00f3ra potem b\u0119dzie ros\u0142a w ogr\u00f3dku (choinka, nie kuzynka, hi hi ) &#8230;<\/p><\/div>\n<div id=\"attachment_5280\" style=\"width: 360px\" class=\"wp-caption aligncenter\"><img loading=\"lazy\" decoding=\"async\" aria-describedby=\"caption-attachment-5280\" class=\"wp-image-5280\" src=\"https:\/\/annapisze.art\/wp-content\/uploads\/2022\/01\/thumbnail_IMG_20211224_134642-766x1024.jpg\" alt=\"\" width=\"350\" height=\"468\" srcset=\"https:\/\/annapisze.art\/wp-content\/uploads\/2022\/01\/thumbnail_IMG_20211224_134642-766x1024.jpg 766w, https:\/\/annapisze.art\/wp-content\/uploads\/2022\/01\/thumbnail_IMG_20211224_134642-224x300.jpg 224w, https:\/\/annapisze.art\/wp-content\/uploads\/2022\/01\/thumbnail_IMG_20211224_134642.jpg 957w\" sizes=\"auto, (max-width: 350px) 100vw, 350px\" \/><p id=\"caption-attachment-5280\" class=\"wp-caption-text\">&#8230; ta sama choineczka z cudnym dodatkiem &#x1f415; &#8230;<\/p><\/div>\n<p style=\"text-align: center;\">Na koniec pierwszy \u015bwit w 2022 roku.<\/p>\n<div id=\"attachment_5272\" style=\"width: 843px\" class=\"wp-caption aligncenter\"><img loading=\"lazy\" decoding=\"async\" aria-describedby=\"caption-attachment-5272\" class=\"wp-image-5272 size-full\" src=\"https:\/\/annapisze.art\/wp-content\/uploads\/2022\/01\/20220103_071118.jpg\" alt=\"\" width=\"833\" height=\"625\" srcset=\"https:\/\/annapisze.art\/wp-content\/uploads\/2022\/01\/20220103_071118.jpg 833w, https:\/\/annapisze.art\/wp-content\/uploads\/2022\/01\/20220103_071118-300x225.jpg 300w\" sizes=\"auto, (max-width: 833px) 100vw, 833px\" \/><p id=\"caption-attachment-5272\" class=\"wp-caption-text\">&#8230; to nie s\u0105 g\u00f3ry w tle, to tylko chmury &#8230;<\/p><\/div>\n<p>I to by by\u0142o na tyle &#8211; cytuj\u0105c klasyka &#x1f600; czyli koniec na dzisiaj.\u00a0 Wszystkiego dobrego!<\/p>\n<p style=\"text-align: center;\">\u00a0 Do nast\u0119pnego spotkania i oczywi\u015bcie &#8211; trzymajcie si\u0119 zdrowo!<\/p>\n<div class=\"fcbkbttn_buttons_block\" id=\"fcbkbttn_middle\"><div class=\"fcbkbttn_like \"><fb:like href=\"https:\/\/annapisze.art\/?p=5267\" action=\"like\" colorscheme=\"light\" layout=\"box_count\"  size=\"small\"><\/fb:like><\/div><div class=\"fb-share-button  \" data-href=\"https:\/\/annapisze.art\/?p=5267\" data-type=\"button_count\" data-size=\"small\"><\/div><\/div>","protected":false},"excerpt":{"rendered":"<p>Prowadz\u0119 od kilku lat rachunki domowe uwieczniaj\u0105c je w kolejnych zeszytach. Ka\u017cdy rachunek, ka\u017cdy zakup ma tam swoje miejsce dzi\u0119ki czemu wiem gdzie znikaj\u0105 pieni\u0105dze. Robi\u0105 to w spos\u00f3b niewiarygodnie szybki dlatego swego czasu postanowi\u0142am przeprowadzi\u0107 \u015bledztwo, by wiedzie\u0107 gdzie &hellip; <a href=\"https:\/\/annapisze.art\/?p=5267\">Czytaj dalej <span class=\"meta-nav\">&rarr;<\/span><\/a><\/p>\n","protected":false},"author":1,"featured_media":0,"comment_status":"open","ping_status":"open","sticky":false,"template":"","format":"standard","meta":{"footnotes":""},"categories":[22,8],"tags":[],"class_list":["post-5267","post","type-post","status-publish","format-standard","hentry","category-kuchennie-i-smacznie","category-mysle-sobie"],"_links":{"self":[{"href":"https:\/\/annapisze.art\/index.php?rest_route=\/wp\/v2\/posts\/5267","targetHints":{"allow":["GET"]}}],"collection":[{"href":"https:\/\/annapisze.art\/index.php?rest_route=\/wp\/v2\/posts"}],"about":[{"href":"https:\/\/annapisze.art\/index.php?rest_route=\/wp\/v2\/types\/post"}],"author":[{"embeddable":true,"href":"https:\/\/annapisze.art\/index.php?rest_route=\/wp\/v2\/users\/1"}],"replies":[{"embeddable":true,"href":"https:\/\/annapisze.art\/index.php?rest_route=%2Fwp%2Fv2%2Fcomments&post=5267"}],"version-history":[{"count":4,"href":"https:\/\/annapisze.art\/index.php?rest_route=\/wp\/v2\/posts\/5267\/revisions"}],"predecessor-version":[{"id":5282,"href":"https:\/\/annapisze.art\/index.php?rest_route=\/wp\/v2\/posts\/5267\/revisions\/5282"}],"wp:attachment":[{"href":"https:\/\/annapisze.art\/index.php?rest_route=%2Fwp%2Fv2%2Fmedia&parent=5267"}],"wp:term":[{"taxonomy":"category","embeddable":true,"href":"https:\/\/annapisze.art\/index.php?rest_route=%2Fwp%2Fv2%2Fcategories&post=5267"},{"taxonomy":"post_tag","embeddable":true,"href":"https:\/\/annapisze.art\/index.php?rest_route=%2Fwp%2Fv2%2Ftags&post=5267"}],"curies":[{"name":"wp","href":"https:\/\/api.w.org\/{rel}","templated":true}]}}