{"id":5141,"date":"2021-11-20T08:26:32","date_gmt":"2021-11-20T07:26:32","guid":{"rendered":"http:\/\/annapisze.art\/?p=5141"},"modified":"2021-11-20T08:26:32","modified_gmt":"2021-11-20T07:26:32","slug":"niby-zwyczajny-dzien","status":"publish","type":"post","link":"https:\/\/annapisze.art\/?p=5141","title":{"rendered":"Niby zwyczajny dzie\u0144"},"content":{"rendered":"<p>Niby taki zwyczajny dzie\u0144. No nie, sobota, to zawsze dzie\u0144 mi\u0142y sercu by\u0142, nawet wtedy gdy jeszcze nie by\u0142o \u201egierkowej soboty\u201d. Kto\u015b pami\u0119ta, \u017ce pierwsze wolne od pracy soboty tak by\u0142y nazywane? Wydawa\u0142o mi si\u0119, \u017ce to dzie\u0144 najpi\u0119kniejszy w \u015bwiecie, mog\u0142am zosta\u0107 z dzie\u0107mi w domu, nadgoni\u0107 tygodniowe zaleg\u0142o\u015bci, kt\u00f3rych si\u0119 zawsze uzbiera\u0142o. W ko\u0144cu praca i dojazd zabiera\u0142y mn\u00f3stwo czasu, metra nie by\u0142o jeszcze, zakupy \u2013 do \u0142atwych i szybkich\u00a0 nie nale\u017ca\u0142y &#8211; robione na dodatek z my\u015bl\u0105 co te\u017c te moje Brysie w domu narobi\u0142y\u2026 \u00a0A przecie\u017c wiadomo, \u017ce ch\u0142opcy plus s\u0105siedzkie towarzystwo po powrocie ze szko\u0142y to zawsze jakie\u015b niesamowite pomys\u0142y &#x1f60a; jak cho\u0107by zbiorowe bieganie po dachu czteropi\u0119trowego bloku czy skupianie promieni s\u0142onecznych szk\u0142em optycznym a\u017c do zapalenia na balkonie gazety wniesionej potem na butach do pokoju razem z p\u0142omieniem\u2026 O szkole i zwi\u0105zanych z ni\u0105 \u201eatrakcjach\u201d wola\u0142abym zapomnie\u0107, ale si\u0119 nie da. Awersj\u0119 do instytucji mam do dzi\u015b, szczeg\u00f3lnie w obecnym kszta\u0142cie i wsp\u00f3\u0142czuje m\u0142odzie\u017cy z ca\u0142ego serca.<\/p>\n<p>Dzisiejszy dzie\u0144 jest wyj\u0105tkowy z innego powodu &#8211; to urodziny mojego taty, zapali\u0142am \u015bwieczk\u0119 na kominku jak zawsze robi\u0119. Wspomnienia o tacie s\u0105 tu:\u00a0 \u00a0 <a href=\"https:\/\/annapisze.art\/?p=2171\">https:\/\/annapisze.art\/?p=2171<\/a> oraz tu:\u00a0 \u00a0 <a href=\"https:\/\/annapisze.art\/?p=3006\">https:\/\/annapisze.art\/?p=3006<\/a><\/p>\n<p>Za oknem w tej chwili \u015bwieci s\u0142o\u0144ce, zimno nie jest cho\u0107 wiatr jeszcze mocno wieje. Zaraz wyskocz\u0119 do Biedronki, puszki dla psiepsio\u0142\u00f3w mi si\u0119 sko\u0144czy\u0142y i to podstawowy zakup b\u0119dzie. Wr\u00f3cili\u015bmy z \u0142\u0105ki i \u015bpi\u0105 sobie w najlepsze po \u015bniadanku \ud83d\ude42<\/p>\n<div id=\"attachment_5142\" style=\"width: 510px\" class=\"wp-caption aligncenter\"><img loading=\"lazy\" decoding=\"async\" aria-describedby=\"caption-attachment-5142\" class=\"wp-image-5142\" src=\"https:\/\/annapisze.art\/wp-content\/uploads\/2021\/11\/20211109_091723.jpg\" alt=\"\" width=\"500\" height=\"308\" srcset=\"https:\/\/annapisze.art\/wp-content\/uploads\/2021\/11\/20211109_091723.jpg 802w, https:\/\/annapisze.art\/wp-content\/uploads\/2021\/11\/20211109_091723-300x185.jpg 300w\" sizes=\"auto, (max-width: 500px) 100vw, 500px\" \/><p id=\"caption-attachment-5142\" class=\"wp-caption-text\">&#8230; gdzie mo\u017ce by\u0107 lepiej ni\u017c tu? &#8230;<\/p><\/div>\n<div id=\"attachment_5143\" style=\"width: 310px\" class=\"wp-caption aligncenter\"><img loading=\"lazy\" decoding=\"async\" aria-describedby=\"caption-attachment-5143\" class=\"wp-image-5143\" src=\"https:\/\/annapisze.art\/wp-content\/uploads\/2021\/11\/20211031_081828.jpg\" alt=\"\" width=\"300\" height=\"400\" srcset=\"https:\/\/annapisze.art\/wp-content\/uploads\/2021\/11\/20211031_081828.jpg 469w, https:\/\/annapisze.art\/wp-content\/uploads\/2021\/11\/20211031_081828-225x300.jpg 225w\" sizes=\"auto, (max-width: 300px) 100vw, 300px\" \/><p id=\"caption-attachment-5143\" class=\"wp-caption-text\">&#8230; jak mi robi\u0105 fotk\u0119 wol\u0119 otworzy\u0107 oczy, tak na wszelki wypadek musz\u0119 mie\u0107 wszystko pod kontrol\u0105 \ud83d\ude42 &#8230;<\/p><\/div>\n<p>W ogr\u00f3dku ostatnie przekwitni\u0119te marcinki wyrwa\u0142am, &#8222;panienek&#8221; nie ruszam, jeszcze kilka kwitnie. Zauwa\u017cyli\u015bmy z MS prze\u015bliczne ma\u0142e ptaszki, kt\u00f3re nasionka zajada\u0142y ze smakiem. Nie wiem kto one zacz \ud83d\ude09 lecz cudne. Nie uda\u0142o mi si\u0119 zrobi\u0107 zdj\u0119cia, nie chcia\u0142am ich p\u0142oszy\u0107, a na zrobionych przez szyb\u0119 nic nie da\u0142o si\u0119 zobaczy\u0107. Ca\u0142e stadko, chyba ze 12 ich by\u0142o, sfrun\u0119\u0142y i potrafi\u0142y si\u0119 utrzyma\u0107 na wiotkich ga\u0142\u0105zkach kwiatk\u00f3w \ud83d\ude42<\/p>\n<div id=\"attachment_5145\" style=\"width: 479px\" class=\"wp-caption aligncenter\"><img loading=\"lazy\" decoding=\"async\" aria-describedby=\"caption-attachment-5145\" class=\"wp-image-5145 size-full\" src=\"https:\/\/annapisze.art\/wp-content\/uploads\/2021\/11\/20211020_133539.jpg\" alt=\"\" width=\"469\" height=\"625\" srcset=\"https:\/\/annapisze.art\/wp-content\/uploads\/2021\/11\/20211020_133539.jpg 469w, https:\/\/annapisze.art\/wp-content\/uploads\/2021\/11\/20211020_133539-225x300.jpg 225w\" sizes=\"auto, (max-width: 469px) 100vw, 469px\" \/><p id=\"caption-attachment-5145\" class=\"wp-caption-text\">&#8230; marcinki jeszcze pi\u0119knie kwitn\u0105ce &#8230;<\/p><\/div>\n<p>&nbsp;<\/p>\n<p><img loading=\"lazy\" decoding=\"async\" class=\"aligncenter size-full wp-image-5147\" src=\"https:\/\/annapisze.art\/wp-content\/uploads\/2021\/11\/20211020_133701.jpg\" alt=\"\" width=\"833\" height=\"625\" srcset=\"https:\/\/annapisze.art\/wp-content\/uploads\/2021\/11\/20211020_133701.jpg 833w, https:\/\/annapisze.art\/wp-content\/uploads\/2021\/11\/20211020_133701-300x225.jpg 300w\" sizes=\"auto, (max-width: 833px) 100vw, 833px\" \/><\/p>\n<div id=\"attachment_5148\" style=\"width: 843px\" class=\"wp-caption aligncenter\"><img loading=\"lazy\" decoding=\"async\" aria-describedby=\"caption-attachment-5148\" class=\"wp-image-5148 size-full\" src=\"https:\/\/annapisze.art\/wp-content\/uploads\/2021\/11\/20211020_133743.jpg\" alt=\"\" width=\"833\" height=\"625\" srcset=\"https:\/\/annapisze.art\/wp-content\/uploads\/2021\/11\/20211020_133743.jpg 833w, https:\/\/annapisze.art\/wp-content\/uploads\/2021\/11\/20211020_133743-300x225.jpg 300w\" sizes=\"auto, (max-width: 833px) 100vw, 833px\" \/><p id=\"caption-attachment-5148\" class=\"wp-caption-text\">&#8230; rozchodniki , czyli pancerne kwiatki, kwitn\u0105 nadal i b\u0119d\u0105 sobie tak sta\u0142y do wiosny, wygl\u0105daj\u0105 \u0142adnie obsypane \u015bniegiem &#8230;<\/p><\/div>\n<p>Weekend mo\u017ce b\u0119dzie s\u0142oneczny i da si\u0119 i\u015b\u0107 na dalszy spacer w ramach poprawy formy w\u0142asnej i psiepsio\u0142\u00f3w. One s\u0105 cudne gdy si\u0119 namawiaj\u0105 do wsp\u00f3lnego dzia\u0142ania. Spogl\u0105daj\u0105 na siebie, co\u015b sobie daj\u0105 do zrozumienia po czym np. zapieraj\u0105 si\u0119 w miejscu co oznacza &#8222;ani kroku dalej&#8221;, albo &#8222;biegniemy&#8221; &#x1f415;&#x1f415;&#x1f601;\u00a0 Przed wej\u015bciem do domu sprawdzaj\u0105 czy nie ma w pobli\u017cu Franka. Poniewa\u017c by\u0142o zimno i deszczowo ostatnimi czasy Franu\u015b sp\u0119dza\u0142 u nas sporo czasu i&#8230; niespodzianka, wskoczy\u0142 MS na kolana i spa\u0142 pe\u0142en zaufania &#x1f60d;&#x1f60d;&#x1f60d;<\/p>\n<p><img loading=\"lazy\" decoding=\"async\" class=\"aligncenter wp-image-5150\" src=\"https:\/\/annapisze.art\/wp-content\/uploads\/2021\/11\/IMG_20211113_110607.jpg\" alt=\"\" width=\"400\" height=\"300\" srcset=\"https:\/\/annapisze.art\/wp-content\/uploads\/2021\/11\/IMG_20211113_110607.jpg 833w, https:\/\/annapisze.art\/wp-content\/uploads\/2021\/11\/IMG_20211113_110607-300x225.jpg 300w\" sizes=\"auto, (max-width: 400px) 100vw, 400px\" \/><\/p>\n<div id=\"attachment_5151\" style=\"width: 310px\" class=\"wp-caption aligncenter\"><img loading=\"lazy\" decoding=\"async\" aria-describedby=\"caption-attachment-5151\" class=\"wp-image-5151\" src=\"https:\/\/annapisze.art\/wp-content\/uploads\/2021\/11\/20211111_121804.jpg\" alt=\"\" width=\"300\" height=\"400\" srcset=\"https:\/\/annapisze.art\/wp-content\/uploads\/2021\/11\/20211111_121804.jpg 469w, https:\/\/annapisze.art\/wp-content\/uploads\/2021\/11\/20211111_121804-225x300.jpg 225w\" sizes=\"auto, (max-width: 300px) 100vw, 300px\" \/><p id=\"caption-attachment-5151\" class=\"wp-caption-text\">&#8230; i jak Franusia nie kocha\u0107? \ud83d\ude42 \ud83d\ude42 \ud83d\ude42 &#8230;<\/p><\/div>\n<p style=\"text-align: center;\">Spokojnego weekendu mimo wszystko i na przek\u00f3r. Trzymajcie si\u0119 zdrowo!<\/p>\n<div class=\"fcbkbttn_buttons_block\" id=\"fcbkbttn_middle\"><div class=\"fcbkbttn_like \"><fb:like href=\"https:\/\/annapisze.art\/?p=5141\" action=\"like\" colorscheme=\"light\" layout=\"box_count\"  size=\"small\"><\/fb:like><\/div><div class=\"fb-share-button  \" data-href=\"https:\/\/annapisze.art\/?p=5141\" data-type=\"button_count\" data-size=\"small\"><\/div><\/div>","protected":false},"excerpt":{"rendered":"<p>Niby taki zwyczajny dzie\u0144. No nie, sobota, to zawsze dzie\u0144 mi\u0142y sercu by\u0142, nawet wtedy gdy jeszcze nie by\u0142o \u201egierkowej soboty\u201d. Kto\u015b pami\u0119ta, \u017ce pierwsze wolne od pracy soboty tak by\u0142y nazywane? Wydawa\u0142o mi si\u0119, \u017ce to dzie\u0144 najpi\u0119kniejszy w &hellip; <a href=\"https:\/\/annapisze.art\/?p=5141\">Czytaj dalej <span class=\"meta-nav\">&rarr;<\/span><\/a><\/p>\n","protected":false},"author":1,"featured_media":0,"comment_status":"open","ping_status":"open","sticky":false,"template":"","format":"standard","meta":{"footnotes":""},"categories":[8],"tags":[],"class_list":["post-5141","post","type-post","status-publish","format-standard","hentry","category-mysle-sobie"],"_links":{"self":[{"href":"https:\/\/annapisze.art\/index.php?rest_route=\/wp\/v2\/posts\/5141","targetHints":{"allow":["GET"]}}],"collection":[{"href":"https:\/\/annapisze.art\/index.php?rest_route=\/wp\/v2\/posts"}],"about":[{"href":"https:\/\/annapisze.art\/index.php?rest_route=\/wp\/v2\/types\/post"}],"author":[{"embeddable":true,"href":"https:\/\/annapisze.art\/index.php?rest_route=\/wp\/v2\/users\/1"}],"replies":[{"embeddable":true,"href":"https:\/\/annapisze.art\/index.php?rest_route=%2Fwp%2Fv2%2Fcomments&post=5141"}],"version-history":[{"count":2,"href":"https:\/\/annapisze.art\/index.php?rest_route=\/wp\/v2\/posts\/5141\/revisions"}],"predecessor-version":[{"id":5152,"href":"https:\/\/annapisze.art\/index.php?rest_route=\/wp\/v2\/posts\/5141\/revisions\/5152"}],"wp:attachment":[{"href":"https:\/\/annapisze.art\/index.php?rest_route=%2Fwp%2Fv2%2Fmedia&parent=5141"}],"wp:term":[{"taxonomy":"category","embeddable":true,"href":"https:\/\/annapisze.art\/index.php?rest_route=%2Fwp%2Fv2%2Fcategories&post=5141"},{"taxonomy":"post_tag","embeddable":true,"href":"https:\/\/annapisze.art\/index.php?rest_route=%2Fwp%2Fv2%2Ftags&post=5141"}],"curies":[{"name":"wp","href":"https:\/\/api.w.org\/{rel}","templated":true}]}}