{"id":5075,"date":"2021-10-25T07:04:10","date_gmt":"2021-10-25T05:04:10","guid":{"rendered":"http:\/\/annapisze.art\/?p=5075"},"modified":"2021-10-25T07:06:48","modified_gmt":"2021-10-25T05:06:48","slug":"koniec-pazdziernika-coraz-blizej","status":"publish","type":"post","link":"https:\/\/annapisze.art\/?p=5075","title":{"rendered":"Koniec pa\u017adziernika coraz bli\u017cej&#8230;"},"content":{"rendered":"<p>Zbli\u017ca si\u0119 koniec pa\u017adziernika czyli definitywny koniec jesieni. Listopad to ju\u017c w og\u00f3le z niczym przyjemnym si\u0119 nie kojarzy je\u015bli chodzi o pogod\u0119. Natomiast pod innym wzgl\u0119dem w dzieci\u0144stwie by\u0142 interesuj\u0105cy, poniewa\u017c wypada\u0142y urodziny oraz imieniny taty. My\u015bla\u0142y\u015bmy z siostr\u0105 o prezencie, ja laurki rysowa\u0142am (ona ju\u017c si\u0119 czu\u0142a zbyt doros\u0142a na tak\u0105 dziecinad\u0119, w ko\u0144cu mia\u0142a 5 lat wi\u0119cej ode mnie co w dzieci\u0144stwie jest ogromn\u0105 r\u00f3\u017cnic\u0105, kt\u00f3ra si\u0119 p\u00f3\u017aniej zaciera). Przypomnia\u0142 mi si\u0119 zwyczaj jaki panowa\u0142 w Opolu (moja podstaw\u00f3wka). W dniu imienin dzieci rano (przed szko\u0142\u0105) zanosi\u0142y prezenty doros\u0142ym w okolicy &#8211; \u00a0przyjacio\u0142om rodziny, znajomym, a rodzice wieczorem szli na imprez\u0119. Sama kilkakrotnie zanosi\u0142am st\u0105d wiem, \u017ce tak by\u0142o. Czemu, sk\u0105d taki zwyczaj &#8211; poj\u0119cia nie mam, ale pami\u0119tam. Opole wspominam z wielkim sentymentem, bardzo mi tam by\u0142o dobrze, czu\u0142am si\u0119 wspaniale \u00a0&#8211; oczywi\u015bcie poza chodzeniem do szko\u0142y, ale i tak by\u0142o fajnie. Na przerwach ganiali\u015bmy po podw\u00f3rku, grali\u015bmy w &#8222;pomoc&#8221; podczas biegania, w klasy, w ch\u0142opka, pobija\u0142y\u015bmy rekordy w skakaniu na skakance, \u00a0ch\u0142opcy kopali &#8222;zo\u015bk\u0119&#8221;&#8230;\u00a0 Szko\u0142a by\u0142a w starym, poklasztornym budynkiu obro\u015bni\u0119tym dzikim winem co ob\u0142\u0119dnie wygl\u0105da\u0142o gdy li\u015bcie si\u0119 czerwieni\u0142y&#8230; Ale mi si\u0119 przypomnia\u0142o \ud83d\ude42 \u00a0C\u00f3\u017c, jesie\u0144 &#8222;na polu&#8221; i &#8222;na dworze&#8221; czyli na zewn\u0105trz, \u00a0PESEL te\u017c ju\u017c bardziej jesienny to nic dziwnego. Mimo to &#8221; w sercu ci\u0105gle maj&#8221; &#8211; a nawet kwiecie\u0144 i tak ma by\u0107 \ud83d\ude42 \ud83d\ude42 \ud83d\ude42<\/p>\n<p>Przy okazji &#8222;jesieni&#8221; powiem, \u017ce trafi\u0142am na wypowied\u017a kobiety w jesiennym wieku (prawie r\u00f3wie\u015bnicy mojej), a\u00a0 poniewa\u017c wspomnienia wr\u00f3ci\u0142y pewnie dzi\u0119ki niej te\u017c, to prosz\u0119 bardzo, niech czyta kto chce \u00a0<a href=\"https:\/\/www.onet.pl\/styl-zycia\/kobietaxl\/wychowalam-sie-w-prl-wtedy-bardziej-szanowalo-sie-kobiety-list\/t2426fz,30bc1058\">https:\/\/www.onet.pl\/styl-zycia\/kobietaxl\/wychowalam-sie-w-prl-wtedy-bardziej-szanowalo-sie-kobiety-list\/t2426fz,30bc1058<\/a><\/p>\n<p>Podczas spacer\u00f3w z psiepsio\u0142ami w dalszym ci\u0105gu zachwycamy si\u0119 barwami jesieni, jeszcze na szcz\u0119\u015bcie s\u0105, a ja nie mog\u0119 si\u0119 powstrzyma\u0107 od pstrykania fotek. Zaw\u0119drowali\u015bmy kilkakrotnie przez lasek na ulic\u0119 Zimow\u0105 w Chyliczkach (albo Chylicach, nie wiem jak biegnie granica). My\u015bl\u0119, \u017ce Krysia &#8211; <a href=\"http:\/\/krystynaczarnecka.pl\/\">http:\/\/krystynaczarnecka.pl\/<\/a>\u00a0 \u00a0 \u00a0rozpozna jakie\u015b znajome miejsca.<\/p>\n<div id=\"attachment_5077\" style=\"width: 866px\" class=\"wp-caption aligncenter\"><img loading=\"lazy\" decoding=\"async\" aria-describedby=\"caption-attachment-5077\" class=\"wp-image-5077 size-full\" src=\"https:\/\/annapisze.art\/wp-content\/uploads\/2021\/10\/20211023_150852.jpg\" alt=\"\" width=\"856\" height=\"642\" srcset=\"https:\/\/annapisze.art\/wp-content\/uploads\/2021\/10\/20211023_150852.jpg 856w, https:\/\/annapisze.art\/wp-content\/uploads\/2021\/10\/20211023_150852-300x225.jpg 300w\" sizes=\"auto, (max-width: 856px) 100vw, 856px\" \/><p id=\"caption-attachment-5077\" class=\"wp-caption-text\">&#8230; wzd\u0142u\u017c siatki &#8222;naszym laskiem&#8221; idziemy przed siebie &#8230;<\/p><\/div>\n<div id=\"attachment_5078\" style=\"width: 866px\" class=\"wp-caption aligncenter\"><img loading=\"lazy\" decoding=\"async\" aria-describedby=\"caption-attachment-5078\" class=\"wp-image-5078 size-full\" src=\"https:\/\/annapisze.art\/wp-content\/uploads\/2021\/10\/20211023_150854.jpg\" alt=\"\" width=\"856\" height=\"642\" srcset=\"https:\/\/annapisze.art\/wp-content\/uploads\/2021\/10\/20211023_150854.jpg 856w, https:\/\/annapisze.art\/wp-content\/uploads\/2021\/10\/20211023_150854-300x225.jpg 300w\" sizes=\"auto, (max-width: 856px) 100vw, 856px\" \/><p id=\"caption-attachment-5078\" class=\"wp-caption-text\">&#8230; cudnie jest &#8230;<\/p><\/div>\n<div id=\"attachment_5079\" style=\"width: 923px\" class=\"wp-caption aligncenter\"><img loading=\"lazy\" decoding=\"async\" aria-describedby=\"caption-attachment-5079\" class=\"wp-image-5079 size-full\" src=\"https:\/\/annapisze.art\/wp-content\/uploads\/2021\/10\/20211023_151306.jpg\" alt=\"\" width=\"913\" height=\"685\" srcset=\"https:\/\/annapisze.art\/wp-content\/uploads\/2021\/10\/20211023_151306.jpg 913w, https:\/\/annapisze.art\/wp-content\/uploads\/2021\/10\/20211023_151306-300x225.jpg 300w\" sizes=\"auto, (max-width: 913px) 100vw, 913px\" \/><p id=\"caption-attachment-5079\" class=\"wp-caption-text\">&#8230; tu by\u0142o do tej pory te\u017c cudnie, ale postawiono ogrodzenie, zakryto widok przed oczami przechodni\u00f3w i ju\u017c tak cudnie nie jest &#8230;<\/p><\/div>\n<div id=\"attachment_5080\" style=\"width: 866px\" class=\"wp-caption aligncenter\"><img loading=\"lazy\" decoding=\"async\" aria-describedby=\"caption-attachment-5080\" class=\"wp-image-5080 size-full\" src=\"https:\/\/annapisze.art\/wp-content\/uploads\/2021\/10\/20211023_151249.jpg\" alt=\"\" width=\"856\" height=\"642\" srcset=\"https:\/\/annapisze.art\/wp-content\/uploads\/2021\/10\/20211023_151249.jpg 856w, https:\/\/annapisze.art\/wp-content\/uploads\/2021\/10\/20211023_151249-300x225.jpg 300w\" sizes=\"auto, (max-width: 856px) 100vw, 856px\" \/><p id=\"caption-attachment-5080\" class=\"wp-caption-text\">&#8230; na szcz\u0119\u015bcie jeszcze jest gdzie spacerowa\u0107 &#8230;<\/p><\/div>\n<div id=\"attachment_5081\" style=\"width: 866px\" class=\"wp-caption aligncenter\"><img loading=\"lazy\" decoding=\"async\" aria-describedby=\"caption-attachment-5081\" class=\"wp-image-5081 size-full\" src=\"https:\/\/annapisze.art\/wp-content\/uploads\/2021\/10\/20211020_151214.jpg\" alt=\"\" width=\"856\" height=\"642\" srcset=\"https:\/\/annapisze.art\/wp-content\/uploads\/2021\/10\/20211020_151214.jpg 856w, https:\/\/annapisze.art\/wp-content\/uploads\/2021\/10\/20211020_151214-300x225.jpg 300w\" sizes=\"auto, (max-width: 856px) 100vw, 856px\" \/><p id=\"caption-attachment-5081\" class=\"wp-caption-text\">&#8230; przez dzikie pole, na kt\u00f3rych kiedy\u015b ros\u0142y jab\u0142onie, resztki jeszcze s\u0105 widoczne &#8230;<\/p><\/div>\n<div id=\"attachment_5082\" style=\"width: 866px\" class=\"wp-caption aligncenter\"><img loading=\"lazy\" decoding=\"async\" aria-describedby=\"caption-attachment-5082\" class=\"wp-image-5082 size-full\" src=\"https:\/\/annapisze.art\/wp-content\/uploads\/2021\/10\/20211020_151747.jpg\" alt=\"\" width=\"856\" height=\"642\" srcset=\"https:\/\/annapisze.art\/wp-content\/uploads\/2021\/10\/20211020_151747.jpg 856w, https:\/\/annapisze.art\/wp-content\/uploads\/2021\/10\/20211020_151747-300x225.jpg 300w\" sizes=\"auto, (max-width: 856px) 100vw, 856px\" \/><p id=\"caption-attachment-5082\" class=\"wp-caption-text\">&#8230; wydeptan\u0105 \u015bcie\u017ck\u0105 &#8230;<\/p><\/div>\n<div id=\"attachment_5083\" style=\"width: 866px\" class=\"wp-caption aligncenter\"><img loading=\"lazy\" decoding=\"async\" aria-describedby=\"caption-attachment-5083\" class=\"wp-image-5083 size-full\" src=\"https:\/\/annapisze.art\/wp-content\/uploads\/2021\/10\/20211020_151131.jpg\" alt=\"\" width=\"856\" height=\"642\" srcset=\"https:\/\/annapisze.art\/wp-content\/uploads\/2021\/10\/20211020_151131.jpg 856w, https:\/\/annapisze.art\/wp-content\/uploads\/2021\/10\/20211020_151131-300x225.jpg 300w\" sizes=\"auto, (max-width: 856px) 100vw, 856px\" \/><p id=\"caption-attachment-5083\" class=\"wp-caption-text\">&#8230; w\u015br\u00f3d r\u00f3\u017cnorakiej ro\u015blinno\u015bci &#8230;<\/p><\/div>\n<div id=\"attachment_5084\" style=\"width: 866px\" class=\"wp-caption aligncenter\"><img loading=\"lazy\" decoding=\"async\" aria-describedby=\"caption-attachment-5084\" class=\"wp-image-5084 size-full\" src=\"https:\/\/annapisze.art\/wp-content\/uploads\/2021\/10\/20211020_151144.jpg\" alt=\"\" width=\"856\" height=\"642\" srcset=\"https:\/\/annapisze.art\/wp-content\/uploads\/2021\/10\/20211020_151144.jpg 856w, https:\/\/annapisze.art\/wp-content\/uploads\/2021\/10\/20211020_151144-300x225.jpg 300w\" sizes=\"auto, (max-width: 856px) 100vw, 856px\" \/><p id=\"caption-attachment-5084\" class=\"wp-caption-text\">&#8230; urokliwie w ka\u017cdym miejscu &#8230;<\/p><\/div>\n<div id=\"attachment_5085\" style=\"width: 866px\" class=\"wp-caption aligncenter\"><img loading=\"lazy\" decoding=\"async\" aria-describedby=\"caption-attachment-5085\" class=\"wp-image-5085 size-full\" src=\"https:\/\/annapisze.art\/wp-content\/uploads\/2021\/10\/20211008_154956.jpg\" alt=\"\" width=\"856\" height=\"642\" srcset=\"https:\/\/annapisze.art\/wp-content\/uploads\/2021\/10\/20211008_154956.jpg 856w, https:\/\/annapisze.art\/wp-content\/uploads\/2021\/10\/20211008_154956-300x225.jpg 300w\" sizes=\"auto, (max-width: 856px) 100vw, 856px\" \/><p id=\"caption-attachment-5085\" class=\"wp-caption-text\">&#8230; tu jeszcze zielono, robione miesi\u0105c temu &#8230;<\/p><\/div>\n<div id=\"attachment_5086\" style=\"width: 866px\" class=\"wp-caption aligncenter\"><img loading=\"lazy\" decoding=\"async\" aria-describedby=\"caption-attachment-5086\" class=\"wp-image-5086 size-full\" src=\"https:\/\/annapisze.art\/wp-content\/uploads\/2021\/10\/20211008_155030.jpg\" alt=\"\" width=\"856\" height=\"642\" srcset=\"https:\/\/annapisze.art\/wp-content\/uploads\/2021\/10\/20211008_155030.jpg 856w, https:\/\/annapisze.art\/wp-content\/uploads\/2021\/10\/20211008_155030-300x225.jpg 300w\" sizes=\"auto, (max-width: 856px) 100vw, 856px\" \/><p id=\"caption-attachment-5086\" class=\"wp-caption-text\">&#8230; zaraz po powrocie ze Szczawnicy &#8230;<\/p><\/div>\n<div id=\"attachment_5087\" style=\"width: 735px\" class=\"wp-caption aligncenter\"><img loading=\"lazy\" decoding=\"async\" aria-describedby=\"caption-attachment-5087\" class=\"wp-image-5087 size-full\" src=\"https:\/\/annapisze.art\/wp-content\/uploads\/2021\/10\/20211006_160022-2.jpg\" alt=\"\" width=\"725\" height=\"642\" srcset=\"https:\/\/annapisze.art\/wp-content\/uploads\/2021\/10\/20211006_160022-2.jpg 725w, https:\/\/annapisze.art\/wp-content\/uploads\/2021\/10\/20211006_160022-2-300x266.jpg 300w\" sizes=\"auto, (max-width: 725px) 100vw, 725px\" \/><p id=\"caption-attachment-5087\" class=\"wp-caption-text\">&#8230; przy ul. Zimowej takie jab\u0142ka ros\u0142y na dzikim drzewie &#8230;<\/p><\/div>\n<div id=\"attachment_5088\" style=\"width: 650px\" class=\"wp-caption aligncenter\"><img loading=\"lazy\" decoding=\"async\" aria-describedby=\"caption-attachment-5088\" class=\"wp-image-5088 size-large\" src=\"https:\/\/annapisze.art\/wp-content\/uploads\/2021\/10\/20211006_155241-1024x576.jpg\" alt=\"\" width=\"640\" height=\"360\" srcset=\"https:\/\/annapisze.art\/wp-content\/uploads\/2021\/10\/20211006_155241-1024x576.jpg 1024w, https:\/\/annapisze.art\/wp-content\/uploads\/2021\/10\/20211006_155241-300x169.jpg 300w, https:\/\/annapisze.art\/wp-content\/uploads\/2021\/10\/20211006_155241.jpg 1142w\" sizes=\"auto, (max-width: 640px) 100vw, 640px\" \/><p id=\"caption-attachment-5088\" class=\"wp-caption-text\">fragment ul. Zimowej &#8230;<\/p><\/div>\n<div id=\"attachment_5089\" style=\"width: 650px\" class=\"wp-caption aligncenter\"><img loading=\"lazy\" decoding=\"async\" aria-describedby=\"caption-attachment-5089\" class=\"wp-image-5089 size-large\" src=\"https:\/\/annapisze.art\/wp-content\/uploads\/2021\/10\/20211006_155815-1024x576.jpg\" alt=\"\" width=\"640\" height=\"360\" srcset=\"https:\/\/annapisze.art\/wp-content\/uploads\/2021\/10\/20211006_155815-1024x576.jpg 1024w, https:\/\/annapisze.art\/wp-content\/uploads\/2021\/10\/20211006_155815-300x169.jpg 300w, https:\/\/annapisze.art\/wp-content\/uploads\/2021\/10\/20211006_155815.jpg 1142w\" sizes=\"auto, (max-width: 640px) 100vw, 640px\" \/><p id=\"caption-attachment-5089\" class=\"wp-caption-text\">&#8230; jak wy\u017cej &#8230;<\/p><\/div>\n<div id=\"attachment_5090\" style=\"width: 650px\" class=\"wp-caption aligncenter\"><img loading=\"lazy\" decoding=\"async\" aria-describedby=\"caption-attachment-5090\" class=\"wp-image-5090 size-large\" src=\"https:\/\/annapisze.art\/wp-content\/uploads\/2021\/10\/20211004_154059-1-1024x576.jpg\" alt=\"\" width=\"640\" height=\"360\" srcset=\"https:\/\/annapisze.art\/wp-content\/uploads\/2021\/10\/20211004_154059-1-1024x576.jpg 1024w, https:\/\/annapisze.art\/wp-content\/uploads\/2021\/10\/20211004_154059-1-300x169.jpg 300w, https:\/\/annapisze.art\/wp-content\/uploads\/2021\/10\/20211004_154059-1.jpg 1142w\" sizes=\"auto, (max-width: 640px) 100vw, 640px\" \/><p id=\"caption-attachment-5090\" class=\"wp-caption-text\">&#8230; powr\u00f3t do domu &#8230;<\/p><\/div>\n<p>Z kuchennych wyczyn\u00f3w &#8211; po raz drugi <strong>pasztet z soczewicy<\/strong> upiek\u0142am i r\u00f3wnie smakowity by\u0142 jak poprzednio. Babcia D. jad\u0142a a\u017c jej si\u0119 uszy trz\u0119s\u0142y przekonana, \u017ce to mi\u0119sny wyr\u00f3b. Zdj\u0119cia z pierwszej pr\u00f3by s\u0105 tu\u00a0<a href=\"https:\/\/annapisze.art\/?p=4941\">https:\/\/annapisze.art\/?p=4941<\/a><\/p>\n<div id=\"attachment_5091\" style=\"width: 461px\" class=\"wp-caption aligncenter\"><img loading=\"lazy\" decoding=\"async\" aria-describedby=\"caption-attachment-5091\" class=\"wp-image-5091\" src=\"https:\/\/annapisze.art\/wp-content\/uploads\/2021\/10\/IMG_20211016_090617_1.jpg\" alt=\"\" width=\"451\" height=\"338\" srcset=\"https:\/\/annapisze.art\/wp-content\/uploads\/2021\/10\/IMG_20211016_090617_1.jpg 856w, https:\/\/annapisze.art\/wp-content\/uploads\/2021\/10\/IMG_20211016_090617_1-300x225.jpg 300w\" sizes=\"auto, (max-width: 451px) 100vw, 451px\" \/><p id=\"caption-attachment-5091\" class=\"wp-caption-text\">&#8230; do \u015brodka w\u0142o\u017cy\u0142am og\u00f3rki konserwowe i dla smaku i dla wygl\u0105du &#8230;<\/p><\/div>\n<p>A drugi sprawdzony spos\u00f3b na dobre \u017care\u0142ko to <strong>fasolka z pieczarkami i cebulk\u0105<\/strong>. Fasolk\u0119 normalnie namoczy\u0142am na noc, ugotowa\u0142am (pami\u0119ta\u0142am, \u017ce bez soli!). Na ma\u015ble klarowanym usma\u017cy\u0142am cienkie paski pieczarek (znowu pami\u0119ta\u0142am, \u017ce bez soli!), cebulk\u0119 te\u017c na ma\u015ble klarowanym (ze sol\u0105). \u00a0I wi\u0119cej nie kombinowa\u0142am. Pieczarki i fasolk\u0119 posoli\u0142am po usma\u017ceniu\/ugotowaniu, po\u0142\u0105czy\u0142am razem z cebulk\u0105, przemiesza\u0142am i doda\u0142am zasma\u017ck\u0119 na ma\u015ble \u017ceby takie rzadkie nie by\u0142o. Mas\u0142a w ca\u0142o\u015bci wcale du\u017co nie zu\u017cy\u0142am cho\u0107 tak to brzmi. Kto chce mo\u017ce sobie danie zmodyfikowa\u0107. W ka\u017cdym razie by\u0142o pyyysznie \ud83d\ude42<\/p>\n<div id=\"attachment_5092\" style=\"width: 461px\" class=\"wp-caption aligncenter\"><img loading=\"lazy\" decoding=\"async\" aria-describedby=\"caption-attachment-5092\" class=\"wp-image-5092\" src=\"https:\/\/annapisze.art\/wp-content\/uploads\/2021\/10\/20211022_132732.jpg\" alt=\"\" width=\"451\" height=\"338\" srcset=\"https:\/\/annapisze.art\/wp-content\/uploads\/2021\/10\/20211022_132732.jpg 856w, https:\/\/annapisze.art\/wp-content\/uploads\/2021\/10\/20211022_132732-300x225.jpg 300w\" sizes=\"auto, (max-width: 451px) 100vw, 451px\" \/><p id=\"caption-attachment-5092\" class=\"wp-caption-text\">&#8230; oczywi\u015bcie pieprz doda\u0142am, czosnek granulowany te\u017c &#8230;<\/p><\/div>\n<p>Z cz\u0119\u015bci od\u0142o\u017conej fasolki przyrz\u0105dzi\u0142am <strong>smarowide\u0142ko<\/strong> do chleba w spos\u00f3b nast\u0119puj\u0105cy: podsma\u017cy\u0142am na patelni cebulk\u0119 (ze sol\u0105), doda\u0142am utarte na du\u017cych oczkach jab\u0142ka, poddusi\u0142am po czym przyprawi\u0142am majerankiem, pieprzem, czosnkiem granulowanym, po\u0142\u0105czy\u0142am z fasolk\u0105, zblendowa\u0142am i dopiero wtedy wrzuci\u0142am pokrojone suszone \u015bliwki. Dobrze wymiesza\u0142am i odstawi\u0142am do ostygni\u0119cia. Nooo, powiem Wam, \u017ce warto by\u0142o \ud83d\ude42<\/p>\n<p>A poza tym obejrza\u0142am &#8222;Narodziny gwiazdy&#8221; i zrycza\u0142am si\u0119 jak g\u0142upia&#8230; \u0141zy p\u0142yn\u0105\u00a0 te\u017c na my\u015bl o dzieciach w lesie&#8230; ju\u017c przymrozek dzi\u015b by\u0142&#8230;\u00a0 Naszych rodak\u00f3w uciekaj\u0105cych na zach\u00f3d przez zielon\u0105 granic\u0119 swego czasu nikt w lesie\u00a0 o g\u0142odzie nie trzyma\u0142&#8230; Niema\u0142o ich by\u0142o&#8230;<\/p>\n<p><img loading=\"lazy\" decoding=\"async\" class=\"aligncenter size-full wp-image-5097\" src=\"https:\/\/annapisze.art\/wp-content\/uploads\/2021\/10\/20211020_133529.jpg\" alt=\"\" width=\"448\" height=\"597\" srcset=\"https:\/\/annapisze.art\/wp-content\/uploads\/2021\/10\/20211020_133529.jpg 448w, https:\/\/annapisze.art\/wp-content\/uploads\/2021\/10\/20211020_133529-225x300.jpg 225w\" sizes=\"auto, (max-width: 448px) 100vw, 448px\" \/><\/p>\n<p style=\"text-align: center;\">Na przek\u00f3r wszystkiemu trzymajcie si\u0119 zdrowo!<\/p>\n<p>&nbsp;<\/p>\n<div class=\"fcbkbttn_buttons_block\" id=\"fcbkbttn_middle\"><div class=\"fcbkbttn_like \"><fb:like href=\"https:\/\/annapisze.art\/?p=5075\" action=\"like\" colorscheme=\"light\" layout=\"box_count\"  size=\"small\"><\/fb:like><\/div><div class=\"fb-share-button  \" data-href=\"https:\/\/annapisze.art\/?p=5075\" data-type=\"button_count\" data-size=\"small\"><\/div><\/div>","protected":false},"excerpt":{"rendered":"<p>Zbli\u017ca si\u0119 koniec pa\u017adziernika czyli definitywny koniec jesieni. Listopad to ju\u017c w og\u00f3le z niczym przyjemnym si\u0119 nie kojarzy je\u015bli chodzi o pogod\u0119. Natomiast pod innym wzgl\u0119dem w dzieci\u0144stwie by\u0142 interesuj\u0105cy, poniewa\u017c wypada\u0142y urodziny oraz imieniny taty. My\u015bla\u0142y\u015bmy z siostr\u0105 &hellip; <a href=\"https:\/\/annapisze.art\/?p=5075\">Czytaj dalej <span class=\"meta-nav\">&rarr;<\/span><\/a><\/p>\n","protected":false},"author":1,"featured_media":0,"comment_status":"open","ping_status":"open","sticky":false,"template":"","format":"standard","meta":{"footnotes":""},"categories":[22,8,23],"tags":[],"class_list":["post-5075","post","type-post","status-publish","format-standard","hentry","category-kuchennie-i-smacznie","category-mysle-sobie","category-piaseczno"],"_links":{"self":[{"href":"https:\/\/annapisze.art\/index.php?rest_route=\/wp\/v2\/posts\/5075","targetHints":{"allow":["GET"]}}],"collection":[{"href":"https:\/\/annapisze.art\/index.php?rest_route=\/wp\/v2\/posts"}],"about":[{"href":"https:\/\/annapisze.art\/index.php?rest_route=\/wp\/v2\/types\/post"}],"author":[{"embeddable":true,"href":"https:\/\/annapisze.art\/index.php?rest_route=\/wp\/v2\/users\/1"}],"replies":[{"embeddable":true,"href":"https:\/\/annapisze.art\/index.php?rest_route=%2Fwp%2Fv2%2Fcomments&post=5075"}],"version-history":[{"count":7,"href":"https:\/\/annapisze.art\/index.php?rest_route=\/wp\/v2\/posts\/5075\/revisions"}],"predecessor-version":[{"id":5099,"href":"https:\/\/annapisze.art\/index.php?rest_route=\/wp\/v2\/posts\/5075\/revisions\/5099"}],"wp:attachment":[{"href":"https:\/\/annapisze.art\/index.php?rest_route=%2Fwp%2Fv2%2Fmedia&parent=5075"}],"wp:term":[{"taxonomy":"category","embeddable":true,"href":"https:\/\/annapisze.art\/index.php?rest_route=%2Fwp%2Fv2%2Fcategories&post=5075"},{"taxonomy":"post_tag","embeddable":true,"href":"https:\/\/annapisze.art\/index.php?rest_route=%2Fwp%2Fv2%2Ftags&post=5075"}],"curies":[{"name":"wp","href":"https:\/\/api.w.org\/{rel}","templated":true}]}}