{"id":4884,"date":"2021-09-03T16:44:51","date_gmt":"2021-09-03T14:44:51","guid":{"rendered":"http:\/\/annapisze.art\/?p=4884"},"modified":"2021-09-03T16:44:51","modified_gmt":"2021-09-03T14:44:51","slug":"wrzesien-jesien","status":"publish","type":"post","link":"https:\/\/annapisze.art\/?p=4884","title":{"rendered":"Wrzesie\u0144 = jesie\u0144"},"content":{"rendered":"<p>Jest wrzesie\u0144 czyli jesie\u0144. Ostatnie deszczowe dni jeszcze wzmog\u0142y takie przekonanie. Wprawdzie ju\u017c ja\u015bniej, nawet s\u0142oneczko wygl\u0105da, ale je\u015bli dzieci posz\u0142y do szko\u0142y to ju\u017c lata nie ma. Trzeba mu zrobi\u0107 pa pa&#8230; do nast\u0119pnego roku. Zdzis\u0142awa So\u015bnicka \u015bpiewa\u0142a dawno temu:\u00a0 &#8222;&#8230;\u017cegnaj lato na rok &#8230;&#8221; i zawsze smutno mi si\u0119 robi\u0142o, \u017ce to ju\u017c koniec wakacji. \u017beby jednak tak ca\u0142kiem smutno nie by\u0142o to przypominam sobie r\u00f3wnocze\u015bnie, \u017ce w\u0142a\u015bnie o tej porze zajada\u0142am si\u0119 jajecznic\u0105 z pomidorami, albo jajecznic\u0105 z papryk\u0105, albo sma\u017conymi grzybami (uzbieranymi przez tat\u0119 na le\u015bnej dzia\u0142ce) z jajkami, za kt\u00f3rymi przepadali wszyscy, w tym moi ch\u0142opcy gdy jeszcze do szko\u0142y nie chodzili i \u017cyli &#8222;na wolno\u015bci&#8221;. I zn\u00f3w piosenka &#8211; &#8222;&#8230;to by\u0142y pi\u0119kne dni&#8230;&#8221; . No by\u0142y, by\u0142y, min\u0119\u0142y lecz w pami\u0119ci pozosta\u0142y.<\/p>\n<p>W kwestii jedzenia &#8211; zrobi\u0142am <strong>kotlety selerowe<\/strong>. Cieszy mnie, \u017ce MS m\u00f3wi, i\u017c je nawet lubi, co uwa\u017cam za osobisty sukces na miar\u0119 &#8211; ho ho ho! i jeszcze troch\u0119 \ud83d\ude42<\/p>\n<div id=\"attachment_4886\" style=\"width: 410px\" class=\"wp-caption aligncenter\"><img loading=\"lazy\" decoding=\"async\" aria-describedby=\"caption-attachment-4886\" class=\"wp-image-4886\" src=\"https:\/\/annapisze.art\/wp-content\/uploads\/2021\/09\/20210820_134232.jpg\" alt=\"\" width=\"400\" height=\"300\" srcset=\"https:\/\/annapisze.art\/wp-content\/uploads\/2021\/09\/20210820_134232.jpg 833w, https:\/\/annapisze.art\/wp-content\/uploads\/2021\/09\/20210820_134232-300x225.jpg 300w\" sizes=\"auto, (max-width: 400px) 100vw, 400px\" \/><p id=\"caption-attachment-4886\" class=\"wp-caption-text\">&#8230; kotlety selerowe ..,.<\/p><\/div>\n<p>Zrobi\u0142am te\u017c kolejny eksperyment z cyklu: improwizacja czyli <strong>placuszki nale\u015bnikowe<\/strong>. Zosta\u0142y mi trzy nale\u015bniki. Pokroi\u0142am je w miar\u0119 drobno, do\u0142o\u017cy\u0142am posiekan\u0105 cebulk\u0119, jajka chyba 3, \u0142y\u017ck\u0119 m\u0105ki, \u0142y\u017ck\u0119 otr\u0105b owsianych (dla zdrowotno\u015bci oczywi\u015bcie), przypraw\u0119 do kurczaka po w\u0119giersku (reszta domownik\u00f3w mia\u0142a w\u0142a\u015bnie takiego kurczaka), troch\u0119 bu\u0142ki tartej i jak si\u0119 ju\u017c kupy trzyma\u0142o wrzuci\u0142am na patelni\u0119. Wysz\u0142y placuszki &#8211; jak dla mnie przepyszne. Mia\u0142am jeszcze ugotowan\u0105 kapust\u0119 z koperkiem, ziemniaki i w sumie by\u0142o fajne jedzonko.\u00a0 Zosta\u0142y mi dwa placuszki i na drugi dzie\u0144 podsma\u017cy\u0142am sobie na ma\u015ble klarowanym &#8211; jeszcze smaczniejsze by\u0142y. Wprawdzie Kr\u00f3lowa Marysie\u0144ka opierniczy\u0142a mnie, \u017ce zmarnowa\u0142am nale\u015bniki, ona by tego nigdy nie zrobi\u0142a tylko wymy\u015bli\u0142aby farsz, ale trudno \ud83d\ude09 Zamiast farszu prostsze wyda\u0142o mi si\u0119 przygotowanie placuszk\u00f3w i ka\u017cda z nas pozosta\u0142a przy swoim zdaniu \ud83d\ude42\u00a0 Natomiast ona robi\u0142a\u00a0 curry z tofu i tego na pewno spr\u00f3buj\u0119, tylko jeszcze nie wiem kiedy. Jak mnie &#8222;najdzie&#8221;, czyli jak wena kulinarna powr\u00f3ci, bo ona (wena) odwiedza mnie z doskoku i nigdy nie wiem, kiedy wpadnie \ud83d\ude09<\/p>\n<div id=\"attachment_4887\" style=\"width: 410px\" class=\"wp-caption aligncenter\"><img loading=\"lazy\" decoding=\"async\" aria-describedby=\"caption-attachment-4887\" class=\"wp-image-4887\" src=\"https:\/\/annapisze.art\/wp-content\/uploads\/2021\/09\/20210901_133026.jpg\" alt=\"\" width=\"400\" height=\"300\" srcset=\"https:\/\/annapisze.art\/wp-content\/uploads\/2021\/09\/20210901_133026.jpg 833w, https:\/\/annapisze.art\/wp-content\/uploads\/2021\/09\/20210901_133026-300x225.jpg 300w\" sizes=\"auto, (max-width: 400px) 100vw, 400px\" \/><p id=\"caption-attachment-4887\" class=\"wp-caption-text\">&#8230; placuszki nale\u015bnikowe &#8230;<\/p><\/div>\n<p>Ugotowa\u0142am garnek<strong> groch\u00f3wki<\/strong>. Du\u017cy, bo przecie\u017c ma\u0142ego nie op\u0142aca si\u0119 gotowa\u0107, prawda? Odk\u0105d nie jem mi\u0119sa dopiero na talerz k\u0142ad\u0119 podsma\u017con\u0105 kie\u0142bask\u0119 drobiow\u0105 dla babci D. i MS. Dla siebie tym razem wrzuci\u0142am pokrojonego kabanoska vege, ostrego, tego co to\u00a0 &#8222;bez k\u0119sa mi\u0119sa&#8221; \ud83d\ude42\u00a0 Mniej ostre mi smakuj\u0105 do pogryzienia sobie od czasu do czasu, te si\u0119 nada\u0142y do groch\u00f3wki.<\/p>\n<p><img loading=\"lazy\" decoding=\"async\" class=\"aligncenter wp-image-4894\" src=\"https:\/\/annapisze.art\/wp-content\/uploads\/2021\/09\/20210903_133645.jpg\" alt=\"\" width=\"400\" height=\"300\" srcset=\"https:\/\/annapisze.art\/wp-content\/uploads\/2021\/09\/20210903_133645.jpg 833w, https:\/\/annapisze.art\/wp-content\/uploads\/2021\/09\/20210903_133645-300x225.jpg 300w\" sizes=\"auto, (max-width: 400px) 100vw, 400px\" \/><\/p>\n<p>Skitu\u015b by\u0142 szcz\u0119\u015bliwy maj\u0105c swoj\u0105 pa\u0144ci\u0119 przy sobie, bo tylko ona mu pozwala spa\u0107 w \u0142\u00f3\u017cku. Wprawdzie wygl\u0105da uroczo, ale bez przesady, moje psiaki zawsze spa\u0142y obok \u0142\u00f3\u017cka, ale na po\u015bciel nie wchodzi\u0142y.<\/p>\n<div id=\"attachment_4888\" style=\"width: 510px\" class=\"wp-caption aligncenter\"><img loading=\"lazy\" decoding=\"async\" aria-describedby=\"caption-attachment-4888\" class=\"wp-image-4888\" src=\"https:\/\/annapisze.art\/wp-content\/uploads\/2021\/09\/20210813_093502-1024x576.jpg\" alt=\"\" width=\"500\" height=\"281\" srcset=\"https:\/\/annapisze.art\/wp-content\/uploads\/2021\/09\/20210813_093502-1024x576.jpg 1024w, https:\/\/annapisze.art\/wp-content\/uploads\/2021\/09\/20210813_093502-300x169.jpg 300w, https:\/\/annapisze.art\/wp-content\/uploads\/2021\/09\/20210813_093502.jpg 1076w\" sizes=\"auto, (max-width: 500px) 100vw, 500px\" \/><p id=\"caption-attachment-4888\" class=\"wp-caption-text\">&#8230; jeszcze troch\u0119 po\u015bpi\u0119 sobie &#8230;<\/p><\/div>\n<div id=\"attachment_4889\" style=\"width: 510px\" class=\"wp-caption aligncenter\"><img loading=\"lazy\" decoding=\"async\" aria-describedby=\"caption-attachment-4889\" class=\"wp-image-4889\" src=\"https:\/\/annapisze.art\/wp-content\/uploads\/2021\/09\/20210813_093507-1-1024x576.jpg\" alt=\"\" width=\"500\" height=\"281\" srcset=\"https:\/\/annapisze.art\/wp-content\/uploads\/2021\/09\/20210813_093507-1-1024x576.jpg 1024w, https:\/\/annapisze.art\/wp-content\/uploads\/2021\/09\/20210813_093507-1-300x169.jpg 300w, https:\/\/annapisze.art\/wp-content\/uploads\/2021\/09\/20210813_093507-1.jpg 1112w\" sizes=\"auto, (max-width: 500px) 100vw, 500px\" \/><p id=\"caption-attachment-4889\" class=\"wp-caption-text\">&#8230; o co chodzi, kto mnie budzi i po co? &#8230;<\/p><\/div>\n<p>Teraz szko\u0142a mu pa\u0144ci\u0119 odebra\u0142a. Mam obowi\u0105zek ka\u017cdego dnia wys\u0142a\u0107 Werze fotk\u0119 jej ulubie\u0144ca. Na razie mi si\u0119 udaje, potem pewnie zmniejsz\u0119 cz\u0119stotliwo\u015b\u0107, ale za to nadrobi\u0119 ilo\u015bci\u0105.<\/p>\n<p>Jeszcze co\u015b, co znalaz\u0142am &#8211; specjalnie dla Ma\u0142gosi\u00a0 \u00a0<a href=\"http:\/\/toprzeczytalam.blogspot.com\/\">http:\/\/toprzeczytalam.blogspot.com\/<\/a><\/p>\n<div id=\"attachment_4890\" style=\"width: 650px\" class=\"wp-caption aligncenter\"><img loading=\"lazy\" decoding=\"async\" aria-describedby=\"caption-attachment-4890\" class=\"wp-image-4890 size-large\" src=\"https:\/\/annapisze.art\/wp-content\/uploads\/2021\/09\/20210815_131821-1024x554.jpg\" alt=\"\" width=\"640\" height=\"346\" srcset=\"https:\/\/annapisze.art\/wp-content\/uploads\/2021\/09\/20210815_131821-1024x554.jpg 1024w, https:\/\/annapisze.art\/wp-content\/uploads\/2021\/09\/20210815_131821-300x162.jpg 300w, https:\/\/annapisze.art\/wp-content\/uploads\/2021\/09\/20210815_131821.jpg 1119w\" sizes=\"auto, (max-width: 640px) 100vw, 640px\" \/><p id=\"caption-attachment-4890\" class=\"wp-caption-text\">&#8230; instrukcja \ud83d\ude42 &#8230;<\/p><\/div>\n<p>Kupi\u0142am sobie kaloszki w pi\u0119knym niebieskim kolorze i ju\u017c nie musz\u0119 si\u0119 martwi\u0107 co jesieni\u0105 za\u0142o\u017c\u0119 id\u0105c z psami w czasie deszczu, gdyby mi si\u0119 moje starutkie rozlecia\u0142y. Te, co je mia\u0142am poci\u0105\u0107 i zrobi\u0107 z nich kwietniczki, hi hi \ud83d\ude42<\/p>\n<p><img loading=\"lazy\" decoding=\"async\" class=\"aligncenter wp-image-4892\" src=\"https:\/\/annapisze.art\/wp-content\/uploads\/2021\/09\/20210903_124847.jpg\" alt=\"\" width=\"451\" height=\"338\" srcset=\"https:\/\/annapisze.art\/wp-content\/uploads\/2021\/09\/20210903_124847.jpg 833w, https:\/\/annapisze.art\/wp-content\/uploads\/2021\/09\/20210903_124847-300x225.jpg 300w\" sizes=\"auto, (max-width: 451px) 100vw, 451px\" \/><\/p>\n<p><img loading=\"lazy\" decoding=\"async\" class=\"aligncenter wp-image-4893\" src=\"https:\/\/annapisze.art\/wp-content\/uploads\/2021\/09\/20210903_122042.jpg\" alt=\"\" width=\"451\" height=\"338\" srcset=\"https:\/\/annapisze.art\/wp-content\/uploads\/2021\/09\/20210903_122042.jpg 833w, https:\/\/annapisze.art\/wp-content\/uploads\/2021\/09\/20210903_122042-300x225.jpg 300w\" sizes=\"auto, (max-width: 451px) 100vw, 451px\" \/><\/p>\n<p>Sp\u00f3\u017ani\u0142am si\u0119, bo by\u0142y pi\u0119kne czarne, prawdziwie eleganckie (o ile mo\u017cna tak powiedzie\u0107 o gumowcach), ale zosta\u0142a tylko jedna para du\u017co za du\u017ca. Wobec tego mam niebieskie i ju\u017c \ud83d\ude42<\/p>\n<p>W Biedronce kolejna akcja zbierania naklejek na maskotki, wi\u0119c ju\u017c zacz\u0119\u0142am. Wcze\u015bniejsze maskotki by\u0142y dla Wery, teraz ju\u017c\u00a0 dla Calineczki, kt\u00f3rej w g\u00f3rach si\u0119 bardzo podoba\u0142o, by\u0142o &#8222;wysioko, wysioko, do siamego nieba&#8221; \ud83d\ude42<\/p>\n<p><img loading=\"lazy\" decoding=\"async\" class=\"aligncenter size-full wp-image-4895\" src=\"https:\/\/annapisze.art\/wp-content\/uploads\/2021\/09\/20200710_083609-COLLAGE.jpg\" alt=\"\" width=\"625\" height=\"625\" srcset=\"https:\/\/annapisze.art\/wp-content\/uploads\/2021\/09\/20200710_083609-COLLAGE.jpg 625w, https:\/\/annapisze.art\/wp-content\/uploads\/2021\/09\/20200710_083609-COLLAGE-300x300.jpg 300w\" sizes=\"auto, (max-width: 625px) 100vw, 625px\" \/><\/p>\n<p>Jesiennie kojarz\u0105 si\u0119 te\u017c orzechy.\u00a0 Czerwone ros\u0142y u babci w ogr\u00f3dku, uwielbia\u0142am je kiedy by\u0142y niedojrza\u0142e. Rozgryza\u0142am skorupk\u0119 i wyjada\u0142am r\u00f3\u017cowokremowe ziarenka \ud83d\ude42\u00a0Orzechy to oczywi\u015bcie wiewi\u00f3rki i tak\u0105 spotka\u0142am id\u0105c z psiepsio\u0142ami.<\/p>\n<p><img loading=\"lazy\" decoding=\"async\" class=\"aligncenter size-full wp-image-4896\" src=\"https:\/\/annapisze.art\/wp-content\/uploads\/2021\/09\/20210710_152654.jpg\" alt=\"\" width=\"833\" height=\"625\" srcset=\"https:\/\/annapisze.art\/wp-content\/uploads\/2021\/09\/20210710_152654.jpg 833w, https:\/\/annapisze.art\/wp-content\/uploads\/2021\/09\/20210710_152654-300x225.jpg 300w\" sizes=\"auto, (max-width: 833px) 100vw, 833px\" \/><\/p>\n<p><img loading=\"lazy\" decoding=\"async\" class=\"aligncenter size-full wp-image-4897\" src=\"https:\/\/annapisze.art\/wp-content\/uploads\/2021\/09\/20210710_160615.jpg\" alt=\"\" width=\"403\" height=\"302\" srcset=\"https:\/\/annapisze.art\/wp-content\/uploads\/2021\/09\/20210710_160615.jpg 403w, https:\/\/annapisze.art\/wp-content\/uploads\/2021\/09\/20210710_160615-300x225.jpg 300w\" sizes=\"auto, (max-width: 403px) 100vw, 403px\" \/><\/p>\n<p>Niewyra\u017anie wysz\u0142o, bo male\u0144stwo b\u0142yskawicznie si\u0119 przemkn\u0119\u0142o, ale \u015blepki wida\u0107 \ud83d\ude42<\/p>\n<p style=\"text-align: center;\">Dobrego, s\u0142onecznego pierwszego wrze\u015bniowego weekendu \u017cycz\u0119:)<\/p>\n<p style=\"text-align: center;\">Trzymajcie si\u0119 zdrowo!<\/p>\n<p>&nbsp;<\/p>\n<div class=\"fcbkbttn_buttons_block\" id=\"fcbkbttn_middle\"><div class=\"fcbkbttn_like \"><fb:like href=\"https:\/\/annapisze.art\/?p=4884\" action=\"like\" colorscheme=\"light\" layout=\"box_count\"  size=\"small\"><\/fb:like><\/div><div class=\"fb-share-button  \" data-href=\"https:\/\/annapisze.art\/?p=4884\" data-type=\"button_count\" data-size=\"small\"><\/div><\/div>","protected":false},"excerpt":{"rendered":"<p>Jest wrzesie\u0144 czyli jesie\u0144. Ostatnie deszczowe dni jeszcze wzmog\u0142y takie przekonanie. Wprawdzie ju\u017c ja\u015bniej, nawet s\u0142oneczko wygl\u0105da, ale je\u015bli dzieci posz\u0142y do szko\u0142y to ju\u017c lata nie ma. Trzeba mu zrobi\u0107 pa pa&#8230; do nast\u0119pnego roku. Zdzis\u0142awa So\u015bnicka \u015bpiewa\u0142a dawno &hellip; <a href=\"https:\/\/annapisze.art\/?p=4884\">Czytaj dalej <span class=\"meta-nav\">&rarr;<\/span><\/a><\/p>\n","protected":false},"author":1,"featured_media":0,"comment_status":"open","ping_status":"open","sticky":false,"template":"","format":"standard","meta":{"footnotes":""},"categories":[22,8],"tags":[],"class_list":["post-4884","post","type-post","status-publish","format-standard","hentry","category-kuchennie-i-smacznie","category-mysle-sobie"],"_links":{"self":[{"href":"https:\/\/annapisze.art\/index.php?rest_route=\/wp\/v2\/posts\/4884","targetHints":{"allow":["GET"]}}],"collection":[{"href":"https:\/\/annapisze.art\/index.php?rest_route=\/wp\/v2\/posts"}],"about":[{"href":"https:\/\/annapisze.art\/index.php?rest_route=\/wp\/v2\/types\/post"}],"author":[{"embeddable":true,"href":"https:\/\/annapisze.art\/index.php?rest_route=\/wp\/v2\/users\/1"}],"replies":[{"embeddable":true,"href":"https:\/\/annapisze.art\/index.php?rest_route=%2Fwp%2Fv2%2Fcomments&post=4884"}],"version-history":[{"count":3,"href":"https:\/\/annapisze.art\/index.php?rest_route=\/wp\/v2\/posts\/4884\/revisions"}],"predecessor-version":[{"id":4898,"href":"https:\/\/annapisze.art\/index.php?rest_route=\/wp\/v2\/posts\/4884\/revisions\/4898"}],"wp:attachment":[{"href":"https:\/\/annapisze.art\/index.php?rest_route=%2Fwp%2Fv2%2Fmedia&parent=4884"}],"wp:term":[{"taxonomy":"category","embeddable":true,"href":"https:\/\/annapisze.art\/index.php?rest_route=%2Fwp%2Fv2%2Fcategories&post=4884"},{"taxonomy":"post_tag","embeddable":true,"href":"https:\/\/annapisze.art\/index.php?rest_route=%2Fwp%2Fv2%2Ftags&post=4884"}],"curies":[{"name":"wp","href":"https:\/\/api.w.org\/{rel}","templated":true}]}}