{"id":4863,"date":"2021-08-27T17:30:32","date_gmt":"2021-08-27T15:30:32","guid":{"rendered":"http:\/\/annapisze.art\/?p=4863"},"modified":"2021-08-27T17:30:32","modified_gmt":"2021-08-27T15:30:32","slug":"koncowka-wakacji","status":"publish","type":"post","link":"https:\/\/annapisze.art\/?p=4863","title":{"rendered":"Ko\u0144c\u00f3wka wakacji :("},"content":{"rendered":"<p>Zn\u00f3w <strong>\u201ebiegowe\u201d (czyli na szybko) kotleciki<\/strong> dla mnie \u2013 1 jajko, \u0142y\u017cka bu\u0142ki tartej, \u0142y\u017cka otr\u0105b owsianych, przyprawa do kurczaka po w\u0119giersku, koperek, szczypiorek (troch\u0119 zosta\u0142o przesuszonego) i troch\u0119 m\u0105ki, tyle, \u017ceby si\u0119 uda\u0142o ulepi\u0107 kotleciki. Dla mnie pycha. Do tego ziemniaki z koperkiem, sa\u0142atka z pomidor\u00f3w z cebulk\u0105 i \u017care\u0142ko takie, \u017ce nie trzeba lepszego.<\/p>\n<div id=\"attachment_4865\" style=\"width: 309px\" class=\"wp-caption aligncenter\"><img loading=\"lazy\" decoding=\"async\" aria-describedby=\"caption-attachment-4865\" class=\"wp-image-4865\" src=\"https:\/\/annapisze.art\/wp-content\/uploads\/2021\/08\/20210819_144944-1.jpg\" alt=\"\" width=\"299\" height=\"398\" srcset=\"https:\/\/annapisze.art\/wp-content\/uploads\/2021\/08\/20210819_144944-1.jpg 454w, https:\/\/annapisze.art\/wp-content\/uploads\/2021\/08\/20210819_144944-1-225x300.jpg 225w\" sizes=\"auto, (max-width: 299px) 100vw, 299px\" \/><p id=\"caption-attachment-4865\" class=\"wp-caption-text\">&#8230; na balkonowym stoliku, na starym porcelitowym talerzu &#8230;<\/p><\/div>\n<p>Dla Ma\u0142ego by\u0142a instrukcja przygotowania<strong> gulaszu z tofu<\/strong>, krok po kroku, bo mu si\u0119 potrawa nie uda\u0142a. Zdj\u0119cia robi\u0142a Wera i zupe\u0142nie nie wiem dlaczego po przes\u0142aniu na bloga niekt\u00f3re stoj\u0105 bokiem. Nic z tym nie zrobi\u0119, tak musi zosta\u0107 \ud83d\ude41<\/p>\n<div id=\"attachment_4866\" style=\"width: 310px\" class=\"wp-caption aligncenter\"><img loading=\"lazy\" decoding=\"async\" aria-describedby=\"caption-attachment-4866\" class=\"wp-image-4866\" src=\"https:\/\/annapisze.art\/wp-content\/uploads\/2021\/08\/20210822_170458-1024x768.jpg\" alt=\"\" width=\"300\" height=\"225\" srcset=\"https:\/\/annapisze.art\/wp-content\/uploads\/2021\/08\/20210822_170458-1024x768.jpg 1024w, https:\/\/annapisze.art\/wp-content\/uploads\/2021\/08\/20210822_170458-300x225.jpg 300w\" sizes=\"auto, (max-width: 300px) 100vw, 300px\" \/><p id=\"caption-attachment-4866\" class=\"wp-caption-text\">&#8230; rozmro\u017cone kostki naturalnego tofu &#8230;<\/p><\/div>\n<div id=\"attachment_4867\" style=\"width: 310px\" class=\"wp-caption aligncenter\"><img loading=\"lazy\" decoding=\"async\" aria-describedby=\"caption-attachment-4867\" class=\"wp-image-4867\" src=\"https:\/\/annapisze.art\/wp-content\/uploads\/2021\/08\/20210822_170819-1024x768.jpg\" alt=\"\" width=\"300\" height=\"225\" srcset=\"https:\/\/annapisze.art\/wp-content\/uploads\/2021\/08\/20210822_170819-1024x768.jpg 1024w, https:\/\/annapisze.art\/wp-content\/uploads\/2021\/08\/20210822_170819-300x225.jpg 300w\" sizes=\"auto, (max-width: 300px) 100vw, 300px\" \/><p id=\"caption-attachment-4867\" class=\"wp-caption-text\">&#8230; &#8222;poszarpane&#8221; na kawa\u0142ki tofu, mo\u017cna pokroi\u0107, ale takie mi si\u0119 bardziej podobaj\u0105 \ud83d\ude42 &#8230;<\/p><\/div>\n<div id=\"attachment_4868\" style=\"width: 310px\" class=\"wp-caption aligncenter\"><img loading=\"lazy\" decoding=\"async\" aria-describedby=\"caption-attachment-4868\" class=\"wp-image-4868\" src=\"https:\/\/annapisze.art\/wp-content\/uploads\/2021\/08\/20210822_171200-1024x768.jpg\" alt=\"\" width=\"300\" height=\"225\" srcset=\"https:\/\/annapisze.art\/wp-content\/uploads\/2021\/08\/20210822_171200-1024x768.jpg 1024w, https:\/\/annapisze.art\/wp-content\/uploads\/2021\/08\/20210822_171200-300x225.jpg 300w\" sizes=\"auto, (max-width: 300px) 100vw, 300px\" \/><p id=\"caption-attachment-4868\" class=\"wp-caption-text\">&#8230; kawa\u0142ki posypane przyprawami: sol\u0105, pieprzem, czosnkiem granulowanym i papryk\u0105, oraz polane kilkoma \u0142y\u017ckami oleju &#8211; dok\u0142adnie tak jak robi\u0119 gulasz z kurczaka &#8230;<\/p><\/div>\n<div id=\"attachment_4869\" style=\"width: 310px\" class=\"wp-caption aligncenter\"><img loading=\"lazy\" decoding=\"async\" aria-describedby=\"caption-attachment-4869\" class=\"wp-image-4869\" src=\"https:\/\/annapisze.art\/wp-content\/uploads\/2021\/08\/20210822_171305-1024x768.jpg\" alt=\"\" width=\"300\" height=\"225\" srcset=\"https:\/\/annapisze.art\/wp-content\/uploads\/2021\/08\/20210822_171305-1024x768.jpg 1024w, https:\/\/annapisze.art\/wp-content\/uploads\/2021\/08\/20210822_171305-300x225.jpg 300w\" sizes=\"auto, (max-width: 300px) 100vw, 300px\" \/><p id=\"caption-attachment-4869\" class=\"wp-caption-text\">&#8230; tofu wymieszane z dodatkami &#8230;<\/p><\/div>\n<div id=\"attachment_4870\" style=\"width: 309px\" class=\"wp-caption aligncenter\"><img loading=\"lazy\" decoding=\"async\" aria-describedby=\"caption-attachment-4870\" class=\"wp-image-4870\" src=\"https:\/\/annapisze.art\/wp-content\/uploads\/2021\/08\/20210823_122119-1024x768.jpg\" alt=\"\" width=\"299\" height=\"224\" srcset=\"https:\/\/annapisze.art\/wp-content\/uploads\/2021\/08\/20210823_122119-1024x768.jpg 1024w, https:\/\/annapisze.art\/wp-content\/uploads\/2021\/08\/20210823_122119-300x225.jpg 300w\" sizes=\"auto, (max-width: 299px) 100vw, 299px\" \/><p id=\"caption-attachment-4870\" class=\"wp-caption-text\">&#8230; po jakim\u015b czasie (tu: po nocy w lod\u00f3wce) tofu sma\u017cy si\u0119 (kr\u00f3tko) na jednej patelni, cebulka na drugiej &#8230;<\/p><\/div>\n<div id=\"attachment_4871\" style=\"width: 307px\" class=\"wp-caption aligncenter\"><img loading=\"lazy\" decoding=\"async\" aria-describedby=\"caption-attachment-4871\" class=\"wp-image-4871\" src=\"https:\/\/annapisze.art\/wp-content\/uploads\/2021\/08\/20210823_124458-1024x768.jpg\" alt=\"\" width=\"297\" height=\"223\" srcset=\"https:\/\/annapisze.art\/wp-content\/uploads\/2021\/08\/20210823_124458-1024x768.jpg 1024w, https:\/\/annapisze.art\/wp-content\/uploads\/2021\/08\/20210823_124458-300x225.jpg 300w\" sizes=\"auto, (max-width: 297px) 100vw, 297px\" \/><p id=\"caption-attachment-4871\" class=\"wp-caption-text\">&#8230; zeszklona cebulka l\u0105duje w tofu, dusi si\u0119 przez chwil\u0119 z dodatkiem mas\u0142a (u mnie) &#8230;<\/p><\/div>\n<div id=\"attachment_4872\" style=\"width: 299px\" class=\"wp-caption aligncenter\"><img loading=\"lazy\" decoding=\"async\" aria-describedby=\"caption-attachment-4872\" class=\"wp-image-4872\" src=\"https:\/\/annapisze.art\/wp-content\/uploads\/2021\/08\/20210823_133036-1024x768.jpg\" alt=\"\" width=\"289\" height=\"217\" srcset=\"https:\/\/annapisze.art\/wp-content\/uploads\/2021\/08\/20210823_133036-1024x768.jpg 1024w, https:\/\/annapisze.art\/wp-content\/uploads\/2021\/08\/20210823_133036-300x225.jpg 300w\" sizes=\"auto, (max-width: 289px) 100vw, 289px\" \/><p id=\"caption-attachment-4872\" class=\"wp-caption-text\">&#8230; gotowe \ud83d\ude42 babcia D. zn\u00f3w chwali\u0142a &#8222;takie dobre mi\u0119sko&#8221; \ud83d\ude42 &#8230;<\/p><\/div>\n<p>Poza tym s\u0142odycze \u2013 g\u0142\u00f3wnie<strong> deser budyniowy, galaretki z serkiem albo jogurtem<\/strong>. I jeszcze co\u015b bardzo niezdrowego i tucz\u0105cego pewnie, ale pysznego \u2013 rurki \u015bmietankowe z Biedronki.\u00a0 Co tam, w ko\u0144cu s\u0105 wakacje i troch\u0119 przyjemno\u015bci si\u0119 po prostu nale\u017cy &#x1f60a;<\/p>\n<p><img loading=\"lazy\" decoding=\"async\" class=\"aligncenter wp-image-4873\" src=\"https:\/\/annapisze.art\/wp-content\/uploads\/2021\/08\/20210817_164719.jpg\" alt=\"\" width=\"300\" height=\"225\" srcset=\"https:\/\/annapisze.art\/wp-content\/uploads\/2021\/08\/20210817_164719.jpg 807w, https:\/\/annapisze.art\/wp-content\/uploads\/2021\/08\/20210817_164719-300x225.jpg 300w\" sizes=\"auto, (max-width: 300px) 100vw, 300px\" \/><\/p>\n<div id=\"attachment_4874\" style=\"width: 310px\" class=\"wp-caption aligncenter\"><img loading=\"lazy\" decoding=\"async\" aria-describedby=\"caption-attachment-4874\" class=\"wp-image-4874\" src=\"https:\/\/annapisze.art\/wp-content\/uploads\/2021\/08\/20210817_165515.jpg\" alt=\"\" width=\"300\" height=\"225\" srcset=\"https:\/\/annapisze.art\/wp-content\/uploads\/2021\/08\/20210817_165515.jpg 807w, https:\/\/annapisze.art\/wp-content\/uploads\/2021\/08\/20210817_165515-300x225.jpg 300w\" sizes=\"auto, (max-width: 300px) 100vw, 300px\" \/><p id=\"caption-attachment-4874\" class=\"wp-caption-text\">&#8230; w towarzystwie suszonych \u015bliwek i \u017curawiny, z kleksem \u015bmietany &#8230;<\/p><\/div>\n<p>Szkoda lata, ale mo\u017cna si\u0119\u00a0 nim napawa\u0107 p\u00f3ki czas, g\u0142\u00f3wnie pi\u0119knymi kwiatami napotkanymi podczas psich spacer\u00f3w.<\/p>\n<p><img loading=\"lazy\" decoding=\"async\" class=\"aligncenter wp-image-4875\" src=\"https:\/\/annapisze.art\/wp-content\/uploads\/2021\/08\/20210827_071721.jpg\" alt=\"\" width=\"500\" height=\"375\" srcset=\"https:\/\/annapisze.art\/wp-content\/uploads\/2021\/08\/20210827_071721.jpg 805w, https:\/\/annapisze.art\/wp-content\/uploads\/2021\/08\/20210827_071721-300x225.jpg 300w\" sizes=\"auto, (max-width: 500px) 100vw, 500px\" \/><\/p>\n<p><img loading=\"lazy\" decoding=\"async\" class=\"aligncenter wp-image-4876\" src=\"https:\/\/annapisze.art\/wp-content\/uploads\/2021\/08\/20210827_071727.jpg\" alt=\"\" width=\"501\" height=\"376\" srcset=\"https:\/\/annapisze.art\/wp-content\/uploads\/2021\/08\/20210827_071727.jpg 805w, https:\/\/annapisze.art\/wp-content\/uploads\/2021\/08\/20210827_071727-300x225.jpg 300w\" sizes=\"auto, (max-width: 501px) 100vw, 501px\" \/><\/p>\n<p><img loading=\"lazy\" decoding=\"async\" class=\"aligncenter wp-image-4877\" src=\"https:\/\/annapisze.art\/wp-content\/uploads\/2021\/08\/20210827_071733.jpg\" alt=\"\" width=\"500\" height=\"375\" srcset=\"https:\/\/annapisze.art\/wp-content\/uploads\/2021\/08\/20210827_071733.jpg 805w, https:\/\/annapisze.art\/wp-content\/uploads\/2021\/08\/20210827_071733-300x225.jpg 300w\" sizes=\"auto, (max-width: 500px) 100vw, 500px\" \/><\/p>\n<p><img loading=\"lazy\" decoding=\"async\" class=\"aligncenter wp-image-4878\" src=\"https:\/\/annapisze.art\/wp-content\/uploads\/2021\/08\/20210827_071740.jpg\" alt=\"\" width=\"503\" height=\"377\" srcset=\"https:\/\/annapisze.art\/wp-content\/uploads\/2021\/08\/20210827_071740.jpg 805w, https:\/\/annapisze.art\/wp-content\/uploads\/2021\/08\/20210827_071740-300x225.jpg 300w\" sizes=\"auto, (max-width: 503px) 100vw, 503px\" \/><\/p>\n<p>Wera nas ju\u017c opu\u015bci\u0142a (mnie cieszy, \u017ce z niech\u0119ci\u0105), czas najwy\u017cszy zako\u0144czy\u0107 przygotowania do roku szkolnego. Bidulka prze\u017cywa zbli\u017caj\u0105c\u0105 si\u0119 konieczno\u015b\u0107 p\u00f3j\u015bcia do szko\u0142y. Rozumiem j\u0105 doskonale.\u00a0 Poza tym musia\u0142a si\u0119 rozsta\u0107 ze Skitusiem. Obieca\u0142am, \u017ce codziennie b\u0119d\u0119 wysy\u0142a\u0107 jej zdj\u0119cie naszego ciapulka-poczciwiny \ud83d\ude42<\/p>\n<div id=\"attachment_4879\" style=\"width: 510px\" class=\"wp-caption aligncenter\"><img loading=\"lazy\" decoding=\"async\" aria-describedby=\"caption-attachment-4879\" class=\"wp-image-4879\" src=\"https:\/\/annapisze.art\/wp-content\/uploads\/2021\/08\/20210721_065742.jpg\" alt=\"\" width=\"500\" height=\"375\" srcset=\"https:\/\/annapisze.art\/wp-content\/uploads\/2021\/08\/20210721_065742.jpg 811w, https:\/\/annapisze.art\/wp-content\/uploads\/2021\/08\/20210721_065742-300x225.jpg 300w\" sizes=\"auto, (max-width: 500px) 100vw, 500px\" \/><p id=\"caption-attachment-4879\" class=\"wp-caption-text\">&#8230; to z dzisiejszego porannego wyj\u015bcia &#8230;<\/p><\/div>\n<p>Wrzesie\u0144 to ju\u017c nie lato, przynajmniej dla mnie. Wprawdzie kalendarzowe jeszcze trwa, ale koniec wakacji r\u00f3wnoznaczny jest z ko\u0144cem lata i ju\u017c. Nikt mnie nie przekona, \u017ce jest inaczej. Dzieci w szkole = jesie\u0144. Kasztany, \u017co\u0142\u0119dzie, ludziki robione na pierwszych lekcjach w pocz\u0105tkowych klasach podstaw\u00f3wki, plastelina czasem do tego&#8230; takie mi si\u0119 nasun\u0119\u0142y skojarzenia. I jeszcze zapach. Pami\u0119tam zapach mego pierwszego pi\u00f3rnika w pierwszej klasie. Kto\u015b w to uwierzy? Pierwsze dwa tygodnie szkolnego \u017cycia zaliczy\u0142am b\u0119d\u0105c u dziadk\u00f3w w Tenczynku, pewnie dlatego mi utkwi\u0142y w pami\u0119ci. Potem mnie rodzice zabrali do Opola i tam sko\u0144czy\u0142am si\u00f3dm\u0105 klas\u0119, \u00f3sm\u0105 ju\u017c w Warszawie. My\u015bl\u0119, \u017ce przez przeprowadzki du\u017co pami\u0119tam, bo ju\u017c lata sp\u0119dzane w jednym miejscu zacieraj\u0105 wspomnienia&#8230; Wystarczy. Jeszcze kilka dni, wi\u0119c niech b\u0119d\u0105 mi\u0142e i ciep\u0142e \ud83d\ude42<\/p>\n<p style=\"text-align: center;\">Mi\u0142ego weekendu oraz ca\u0142ego nast\u0119pnego tygodnia i trzymajcie si\u0119 zdrowo!<\/p>\n<div class=\"fcbkbttn_buttons_block\" id=\"fcbkbttn_middle\"><div class=\"fcbkbttn_like \"><fb:like href=\"https:\/\/annapisze.art\/?p=4863\" action=\"like\" colorscheme=\"light\" layout=\"box_count\"  size=\"small\"><\/fb:like><\/div><div class=\"fb-share-button  \" data-href=\"https:\/\/annapisze.art\/?p=4863\" data-type=\"button_count\" data-size=\"small\"><\/div><\/div>","protected":false},"excerpt":{"rendered":"<p>Zn\u00f3w \u201ebiegowe\u201d (czyli na szybko) kotleciki dla mnie \u2013 1 jajko, \u0142y\u017cka bu\u0142ki tartej, \u0142y\u017cka otr\u0105b owsianych, przyprawa do kurczaka po w\u0119giersku, koperek, szczypiorek (troch\u0119 zosta\u0142o przesuszonego) i troch\u0119 m\u0105ki, tyle, \u017ceby si\u0119 uda\u0142o ulepi\u0107 kotleciki. Dla mnie pycha. Do &hellip; <a href=\"https:\/\/annapisze.art\/?p=4863\">Czytaj dalej <span class=\"meta-nav\">&rarr;<\/span><\/a><\/p>\n","protected":false},"author":1,"featured_media":0,"comment_status":"open","ping_status":"open","sticky":false,"template":"","format":"standard","meta":{"footnotes":""},"categories":[22,8],"tags":[],"class_list":["post-4863","post","type-post","status-publish","format-standard","hentry","category-kuchennie-i-smacznie","category-mysle-sobie"],"_links":{"self":[{"href":"https:\/\/annapisze.art\/index.php?rest_route=\/wp\/v2\/posts\/4863","targetHints":{"allow":["GET"]}}],"collection":[{"href":"https:\/\/annapisze.art\/index.php?rest_route=\/wp\/v2\/posts"}],"about":[{"href":"https:\/\/annapisze.art\/index.php?rest_route=\/wp\/v2\/types\/post"}],"author":[{"embeddable":true,"href":"https:\/\/annapisze.art\/index.php?rest_route=\/wp\/v2\/users\/1"}],"replies":[{"embeddable":true,"href":"https:\/\/annapisze.art\/index.php?rest_route=%2Fwp%2Fv2%2Fcomments&post=4863"}],"version-history":[{"count":3,"href":"https:\/\/annapisze.art\/index.php?rest_route=\/wp\/v2\/posts\/4863\/revisions"}],"predecessor-version":[{"id":4882,"href":"https:\/\/annapisze.art\/index.php?rest_route=\/wp\/v2\/posts\/4863\/revisions\/4882"}],"wp:attachment":[{"href":"https:\/\/annapisze.art\/index.php?rest_route=%2Fwp%2Fv2%2Fmedia&parent=4863"}],"wp:term":[{"taxonomy":"category","embeddable":true,"href":"https:\/\/annapisze.art\/index.php?rest_route=%2Fwp%2Fv2%2Fcategories&post=4863"},{"taxonomy":"post_tag","embeddable":true,"href":"https:\/\/annapisze.art\/index.php?rest_route=%2Fwp%2Fv2%2Ftags&post=4863"}],"curies":[{"name":"wp","href":"https:\/\/api.w.org\/{rel}","templated":true}]}}