{"id":4581,"date":"2021-06-11T22:15:56","date_gmt":"2021-06-11T20:15:56","guid":{"rendered":"http:\/\/annapisze.art\/?p=4581"},"modified":"2021-06-11T22:15:56","modified_gmt":"2021-06-11T20:15:56","slug":"czerwcowe-nie-tylko-spacery","status":"publish","type":"post","link":"https:\/\/annapisze.art\/?p=4581","title":{"rendered":"Czerwcowe nie tylko spacery :)"},"content":{"rendered":"<p>Pogoda cieszy. Mnie bardzo, mniej pewnie osoby, kt\u00f3re nie lubi\u0105 ciepe\u0142ka. Nareszcie mo\u017cna w ogr\u00f3dku sp\u0119dzi\u0107 troch\u0119 czasu z Calineczk\u0105, kt\u00f3ra nas odwiedzi\u0142a sprawiaj\u0105c dziadkom rado\u015b\u0107 ogromn\u0105 \ud83d\ude42 Szkoda, \u017ce zaczyna m\u00f3wi\u0107 bardziej &#8222;po normalnemu&#8221;, a nie po swojemu, co uwielbiam. Na szcz\u0119\u015bcie jeszcze troch\u0119 szczebiocze \ud83d\ude42 Czarowa\u0142a z dziadkiem, bo on jest specjalist\u0105 od robienia sztuczek. Tym razem czarowanie odbywa\u0142o si\u0119 na \u0142onie natury i brzmia\u0142o: &#8222;cialy maly \u017aniknij tlawo&#8221;; &#8222;dziadku, \u017alobi\u015b \u015btu\u0107ke, zie li\u015btek \u017aniknie?&#8221;; &#8222;li\u015btku \u017anajd\u017a si\u0119 w bajcie&#8221;. Najcudniej opowiada\u0142a bajk\u0119: &#8222;dawno, dawno temu zi\u0142 Kaptulek, naziwa\u0142 sie Cielwony Kaptulek, babcia mu usi\u0142a cielwonom siukienke \u017a cielwonym kaptulkiem&#8230;&#8221;. Wi\u0119cej nie uda\u0142o mi si\u0119 zapisa\u0107 \ud83d\ude42<\/p>\n<p><img loading=\"lazy\" decoding=\"async\" class=\"aligncenter wp-image-4582\" src=\"https:\/\/annapisze.art\/wp-content\/uploads\/2021\/06\/20210610_125707.jpg\" alt=\"\" width=\"500\" height=\"375\" srcset=\"https:\/\/annapisze.art\/wp-content\/uploads\/2021\/06\/20210610_125707.jpg 856w, https:\/\/annapisze.art\/wp-content\/uploads\/2021\/06\/20210610_125707-300x225.jpg 300w\" sizes=\"auto, (max-width: 500px) 100vw, 500px\" \/><\/p>\n<p><img loading=\"lazy\" decoding=\"async\" class=\"aligncenter wp-image-4583\" src=\"https:\/\/annapisze.art\/wp-content\/uploads\/2021\/06\/20210610_125719.jpg\" alt=\"\" width=\"500\" height=\"375\" srcset=\"https:\/\/annapisze.art\/wp-content\/uploads\/2021\/06\/20210610_125719.jpg 913w, https:\/\/annapisze.art\/wp-content\/uploads\/2021\/06\/20210610_125719-300x225.jpg 300w\" sizes=\"auto, (max-width: 500px) 100vw, 500px\" \/><\/p>\n<p><img loading=\"lazy\" decoding=\"async\" class=\"aligncenter wp-image-4584\" src=\"https:\/\/annapisze.art\/wp-content\/uploads\/2021\/06\/WP_20210610_13_37_01_Pro-1024x577.jpg\" alt=\"\" width=\"500\" height=\"282\" srcset=\"https:\/\/annapisze.art\/wp-content\/uploads\/2021\/06\/WP_20210610_13_37_01_Pro-1024x577.jpg 1024w, https:\/\/annapisze.art\/wp-content\/uploads\/2021\/06\/WP_20210610_13_37_01_Pro-300x169.jpg 300w\" sizes=\"auto, (max-width: 500px) 100vw, 500px\" \/><\/p>\n<p><img loading=\"lazy\" decoding=\"async\" class=\"aligncenter wp-image-4585\" src=\"https:\/\/annapisze.art\/wp-content\/uploads\/2021\/06\/WP_20210610_16_44_07_Pro-1-1024x577.jpg\" alt=\"\" width=\"500\" height=\"282\" srcset=\"https:\/\/annapisze.art\/wp-content\/uploads\/2021\/06\/WP_20210610_16_44_07_Pro-1-1024x577.jpg 1024w, https:\/\/annapisze.art\/wp-content\/uploads\/2021\/06\/WP_20210610_16_44_07_Pro-1-300x169.jpg 300w\" sizes=\"auto, (max-width: 500px) 100vw, 500px\" \/><\/p>\n<p>Z jedzeniem jak zawsze problem. Tego nie chce, tamtego nie b\u0119dzie, ani pro\u015bb\u0105 ani gro\u017ab\u0105, \u017ce nie p\u00f3jdzie z pieskami do lasku. Wreszcie zjad\u0142a jogurt i komentarz: &#8222;ale siem nape\u0142ni\u0142am paliwem&#8221;. Poza tym: &#8222;glo\u015bku nie lubiem, kukulydziy nie lubiem, lubiem tylko to cio doble&#8221; &#x1f49a;&#x1f9e1;&#x1f49c; Uda\u0142o mi si\u0119 wstawi\u0107 serduszka!!! Hurrra!!!<\/p>\n<p>W ogr\u00f3dku nareszcie rozkwit\u0142y piwonie &#x1f642;<\/p>\n<div id=\"attachment_4587\" style=\"width: 510px\" class=\"wp-caption aligncenter\"><img loading=\"lazy\" decoding=\"async\" aria-describedby=\"caption-attachment-4587\" class=\"wp-image-4587\" src=\"https:\/\/annapisze.art\/wp-content\/uploads\/2021\/06\/20210610_123025.jpg\" alt=\"\" width=\"500\" height=\"375\" srcset=\"https:\/\/annapisze.art\/wp-content\/uploads\/2021\/06\/20210610_123025.jpg 865w, https:\/\/annapisze.art\/wp-content\/uploads\/2021\/06\/20210610_123025-300x225.jpg 300w\" sizes=\"auto, (max-width: 500px) 100vw, 500px\" \/><p id=\"caption-attachment-4587\" class=\"wp-caption-text\">&#8230; to niebieskie jest pos\u0142aniem dla ulubionego r\u00f3\u017cowego flaminga, kt\u00f3rego Calineczka karmi\u0142a: &#8222;flamingu, cie\u015b \u017ajadn\u0105\u0107?&#8221;, po czym u\u0142o\u017cy\u0142a go do snu na trawie &#8230;<\/p><\/div>\n<p><img loading=\"lazy\" decoding=\"async\" class=\"aligncenter wp-image-4588\" src=\"https:\/\/annapisze.art\/wp-content\/uploads\/2021\/06\/20210610_123016.jpg\" alt=\"\" width=\"500\" height=\"375\" srcset=\"https:\/\/annapisze.art\/wp-content\/uploads\/2021\/06\/20210610_123016.jpg 865w, https:\/\/annapisze.art\/wp-content\/uploads\/2021\/06\/20210610_123016-300x225.jpg 300w\" sizes=\"auto, (max-width: 500px) 100vw, 500px\" \/><\/p>\n<p><img loading=\"lazy\" decoding=\"async\" class=\"aligncenter wp-image-4592\" src=\"https:\/\/annapisze.art\/wp-content\/uploads\/2021\/06\/WP_20210611_12_45_19_Pro-1024x607.jpg\" alt=\"\" width=\"500\" height=\"296\" srcset=\"https:\/\/annapisze.art\/wp-content\/uploads\/2021\/06\/WP_20210611_12_45_19_Pro-1024x607.jpg 1024w, https:\/\/annapisze.art\/wp-content\/uploads\/2021\/06\/WP_20210611_12_45_19_Pro-300x178.jpg 300w\" sizes=\"auto, (max-width: 500px) 100vw, 500px\" \/><\/p>\n<p>Jaki \u017cal, \u017ce one tak kr\u00f3tko kwitn\u0105, ale ciesz\u0119 si\u0119, \u017ce s\u0105 i zrobi\u0119 im du\u017co zdj\u0119\u0107, aby ogl\u0105da\u0107 co jaki\u015b czas do nast\u0119pnej wiosny.\u00a0 Zakwit\u0142y te\u017c r\u00f3\u017ce pod kt\u00f3rymi ostatnio nam si\u0119 z MS bardzo dobrze siedzi odpoczywaj\u0105c w przerwach w ogr\u00f3dkowych pracach. Na razie mam &#8222;ogr\u00f3dkow\u0105 wen\u0119&#8221; wi\u0119c musz\u0119 korzysta\u0107 dop\u00f3ki nie dopadnie mnie le\u0144 gigant \ud83d\ude42<\/p>\n<p><img loading=\"lazy\" decoding=\"async\" class=\"aligncenter wp-image-4593\" src=\"https:\/\/annapisze.art\/wp-content\/uploads\/2021\/06\/20210608_122644.jpg\" alt=\"\" width=\"500\" height=\"375\" srcset=\"https:\/\/annapisze.art\/wp-content\/uploads\/2021\/06\/20210608_122644.jpg 865w, https:\/\/annapisze.art\/wp-content\/uploads\/2021\/06\/20210608_122644-300x225.jpg 300w\" sizes=\"auto, (max-width: 500px) 100vw, 500px\" \/><\/p>\n<p><img loading=\"lazy\" decoding=\"async\" class=\"aligncenter wp-image-4594\" src=\"https:\/\/annapisze.art\/wp-content\/uploads\/2021\/06\/20210608_122646.jpg\" alt=\"\" width=\"500\" height=\"375\" srcset=\"https:\/\/annapisze.art\/wp-content\/uploads\/2021\/06\/20210608_122646.jpg 865w, https:\/\/annapisze.art\/wp-content\/uploads\/2021\/06\/20210608_122646-300x225.jpg 300w\" sizes=\"auto, (max-width: 500px) 100vw, 500px\" \/><\/p>\n<p><img loading=\"lazy\" decoding=\"async\" class=\"aligncenter wp-image-4595\" src=\"https:\/\/annapisze.art\/wp-content\/uploads\/2021\/06\/20210608_122656.jpg\" alt=\"\" width=\"500\" height=\"375\" srcset=\"https:\/\/annapisze.art\/wp-content\/uploads\/2021\/06\/20210608_122656.jpg 865w, https:\/\/annapisze.art\/wp-content\/uploads\/2021\/06\/20210608_122656-300x225.jpg 300w\" sizes=\"auto, (max-width: 500px) 100vw, 500px\" \/><\/p>\n<p>Zakwit\u0142 wreszcie irys. Jeden jedyny, cho\u0107 by\u0142o sporo, ale chyba zbuntowa\u0142y si\u0119, bo jesieni\u0105 je poprzesadza\u0142am i jeszcze si\u0119 nie przyzwyczai\u0142y do nowego miejsca.<\/p>\n<p><img loading=\"lazy\" decoding=\"async\" class=\"aligncenter wp-image-4596\" src=\"https:\/\/annapisze.art\/wp-content\/uploads\/2021\/06\/20210608_150012.jpg\" alt=\"\" width=\"500\" height=\"375\" srcset=\"https:\/\/annapisze.art\/wp-content\/uploads\/2021\/06\/20210608_150012.jpg 865w, https:\/\/annapisze.art\/wp-content\/uploads\/2021\/06\/20210608_150012-300x225.jpg 300w\" sizes=\"auto, (max-width: 500px) 100vw, 500px\" \/><\/p>\n<p><img loading=\"lazy\" decoding=\"async\" class=\"aligncenter wp-image-4597\" src=\"https:\/\/annapisze.art\/wp-content\/uploads\/2021\/06\/20210608_145949.jpg\" alt=\"\" width=\"400\" height=\"533\" srcset=\"https:\/\/annapisze.art\/wp-content\/uploads\/2021\/06\/20210608_145949.jpg 487w, https:\/\/annapisze.art\/wp-content\/uploads\/2021\/06\/20210608_145949-225x300.jpg 225w\" sizes=\"auto, (max-width: 400px) 100vw, 400px\" \/><\/p>\n<p>Upiek\u0142am rankiem dro\u017cd\u017c\u00f3wk\u0119 kiedy dowiedzia\u0142am si\u0119, ze dzieciaki przyjad\u0105 i wci\u0105\u017c twierdz\u0119, \u017ce to najlepszy przepis ze wszystkich wypr\u00f3bowanych do tej pory. Du\u017ca blacha wystarczy\u0142a na ca\u0142y dzie\u0144 i troch\u0119 zosta\u0142o nam na dzi\u015b, co dla pokrzepienia strudzonego ogr\u00f3dkow\u0105 prac\u0105 organizmu bardzo si\u0119 przyda\u0142o. A w przysz\u0142ym tygodniu czeka nas szczepienie drug\u0105 dawk\u0105. Mam nadziej\u0119, \u017ce obejdzie si\u0119 bez sensacji.<\/p>\n<p style=\"text-align: center;\">Udanego weekendu i trzymajcie si\u0119 zdrowo!<\/p>\n<div class=\"fcbkbttn_buttons_block\" id=\"fcbkbttn_middle\"><div class=\"fcbkbttn_like \"><fb:like href=\"https:\/\/annapisze.art\/?p=4581\" action=\"like\" colorscheme=\"light\" layout=\"box_count\"  size=\"small\"><\/fb:like><\/div><div class=\"fb-share-button  \" data-href=\"https:\/\/annapisze.art\/?p=4581\" data-type=\"button_count\" data-size=\"small\"><\/div><\/div>","protected":false},"excerpt":{"rendered":"<p>Pogoda cieszy. Mnie bardzo, mniej pewnie osoby, kt\u00f3re nie lubi\u0105 ciepe\u0142ka. Nareszcie mo\u017cna w ogr\u00f3dku sp\u0119dzi\u0107 troch\u0119 czasu z Calineczk\u0105, kt\u00f3ra nas odwiedzi\u0142a sprawiaj\u0105c dziadkom rado\u015b\u0107 ogromn\u0105 \ud83d\ude42 Szkoda, \u017ce zaczyna m\u00f3wi\u0107 bardziej &#8222;po normalnemu&#8221;, a nie po swojemu, co &hellip; <a href=\"https:\/\/annapisze.art\/?p=4581\">Czytaj dalej <span class=\"meta-nav\">&rarr;<\/span><\/a><\/p>\n","protected":false},"author":1,"featured_media":0,"comment_status":"open","ping_status":"open","sticky":false,"template":"","format":"standard","meta":{"footnotes":""},"categories":[8],"tags":[],"class_list":["post-4581","post","type-post","status-publish","format-standard","hentry","category-mysle-sobie"],"_links":{"self":[{"href":"https:\/\/annapisze.art\/index.php?rest_route=\/wp\/v2\/posts\/4581","targetHints":{"allow":["GET"]}}],"collection":[{"href":"https:\/\/annapisze.art\/index.php?rest_route=\/wp\/v2\/posts"}],"about":[{"href":"https:\/\/annapisze.art\/index.php?rest_route=\/wp\/v2\/types\/post"}],"author":[{"embeddable":true,"href":"https:\/\/annapisze.art\/index.php?rest_route=\/wp\/v2\/users\/1"}],"replies":[{"embeddable":true,"href":"https:\/\/annapisze.art\/index.php?rest_route=%2Fwp%2Fv2%2Fcomments&post=4581"}],"version-history":[{"count":5,"href":"https:\/\/annapisze.art\/index.php?rest_route=\/wp\/v2\/posts\/4581\/revisions"}],"predecessor-version":[{"id":4600,"href":"https:\/\/annapisze.art\/index.php?rest_route=\/wp\/v2\/posts\/4581\/revisions\/4600"}],"wp:attachment":[{"href":"https:\/\/annapisze.art\/index.php?rest_route=%2Fwp%2Fv2%2Fmedia&parent=4581"}],"wp:term":[{"taxonomy":"category","embeddable":true,"href":"https:\/\/annapisze.art\/index.php?rest_route=%2Fwp%2Fv2%2Fcategories&post=4581"},{"taxonomy":"post_tag","embeddable":true,"href":"https:\/\/annapisze.art\/index.php?rest_route=%2Fwp%2Fv2%2Ftags&post=4581"}],"curies":[{"name":"wp","href":"https:\/\/api.w.org\/{rel}","templated":true}]}}