{"id":4538,"date":"2021-05-29T08:30:22","date_gmt":"2021-05-29T06:30:22","guid":{"rendered":"http:\/\/annapisze.art\/?p=4538"},"modified":"2021-05-29T15:48:42","modified_gmt":"2021-05-29T13:48:42","slug":"magdy-maja-swieto-swoje","status":"publish","type":"post","link":"https:\/\/annapisze.art\/?p=4538","title":{"rendered":"Magdy maj\u0105 \u015bwi\u0119to swoje :)"},"content":{"rendered":"<p style=\"text-align: center;\"><em>Magdom dzi\u015b \u017cyczenia sk\u0142adamy<\/em><br \/>\n<em>wszak Magdy ko\u0142o siebie mamy,<\/em><br \/>\n<em>niech w zdrowiu \u017cyj\u0105 i rado\u015bci,<\/em><br \/>\n<em>niech szcz\u0119\u015bcie pod Magd dachem go\u015bci \ud83d\ude42<\/em><\/p>\n<p style=\"text-align: center;\"><img loading=\"lazy\" decoding=\"async\" class=\"aligncenter size-large wp-image-4539\" src=\"https:\/\/annapisze.art\/wp-content\/uploads\/2021\/05\/20200611_120449-1024x576.jpg\" alt=\"\" width=\"640\" height=\"360\" srcset=\"https:\/\/annapisze.art\/wp-content\/uploads\/2021\/05\/20200611_120449-1024x576.jpg 1024w, https:\/\/annapisze.art\/wp-content\/uploads\/2021\/05\/20200611_120449-300x169.jpg 300w, https:\/\/annapisze.art\/wp-content\/uploads\/2021\/05\/20200611_120449.jpg 1142w\" sizes=\"auto, (max-width: 640px) 100vw, 640px\" \/><em>S\u0142odyczy mniej si\u0119 Magdom \u017cyczy,<\/em><br \/>\n<em>bo Magdy tyj\u0105 od s\u0142odyczy,<\/em><br \/>\n<em>tak jak i reszta dziewczyn zreszt\u0105<\/em><br \/>\n<em>i potem w ciuchy si\u0119 nie mieszcz\u0105 \ud83d\ude42<\/em><\/p>\n<p style=\"text-align: center;\"><img loading=\"lazy\" decoding=\"async\" class=\"aligncenter size-large wp-image-4540\" src=\"https:\/\/annapisze.art\/wp-content\/uploads\/2021\/05\/20200611_120431-1024x576.jpg\" alt=\"\" width=\"640\" height=\"360\" srcset=\"https:\/\/annapisze.art\/wp-content\/uploads\/2021\/05\/20200611_120431-1024x576.jpg 1024w, https:\/\/annapisze.art\/wp-content\/uploads\/2021\/05\/20200611_120431-300x169.jpg 300w, https:\/\/annapisze.art\/wp-content\/uploads\/2021\/05\/20200611_120431.jpg 1142w\" sizes=\"auto, (max-width: 640px) 100vw, 640px\" \/><em>S\u0142odyczy naturalnych tyle,<\/em><br \/>\n<em>by \u017cycia najcudniejsze chwile<\/em><br \/>\n<em>przewag\u0119 nad innymi mia\u0142y,<\/em><br \/>\n<em>w pami\u0119\u0107 na zawsze zapada\u0142y \ud83d\ude42<\/em><\/p>\n<p><img loading=\"lazy\" decoding=\"async\" class=\"aligncenter size-large wp-image-4541\" src=\"https:\/\/annapisze.art\/wp-content\/uploads\/2021\/05\/20200611_120434-1024x576.jpg\" alt=\"\" width=\"640\" height=\"360\" srcset=\"https:\/\/annapisze.art\/wp-content\/uploads\/2021\/05\/20200611_120434-1024x576.jpg 1024w, https:\/\/annapisze.art\/wp-content\/uploads\/2021\/05\/20200611_120434-300x169.jpg 300w, https:\/\/annapisze.art\/wp-content\/uploads\/2021\/05\/20200611_120434.jpg 1142w\" sizes=\"auto, (max-width: 640px) 100vw, 640px\" \/><\/p>\n<p style=\"text-align: center;\"><em>Teraz mi wena ju\u017c min\u0119\u0142a,<\/em><br \/>\n<em>w\u015br\u00f3d mgie\u0142 porannych gdzie\u015b znikn\u0119\u0142a,<\/em><br \/>\n<em>wi\u0119c tylko mn\u00f3stwo serdeczno\u015bci<\/em><br \/>\n<em>\u015bl\u0119 do Magd oraz wszystkich go\u015bci \ud83d\ude42<\/em><\/p>\n<p style=\"text-align: center;\"><em>AZ 29.o5.2021<\/em><\/p>\n<p><img loading=\"lazy\" decoding=\"async\" class=\"aligncenter size-full wp-image-4544\" src=\"https:\/\/annapisze.art\/wp-content\/uploads\/2021\/05\/20210529_073518.jpg\" alt=\"\" width=\"685\" height=\"514\" srcset=\"https:\/\/annapisze.art\/wp-content\/uploads\/2021\/05\/20210529_073518.jpg 685w, https:\/\/annapisze.art\/wp-content\/uploads\/2021\/05\/20210529_073518-300x225.jpg 300w\" sizes=\"auto, (max-width: 685px) 100vw, 685px\" \/><\/p>\n<p><img loading=\"lazy\" decoding=\"async\" class=\"aligncenter size-large wp-image-4542\" src=\"https:\/\/annapisze.art\/wp-content\/uploads\/2021\/05\/20200608_103942-1024x576.jpg\" alt=\"\" width=\"640\" height=\"360\" srcset=\"https:\/\/annapisze.art\/wp-content\/uploads\/2021\/05\/20200608_103942-1024x576.jpg 1024w, https:\/\/annapisze.art\/wp-content\/uploads\/2021\/05\/20200608_103942-300x169.jpg 300w, https:\/\/annapisze.art\/wp-content\/uploads\/2021\/05\/20200608_103942.jpg 1142w\" sizes=\"auto, (max-width: 640px) 100vw, 640px\" \/><\/p>\n<p><img loading=\"lazy\" decoding=\"async\" class=\"aligncenter size-large wp-image-4543\" src=\"https:\/\/annapisze.art\/wp-content\/uploads\/2021\/05\/20200608_104416-1024x576.jpg\" alt=\"\" width=\"640\" height=\"360\" srcset=\"https:\/\/annapisze.art\/wp-content\/uploads\/2021\/05\/20200608_104416-1024x576.jpg 1024w, https:\/\/annapisze.art\/wp-content\/uploads\/2021\/05\/20200608_104416-300x169.jpg 300w, https:\/\/annapisze.art\/wp-content\/uploads\/2021\/05\/20200608_104416.jpg 1142w\" sizes=\"auto, (max-width: 640px) 100vw, 640px\" \/><\/p>\n<p>Piwonie s\u0105 zesz\u0142oroczne, moje jeszcze nie rozkwit\u0142y, maj\u0105 dopiero p\u0105czki. Uwielbiam te kwiaty. Wystarczy jedna ga\u0142\u0105zka i mam wra\u017cenie, \u017ce ca\u0142e mieszkanie jest w kwiatach.<\/p>\n<p style=\"text-align: center;\">Trzymajcie si\u0119 zdrowo!<\/p>\n<div class=\"fcbkbttn_buttons_block\" id=\"fcbkbttn_middle\"><div class=\"fcbkbttn_like \"><fb:like href=\"https:\/\/annapisze.art\/?p=4538\" action=\"like\" colorscheme=\"light\" layout=\"box_count\"  size=\"small\"><\/fb:like><\/div><div class=\"fb-share-button  \" data-href=\"https:\/\/annapisze.art\/?p=4538\" data-type=\"button_count\" data-size=\"small\"><\/div><\/div>","protected":false},"excerpt":{"rendered":"<p>Magdom dzi\u015b \u017cyczenia sk\u0142adamy wszak Magdy ko\u0142o siebie mamy, niech w zdrowiu \u017cyj\u0105 i rado\u015bci, niech szcz\u0119\u015bcie pod Magd dachem go\u015bci \ud83d\ude42 S\u0142odyczy mniej si\u0119 Magdom \u017cyczy, bo Magdy tyj\u0105 od s\u0142odyczy, tak jak i reszta dziewczyn zreszt\u0105 i potem &hellip; <a href=\"https:\/\/annapisze.art\/?p=4538\">Czytaj dalej <span class=\"meta-nav\">&rarr;<\/span><\/a><\/p>\n","protected":false},"author":1,"featured_media":0,"comment_status":"open","ping_status":"open","sticky":false,"template":"","format":"standard","meta":{"footnotes":""},"categories":[8,13],"tags":[],"class_list":["post-4538","post","type-post","status-publish","format-standard","hentry","category-mysle-sobie","category-wierszydelka"],"_links":{"self":[{"href":"https:\/\/annapisze.art\/index.php?rest_route=\/wp\/v2\/posts\/4538","targetHints":{"allow":["GET"]}}],"collection":[{"href":"https:\/\/annapisze.art\/index.php?rest_route=\/wp\/v2\/posts"}],"about":[{"href":"https:\/\/annapisze.art\/index.php?rest_route=\/wp\/v2\/types\/post"}],"author":[{"embeddable":true,"href":"https:\/\/annapisze.art\/index.php?rest_route=\/wp\/v2\/users\/1"}],"replies":[{"embeddable":true,"href":"https:\/\/annapisze.art\/index.php?rest_route=%2Fwp%2Fv2%2Fcomments&post=4538"}],"version-history":[{"count":2,"href":"https:\/\/annapisze.art\/index.php?rest_route=\/wp\/v2\/posts\/4538\/revisions"}],"predecessor-version":[{"id":4546,"href":"https:\/\/annapisze.art\/index.php?rest_route=\/wp\/v2\/posts\/4538\/revisions\/4546"}],"wp:attachment":[{"href":"https:\/\/annapisze.art\/index.php?rest_route=%2Fwp%2Fv2%2Fmedia&parent=4538"}],"wp:term":[{"taxonomy":"category","embeddable":true,"href":"https:\/\/annapisze.art\/index.php?rest_route=%2Fwp%2Fv2%2Fcategories&post=4538"},{"taxonomy":"post_tag","embeddable":true,"href":"https:\/\/annapisze.art\/index.php?rest_route=%2Fwp%2Fv2%2Ftags&post=4538"}],"curies":[{"name":"wp","href":"https:\/\/api.w.org\/{rel}","templated":true}]}}