{"id":452,"date":"2019-02-26T17:41:27","date_gmt":"2019-02-26T16:41:27","guid":{"rendered":"http:\/\/annapisze.art\/?p=452"},"modified":"2019-03-05T12:39:27","modified_gmt":"2019-03-05T11:39:27","slug":"poki-czas","status":"publish","type":"post","link":"https:\/\/annapisze.art\/?p=452","title":{"rendered":"P\u00f3ki czas&#8230;"},"content":{"rendered":"<p>Zastanawia mnie sk\u0105d w ludziach bierze si\u0119 tyle bezinteresownej nienawi\u015bci, z\u0142o\u015bci, pragnienia, by dokopa\u0107 ka\u017cdemu i bezwzgl\u0119dnie. Wystarczy pod jakimkolwiek artyku\u0142em na oboj\u0119tnie jaki temat poczyta\u0107 komentarze. Przecie\u017c chyba nie wszyscy robi\u0105 to za pieni\u0105dze! W wi\u0119kszo\u015bci przypadk\u00f3w wylewa si\u0119 z tych ludzi to, co maj\u0105 w sobie. Niedobrze si\u0119 robi z obrzydzenia. No to jak mo\u017ce by\u0107 dobrze w\u015br\u00f3d takich osobnik\u00f3w? Gdyby mo\u017cna by\u0142o uwierzy\u0107, \u017ce kiedy si\u0119 zaapeluje &#8211; <strong>ludzie, przesta\u0144cie by\u0107 tak strasznie \u017ali, zacznijcie si\u0119<\/strong> <strong>u\u015bmiecha\u0107 cho\u0107by do g\u0119by, kt\u00f3r\u0105 widzicie w lustrze<\/strong> &#8211; cho\u0107 kilka os\u00f3b si\u0119 zastanowi. Ale &#8222;daremne \u017cale, pr\u00f3\u017cny trud&#8230;&#8221;<br \/>\nA \u015bwiat jest taki pi\u0119kny! Szczeg\u00f3lnie teraz o poranku, gdy mamy ostatnie ciep\u0142e dni w tym roku, gdy wstaje wielka s\u0142oneczna kula budz\u0105c ze snu wszystkie najcudniejsze jesienne kolory, gdy mg\u0142y podnosz\u0105ce si\u0119 nad polem i \u0142\u0105k\u0105 k\u0142\u0119bi\u0105 si\u0119 przy samej ziemi dodaj\u0105c uroku i tajemniczo\u015bci. Mg\u0142y si\u0119 k\u0142\u0119bi\u0142y od zarania dziej\u00f3w,<br \/>\nk\u0142\u0119bi\u0105 teraz i w przysz\u0142o\u015bci te\u017c b\u0119d\u0105. A z\u0142e ludzkie my\u015bli przestan\u0105 si\u0119 k\u0142\u0119bi\u0107 w g\u0142owach pr\u0119dzej czy p\u00f3\u017aniej, gdy te g\u0142owy spoczn\u0105 pod ziemi\u0105 na zawsze. Wi\u0119c p\u00f3ki czas lepiej skupi\u0107 si\u0119 na tym co dobre i pi\u0119kne. <strong>P\u00f3ki<\/strong> <strong>czas&#8230;<\/strong><\/p>\n<p>18.10.2017<\/p>\n<div id=\"posts-container\" class=\"body\">\n<div id=\"comments-list\" class=\"comments-list\">\n<ul>\n<li><span class=\"guest\">Go\u015b\u0107: [Rick] <\/span><span class=\"host\">*.nat.umts.dynamic.t-mobile.pl<\/span> <time title=\"2017\/10\/18 10:28:19\" datetime=\"18.10.2017\">2 lata temu<\/time>Niestety,Polacy ze swoimi charakterami i filozofi\u0105 \u017cycia nie kwalifikuj\u0105 si\u0119 do czo\u0142\u00f3wki pa\u0144stw zachodnich.<\/li>\n<li><a href=\"http:\/\/www.blox.pl\/html?page=userProfilePreview&amp;username=babciabezmohera\">babciabezmohera<\/a> <time title=\"2017\/10\/18 11:31:49\" datetime=\"18.10.2017\">2 lata temu<\/time>Poapelowa\u0107 zawsze mo\u017cna! Mo\u017ce kiedy\u015b zaskoczy, zadzia\u0142a?&#8230; Oby! \ud83d\ude42<\/li>\n<li><a href=\"http:\/\/www.blox.pl\/html?page=userProfilePreview&amp;username=fusilla\">fusilla<\/a> <time title=\"2017\/10\/19 19:43:58\" datetime=\"19.10.2017\">2 lata temu<\/time>U\u015bmiecham si\u0119 ju\u017c, teraz, do Ciebie! I do wszystkich, kt\u00f3rzy Ci\u0119 odwiedzaj\u0105! I do ka\u017cdego we wszech\u015bwiecie! :-))))<\/li>\n<li><a href=\"http:\/\/www.blox.pl\/html?page=userProfilePreview&amp;username=annazadroza\">annazadroza<\/a> <time title=\"2017\/10\/20 10:04:46\" datetime=\"20.10.2017\">2 lata temu<\/time>Rick:) Ale przecie\u017c nie wszyscy. Mamy naukowc\u00f3w, artyst\u00f3w, i inne grupy ludzi m\u0105drych, otwartych na inne warto\u015bci ni\u017c &#8222;za\u015bciankowe&#8221;. Niestety, sonda\u017ce potwierdzaj\u0105, \u017ce du\u017ca cz\u0119\u015b\u0107 w skansenie umys\u0142owym pozostaje. Chcia\u0142oby si\u0119 wierzy\u0107, \u017ce b\u0119dzie lepiej, ale je\u015bli nawet w tramwaju bezpieczny cz\u0142owiek nie mo\u017ce by\u0107 tylko dlatego, \u017ce m\u00f3wi obcym j\u0119zykiem, ma ciemniejsz\u0105 karnacj\u0119 albo chustk\u0119 na g\u0142owie, to jak mie\u0107 nadziej\u0119? Jakiemu\u015b \u0142ysolowi si\u0119 nie spodoba i nikt nie reaguje, nikt nie pomo\u017ce bezbronnemu cz\u0142owiekowi. A dawniej byli\u015bmy ostoj\u0105 dla potrzebuj\u0105cych np. Grek\u00f3w czy dzieci z Korei.<\/li>\n<li><a href=\"http:\/\/www.blox.pl\/html?page=userProfilePreview&amp;username=annazadroza\">annazadroza<\/a> <time title=\"2017\/10\/20 10:11:06\" datetime=\"20.10.2017\">2 lata temu<\/time>BBM \ud83d\ude42 Pomarzy\u0107 dobra rzecz. Niby nic, ale &#8211; &#8222;tylko z zamk\u00f3w na lodzie powstaj\u0105 potem na ziemi pa\u0142ace&#8221; (P.Milford).<\/li>\n<li><a href=\"http:\/\/www.blox.pl\/html?page=userProfilePreview&amp;username=annazadroza\">annazadroza<\/a> <time title=\"2017\/10\/20 10:13:46\" datetime=\"20.10.2017\">2 lata temu<\/time>Fusilko:) Dzi\u0119kuj\u0119 za ka\u017cdy u\u015bmiech! Niech Twoje u\u015bmiechy zostan\u0105 pomno\u017cone siedem razy do pot\u0119gi si\u00f3dme i opanuj\u0105 ca\u0142y \u015bwiat!!!<br \/>\nG\u0142osujemy na Ciebie codziennie:)<\/li>\n<\/ul>\n<\/div>\n<\/div>\n<div class=\"fcbkbttn_buttons_block\" id=\"fcbkbttn_middle\"><div class=\"fcbkbttn_like \"><fb:like href=\"https:\/\/annapisze.art\/?p=452\" action=\"like\" colorscheme=\"light\" layout=\"box_count\"  size=\"small\"><\/fb:like><\/div><div class=\"fb-share-button  \" data-href=\"https:\/\/annapisze.art\/?p=452\" data-type=\"button_count\" data-size=\"small\"><\/div><\/div>","protected":false},"excerpt":{"rendered":"<p>Zastanawia mnie sk\u0105d w ludziach bierze si\u0119 tyle bezinteresownej nienawi\u015bci, z\u0142o\u015bci, pragnienia, by dokopa\u0107 ka\u017cdemu i bezwzgl\u0119dnie. Wystarczy pod jakimkolwiek artyku\u0142em na oboj\u0119tnie jaki temat poczyta\u0107 komentarze. Przecie\u017c chyba nie wszyscy robi\u0105 to za pieni\u0105dze! W wi\u0119kszo\u015bci przypadk\u00f3w wylewa si\u0119 &hellip; <a href=\"https:\/\/annapisze.art\/?p=452\">Czytaj dalej <span class=\"meta-nav\">&rarr;<\/span><\/a><\/p>\n","protected":false},"author":1,"featured_media":0,"comment_status":"open","ping_status":"open","sticky":false,"template":"","format":"standard","meta":{"footnotes":""},"categories":[8],"tags":[],"class_list":["post-452","post","type-post","status-publish","format-standard","hentry","category-mysle-sobie"],"_links":{"self":[{"href":"https:\/\/annapisze.art\/index.php?rest_route=\/wp\/v2\/posts\/452","targetHints":{"allow":["GET"]}}],"collection":[{"href":"https:\/\/annapisze.art\/index.php?rest_route=\/wp\/v2\/posts"}],"about":[{"href":"https:\/\/annapisze.art\/index.php?rest_route=\/wp\/v2\/types\/post"}],"author":[{"embeddable":true,"href":"https:\/\/annapisze.art\/index.php?rest_route=\/wp\/v2\/users\/1"}],"replies":[{"embeddable":true,"href":"https:\/\/annapisze.art\/index.php?rest_route=%2Fwp%2Fv2%2Fcomments&post=452"}],"version-history":[{"count":3,"href":"https:\/\/annapisze.art\/index.php?rest_route=\/wp\/v2\/posts\/452\/revisions"}],"predecessor-version":[{"id":808,"href":"https:\/\/annapisze.art\/index.php?rest_route=\/wp\/v2\/posts\/452\/revisions\/808"}],"wp:attachment":[{"href":"https:\/\/annapisze.art\/index.php?rest_route=%2Fwp%2Fv2%2Fmedia&parent=452"}],"wp:term":[{"taxonomy":"category","embeddable":true,"href":"https:\/\/annapisze.art\/index.php?rest_route=%2Fwp%2Fv2%2Fcategories&post=452"},{"taxonomy":"post_tag","embeddable":true,"href":"https:\/\/annapisze.art\/index.php?rest_route=%2Fwp%2Fv2%2Ftags&post=452"}],"curies":[{"name":"wp","href":"https:\/\/api.w.org\/{rel}","templated":true}]}}