{"id":4310,"date":"2021-04-25T08:50:31","date_gmt":"2021-04-25T06:50:31","guid":{"rendered":"http:\/\/annapisze.art\/?p=4310"},"modified":"2021-04-25T08:57:27","modified_gmt":"2021-04-25T06:57:27","slug":"kwietniowy-weekend-2021","status":"publish","type":"post","link":"https:\/\/annapisze.art\/?p=4310","title":{"rendered":"Kwietniowy weekend 2021"},"content":{"rendered":"<p>Kocham kwiecie\u0144, bo to m\u00f3j miesi\u0105c. Zawsze lubi\u0142am i lubi\u0119 kwietniow\u0105 wiosn\u0119, bez wzgl\u0119du na to, kt\u00f3r\u0105 wiosenk\u0119 zaliczam \ud83d\ude09 Wczoraj zaliczy\u0142am kolejn\u0105 i rozpocz\u0119\u0142am nast\u0119pn\u0105. Z tej okazji wirtualnie cz\u0119stuj\u0119 torcikiem i \u0142ykiem dobrego trunku \ud83d\ude42 Z torcikiem wpad\u0142y dzieciaki, nie piek\u0142am, nie mog\u0119 si\u0119 zmobilizowa\u0107, aby zmierzy\u0107 si\u0119 z takim wyzwaniem, w sumie nie wiem czy si\u0119 kiedy\u015b odwa\u017c\u0119.<\/p>\n<div id=\"attachment_4311\" style=\"width: 510px\" class=\"wp-caption aligncenter\"><img loading=\"lazy\" decoding=\"async\" aria-describedby=\"caption-attachment-4311\" class=\"wp-image-4311\" src=\"https:\/\/annapisze.art\/wp-content\/uploads\/2021\/04\/20210424_163548.jpg\" alt=\"\" width=\"500\" height=\"459\" srcset=\"https:\/\/annapisze.art\/wp-content\/uploads\/2021\/04\/20210424_163548.jpg 746w, https:\/\/annapisze.art\/wp-content\/uploads\/2021\/04\/20210424_163548-300x275.jpg 300w\" sizes=\"auto, (max-width: 500px) 100vw, 500px\" \/><p id=\"caption-attachment-4311\" class=\"wp-caption-text\">&#8230; przepyszny by\u0142 i znikn\u0105\u0142 natychmiast &#8230;<\/p><\/div>\n<div id=\"attachment_4312\" style=\"width: 510px\" class=\"wp-caption aligncenter\"><img loading=\"lazy\" decoding=\"async\" aria-describedby=\"caption-attachment-4312\" class=\"wp-image-4312\" src=\"https:\/\/annapisze.art\/wp-content\/uploads\/2021\/04\/20210424_190030-1.jpg\" alt=\"\" width=\"500\" height=\"375\" srcset=\"https:\/\/annapisze.art\/wp-content\/uploads\/2021\/04\/20210424_190030-1.jpg 856w, https:\/\/annapisze.art\/wp-content\/uploads\/2021\/04\/20210424_190030-1-300x225.jpg 300w\" sizes=\"auto, (max-width: 500px) 100vw, 500px\" \/><p id=\"caption-attachment-4312\" class=\"wp-caption-text\">&#8230; niech zdrowie nas wszystkich nie opuszcza &#8230;<\/p><\/div>\n<p>Przy takiej okazji w poprzednich latach wspomina\u0142am tu:\u00a0<a href=\"https:\/\/annapisze.art\/?p=2709\">https:\/\/annapisze.art\/?p=2709 <\/a><\/p>\n<p>oraz tu:\u00a0<a href=\"https:\/\/annapisze.art\/?p=914\">https:\/\/annapisze.art\/?p=914<\/a><\/p>\n<p>Zimno si\u0119 zrobi\u0142o jak obiecali w tv. Na szcz\u0119\u015bcie w sobot\u0119 nie pada\u0142o, \u015bwieci\u0142o s\u0142oneczko i mog\u0142am zrobi\u0107 zdj\u0119cie okrytych kwieciem drzew i krzew\u00f3w. Cudowne po prostu. Mamy prawdziw\u0105 wiosn\u0119, pi\u0119kn\u0105, kolorow\u0105 i pachn\u0105c\u0105.<\/p>\n<p><img loading=\"lazy\" decoding=\"async\" class=\"aligncenter wp-image-4313\" src=\"https:\/\/annapisze.art\/wp-content\/uploads\/2021\/04\/20210424_150205.jpg\" alt=\"\" width=\"500\" height=\"375\" srcset=\"https:\/\/annapisze.art\/wp-content\/uploads\/2021\/04\/20210424_150205.jpg 856w, https:\/\/annapisze.art\/wp-content\/uploads\/2021\/04\/20210424_150205-300x225.jpg 300w\" sizes=\"auto, (max-width: 500px) 100vw, 500px\" \/><\/p>\n<p><img loading=\"lazy\" decoding=\"async\" class=\"aligncenter size-full wp-image-4314\" src=\"https:\/\/annapisze.art\/wp-content\/uploads\/2021\/04\/20210421_141513.jpg\" alt=\"\" width=\"856\" height=\"642\" srcset=\"https:\/\/annapisze.art\/wp-content\/uploads\/2021\/04\/20210421_141513.jpg 856w, https:\/\/annapisze.art\/wp-content\/uploads\/2021\/04\/20210421_141513-300x225.jpg 300w\" sizes=\"auto, (max-width: 856px) 100vw, 856px\" \/><\/p>\n<p><img loading=\"lazy\" decoding=\"async\" class=\"aligncenter wp-image-4315\" src=\"https:\/\/annapisze.art\/wp-content\/uploads\/2021\/04\/20210421_141521.jpg\" alt=\"\" width=\"500\" height=\"375\" srcset=\"https:\/\/annapisze.art\/wp-content\/uploads\/2021\/04\/20210421_141521.jpg 856w, https:\/\/annapisze.art\/wp-content\/uploads\/2021\/04\/20210421_141521-300x225.jpg 300w\" sizes=\"auto, (max-width: 500px) 100vw, 500px\" \/><\/p>\n<div id=\"attachment_4317\" style=\"width: 510px\" class=\"wp-caption aligncenter\"><img loading=\"lazy\" decoding=\"async\" aria-describedby=\"caption-attachment-4317\" class=\"wp-image-4317\" src=\"https:\/\/annapisze.art\/wp-content\/uploads\/2021\/04\/20200407_112159.jpg\" alt=\"\" width=\"500\" height=\"375\" srcset=\"https:\/\/annapisze.art\/wp-content\/uploads\/2021\/04\/20200407_112159.jpg 913w, https:\/\/annapisze.art\/wp-content\/uploads\/2021\/04\/20200407_112159-300x225.jpg 300w\" sizes=\"auto, (max-width: 500px) 100vw, 500px\" \/><p id=\"caption-attachment-4317\" class=\"wp-caption-text\">&#8230; to zrobi\u0142am rok temu, ale teraz wygl\u0105da identycznie &#8230;<\/p><\/div>\n<div id=\"attachment_4318\" style=\"width: 510px\" class=\"wp-caption aligncenter\"><img loading=\"lazy\" decoding=\"async\" aria-describedby=\"caption-attachment-4318\" class=\"wp-image-4318\" src=\"https:\/\/annapisze.art\/wp-content\/uploads\/2021\/04\/20200408_163057-1024x547.jpg\" alt=\"\" width=\"500\" height=\"267\" srcset=\"https:\/\/annapisze.art\/wp-content\/uploads\/2021\/04\/20200408_163057-1024x547.jpg 1024w, https:\/\/annapisze.art\/wp-content\/uploads\/2021\/04\/20200408_163057-300x160.jpg 300w, https:\/\/annapisze.art\/wp-content\/uploads\/2021\/04\/20200408_163057.jpg 1202w\" sizes=\"auto, (max-width: 500px) 100vw, 500px\" \/><p id=\"caption-attachment-4318\" class=\"wp-caption-text\">&#8230; tak samo &#8230;<\/p><\/div>\n<p>Kulinarnie &#8211; &#8222;wypra\u0142am gluta&#8221; czyli zrobi\u0142am po raz drugi <strong>seitan<\/strong>, po raz trzeci<strong> sa\u0142atk\u0119<\/strong> <strong>gyros<\/strong> wg przepisu naszej klatkowej ursynowskiej przyjaci\u00f3\u0142ki-s\u0105siadki Mirusi, kt\u00f3ra zza T\u0119czowego Mostu mo\u017ce si\u0119 u\u015bmiecha na ten widok. Z Marysie\u0144k\u0105 szuka\u0142y\u015bmy przepisu na jej sa\u0142atk\u0119, bo ona najsmaczniejsza ze wszystkich by\u0142a na klatkowych imprezach, ale \u017cadna z nas nie znalaz\u0142a w swoich zapiskach, znikn\u0119\u0142a, wci\u0119\u0142o i gucio \ud83d\ude41 \u00a0Marysie\u0144ka zadzwoni\u0142a do Mirusinej siostry na drugi koniec Polski i przepis jest! Zamiast kurczaka da\u0142am gyros vege z Biedronki. Sa\u0142atka wysz\u0142a rewelacyjna! Potrzebna jest kapusta peki\u0144ska, sa\u0142ata lodowa, kukurydza, czerwona cebula, og\u00f3rek konserwowy i gyros. Wszystko warstwami si\u0119 uk\u0142ada polewaj\u0105c sosem. Sos to jogurt wymieszany z majonezem i wci\u015bni\u0119tym czosnkiem. Akurat nie mia\u0142am jogurtu, u\u017cy\u0142am \u015bmietany &#8211; smak by\u0142 wspania\u0142y, a jogurt ju\u017c kupi\u0142am do kolejnej sa\u0142atki, zawsze to mniej kalorii.<\/p>\n<div id=\"attachment_4319\" style=\"width: 510px\" class=\"wp-caption aligncenter\"><img loading=\"lazy\" decoding=\"async\" aria-describedby=\"caption-attachment-4319\" class=\"wp-image-4319\" src=\"https:\/\/annapisze.art\/wp-content\/uploads\/2021\/04\/Snapchat-137096353-1024x539.jpg\" alt=\"\" width=\"500\" height=\"263\" srcset=\"https:\/\/annapisze.art\/wp-content\/uploads\/2021\/04\/Snapchat-137096353-1024x539.jpg 1024w, https:\/\/annapisze.art\/wp-content\/uploads\/2021\/04\/Snapchat-137096353-300x158.jpg 300w, https:\/\/annapisze.art\/wp-content\/uploads\/2021\/04\/Snapchat-137096353.jpg 1280w\" sizes=\"auto, (max-width: 500px) 100vw, 500px\" \/><p id=\"caption-attachment-4319\" class=\"wp-caption-text\">&#8230; pierwsza pr\u00f3ba tak si\u0119 prezentowa\u0142a &#8230;<\/p><\/div>\n<div id=\"attachment_4320\" style=\"width: 510px\" class=\"wp-caption aligncenter\"><img loading=\"lazy\" decoding=\"async\" aria-describedby=\"caption-attachment-4320\" class=\"wp-image-4320\" src=\"https:\/\/annapisze.art\/wp-content\/uploads\/2021\/04\/WP_20210421_12_39_52_Pro-1-1024x577.jpg\" alt=\"\" width=\"500\" height=\"282\" srcset=\"https:\/\/annapisze.art\/wp-content\/uploads\/2021\/04\/WP_20210421_12_39_52_Pro-1-1024x577.jpg 1024w, https:\/\/annapisze.art\/wp-content\/uploads\/2021\/04\/WP_20210421_12_39_52_Pro-1-300x169.jpg 300w\" sizes=\"auto, (max-width: 500px) 100vw, 500px\" \/><p id=\"caption-attachment-4320\" class=\"wp-caption-text\">&#8230; trzecia wersja; stara\u0142am si\u0119, \u017ceby warstwy by\u0142y widoczne, co przy pstrykaniu \u015blepulcem nie jest proste&#8230;<\/p><\/div>\n<p>A w niedziel\u0119 rano, czyli dzi\u015b, zrobili\u015bmy we czw\u00f3rk\u0119 pi\u0119kny, daleki spacer spotykaj\u0105c przy okazji dwie sarenki, im nie robi\u0142am zdj\u0119\u0107, \u017ceby nie sp\u0142oszy\u0107, pas\u0142y si\u0119 mi\u0119dzy krzewami owocowymi na plantacji. Za to zrobi\u0142am kilka wiosennych obrazk\u00f3w, kt\u00f3rymi si\u0119 dziel\u0119 na dobry dzie\u0144 \ud83d\ude42 Widok przepi\u0119knej Matki Natury pozwalaj\u0105cej si\u0119 podziwia\u0107 w pe\u0142nej krasie jest zawsze koj\u0105cy.<\/p>\n<div id=\"attachment_4324\" style=\"width: 923px\" class=\"wp-caption aligncenter\"><img loading=\"lazy\" decoding=\"async\" aria-describedby=\"caption-attachment-4324\" class=\"wp-image-4323 size-full\" src=\"https:\/\/annapisze.art\/wp-content\/uploads\/2021\/04\/20210425_063214.jpg\" alt=\"\" width=\"913\" height=\"685\" srcset=\"https:\/\/annapisze.art\/wp-content\/uploads\/2021\/04\/20210425_063214.jpg 913w, https:\/\/annapisze.art\/wp-content\/uploads\/2021\/04\/20210425_063214-300x225.jpg 300w\" sizes=\"auto, (max-width: 913px) 100vw, 913px\" \/><p id=\"caption-attachment-4324\" class=\"wp-caption-text\">&#8230; cudnie wygl\u0105da drzewo \u00a0r\u00f3\u017cowym kwieciem ozdobione &#8230;<\/p><\/div>\n<div id=\"attachment_4324\" style=\"width: 510px\" class=\"wp-caption aligncenter\"><img loading=\"lazy\" decoding=\"async\" aria-describedby=\"caption-attachment-4324\" class=\"wp-image-4324\" src=\"https:\/\/annapisze.art\/wp-content\/uploads\/2021\/04\/20210425_063220.jpg\" alt=\"\" width=\"500\" height=\"375\" srcset=\"https:\/\/annapisze.art\/wp-content\/uploads\/2021\/04\/20210425_063220.jpg 856w, https:\/\/annapisze.art\/wp-content\/uploads\/2021\/04\/20210425_063220-300x225.jpg 300w\" sizes=\"auto, (max-width: 500px) 100vw, 500px\" \/><p id=\"caption-attachment-4324\" class=\"wp-caption-text\">&#8230; r\u00f3\u017cowe kwiatuszki z bliska &#8230;<\/p><\/div>\n<div id=\"attachment_4325\" style=\"width: 510px\" class=\"wp-caption aligncenter\"><img loading=\"lazy\" decoding=\"async\" aria-describedby=\"caption-attachment-4325\" class=\"wp-image-4325\" src=\"https:\/\/annapisze.art\/wp-content\/uploads\/2021\/04\/20210425_063228.jpg\" alt=\"\" width=\"500\" height=\"375\" srcset=\"https:\/\/annapisze.art\/wp-content\/uploads\/2021\/04\/20210425_063228.jpg 856w, https:\/\/annapisze.art\/wp-content\/uploads\/2021\/04\/20210425_063228-300x225.jpg 300w\" sizes=\"auto, (max-width: 500px) 100vw, 500px\" \/><p id=\"caption-attachment-4325\" class=\"wp-caption-text\">&#8230;ca\u0142ego drzewa nie da si\u0119 obj\u0105\u0107 \u015blepulcem&#8230;<\/p><\/div>\n<p><img loading=\"lazy\" decoding=\"async\" class=\"aligncenter wp-image-4326\" src=\"https:\/\/annapisze.art\/wp-content\/uploads\/2021\/04\/20210425_071416.jpg\" alt=\"\" width=\"600\" height=\"450\" srcset=\"https:\/\/annapisze.art\/wp-content\/uploads\/2021\/04\/20210425_071416.jpg 856w, https:\/\/annapisze.art\/wp-content\/uploads\/2021\/04\/20210425_071416-300x225.jpg 300w\" sizes=\"auto, (max-width: 600px) 100vw, 600px\" \/><\/p>\n<p><img loading=\"lazy\" decoding=\"async\" class=\"aligncenter wp-image-4327\" src=\"https:\/\/annapisze.art\/wp-content\/uploads\/2021\/04\/20210425_071424.jpg\" alt=\"\" width=\"600\" height=\"450\" srcset=\"https:\/\/annapisze.art\/wp-content\/uploads\/2021\/04\/20210425_071424.jpg 856w, https:\/\/annapisze.art\/wp-content\/uploads\/2021\/04\/20210425_071424-300x225.jpg 300w\" sizes=\"auto, (max-width: 600px) 100vw, 600px\" \/><\/p>\n<p><img loading=\"lazy\" decoding=\"async\" class=\"aligncenter wp-image-4328\" src=\"https:\/\/annapisze.art\/wp-content\/uploads\/2021\/04\/20210425_071435.jpg\" alt=\"\" width=\"600\" height=\"450\" srcset=\"https:\/\/annapisze.art\/wp-content\/uploads\/2021\/04\/20210425_071435.jpg 856w, https:\/\/annapisze.art\/wp-content\/uploads\/2021\/04\/20210425_071435-300x225.jpg 300w\" sizes=\"auto, (max-width: 600px) 100vw, 600px\" \/><\/p>\n<p><img loading=\"lazy\" decoding=\"async\" class=\"aligncenter wp-image-4329\" src=\"https:\/\/annapisze.art\/wp-content\/uploads\/2021\/04\/20210425_071552.jpg\" alt=\"\" width=\"600\" height=\"450\" srcset=\"https:\/\/annapisze.art\/wp-content\/uploads\/2021\/04\/20210425_071552.jpg 856w, https:\/\/annapisze.art\/wp-content\/uploads\/2021\/04\/20210425_071552-300x225.jpg 300w\" sizes=\"auto, (max-width: 600px) 100vw, 600px\" \/><\/p>\n<div id=\"attachment_4330\" style=\"width: 610px\" class=\"wp-caption aligncenter\"><img loading=\"lazy\" decoding=\"async\" aria-describedby=\"caption-attachment-4330\" class=\"wp-image-4330\" src=\"https:\/\/annapisze.art\/wp-content\/uploads\/2021\/04\/20210425_071556.jpg\" alt=\"\" width=\"600\" height=\"450\" srcset=\"https:\/\/annapisze.art\/wp-content\/uploads\/2021\/04\/20210425_071556.jpg 856w, https:\/\/annapisze.art\/wp-content\/uploads\/2021\/04\/20210425_071556-300x225.jpg 300w\" sizes=\"auto, (max-width: 600px) 100vw, 600px\" \/><p id=\"caption-attachment-4330\" class=\"wp-caption-text\">&#8230; takie urokliwe miejsca mo\u017cna o poranku ogl\u0105da\u0107 w Piasecznie &#8230;<\/p><\/div>\n<p>Dzi\u015b mam nadziej\u0119 sko\u0144czy\u0107 biografi\u0119 Rodziewicz\u00f3wny, kt\u00f3r\u0105 czyta mi si\u0119 wspaniale, jakbym w \u015bwiat pisarki si\u0119 przenios\u0142a. Nie kryj\u0119 si\u0119 wcale z tym, \u017ce kocham jej opisy przyrody i klimaty powie\u015bci, podczas ka\u017cdych wakacji czyta\u0142am od pocz\u0105tku wszystkie ksi\u0105\u017cki z babcinej p\u00f3\u0142ki. Ta konkretna biografia jest tym \u00a0ciekawsza, \u017ce napisana przez chrze\u015bniaka Marii Rodziewicz\u00f3wny, wi\u0119c z innym zupe\u0142nie podej\u015bciem, z innym jej obrazem ni\u017c mieli obcy ludzie.<\/p>\n<p><img loading=\"lazy\" decoding=\"async\" class=\"aligncenter wp-image-4332\" src=\"https:\/\/annapisze.art\/wp-content\/uploads\/2021\/04\/20210425_083247.jpg\" alt=\"\" width=\"400\" height=\"533\" srcset=\"https:\/\/annapisze.art\/wp-content\/uploads\/2021\/04\/20210425_083247.jpg 482w, https:\/\/annapisze.art\/wp-content\/uploads\/2021\/04\/20210425_083247-225x300.jpg 225w\" sizes=\"auto, (max-width: 400px) 100vw, 400px\" \/><\/p>\n<p>Mi\u0142ej niedzieli i dobrego tygodnia wszystkim \u017cycz\u0119 \ud83d\ude42<\/p>\n<p style=\"text-align: center;\">Trzymajcie si\u0119 zdrowo!<\/p>\n<p>&nbsp;<\/p>\n<div class=\"fcbkbttn_buttons_block\" id=\"fcbkbttn_middle\"><div class=\"fcbkbttn_like \"><fb:like href=\"https:\/\/annapisze.art\/?p=4310\" action=\"like\" colorscheme=\"light\" layout=\"box_count\"  size=\"small\"><\/fb:like><\/div><div class=\"fb-share-button  \" data-href=\"https:\/\/annapisze.art\/?p=4310\" data-type=\"button_count\" data-size=\"small\"><\/div><\/div>","protected":false},"excerpt":{"rendered":"<p>Kocham kwiecie\u0144, bo to m\u00f3j miesi\u0105c. Zawsze lubi\u0142am i lubi\u0119 kwietniow\u0105 wiosn\u0119, bez wzgl\u0119du na to, kt\u00f3r\u0105 wiosenk\u0119 zaliczam \ud83d\ude09 Wczoraj zaliczy\u0142am kolejn\u0105 i rozpocz\u0119\u0142am nast\u0119pn\u0105. Z tej okazji wirtualnie cz\u0119stuj\u0119 torcikiem i \u0142ykiem dobrego trunku \ud83d\ude42 Z torcikiem wpad\u0142y &hellip; <a href=\"https:\/\/annapisze.art\/?p=4310\">Czytaj dalej <span class=\"meta-nav\">&rarr;<\/span><\/a><\/p>\n","protected":false},"author":1,"featured_media":0,"comment_status":"open","ping_status":"open","sticky":false,"template":"","format":"standard","meta":{"footnotes":""},"categories":[22,8,23],"tags":[],"class_list":["post-4310","post","type-post","status-publish","format-standard","hentry","category-kuchennie-i-smacznie","category-mysle-sobie","category-piaseczno"],"_links":{"self":[{"href":"https:\/\/annapisze.art\/index.php?rest_route=\/wp\/v2\/posts\/4310","targetHints":{"allow":["GET"]}}],"collection":[{"href":"https:\/\/annapisze.art\/index.php?rest_route=\/wp\/v2\/posts"}],"about":[{"href":"https:\/\/annapisze.art\/index.php?rest_route=\/wp\/v2\/types\/post"}],"author":[{"embeddable":true,"href":"https:\/\/annapisze.art\/index.php?rest_route=\/wp\/v2\/users\/1"}],"replies":[{"embeddable":true,"href":"https:\/\/annapisze.art\/index.php?rest_route=%2Fwp%2Fv2%2Fcomments&post=4310"}],"version-history":[{"count":8,"href":"https:\/\/annapisze.art\/index.php?rest_route=\/wp\/v2\/posts\/4310\/revisions"}],"predecessor-version":[{"id":4336,"href":"https:\/\/annapisze.art\/index.php?rest_route=\/wp\/v2\/posts\/4310\/revisions\/4336"}],"wp:attachment":[{"href":"https:\/\/annapisze.art\/index.php?rest_route=%2Fwp%2Fv2%2Fmedia&parent=4310"}],"wp:term":[{"taxonomy":"category","embeddable":true,"href":"https:\/\/annapisze.art\/index.php?rest_route=%2Fwp%2Fv2%2Fcategories&post=4310"},{"taxonomy":"post_tag","embeddable":true,"href":"https:\/\/annapisze.art\/index.php?rest_route=%2Fwp%2Fv2%2Ftags&post=4310"}],"curies":[{"name":"wp","href":"https:\/\/api.w.org\/{rel}","templated":true}]}}