{"id":4266,"date":"2021-04-12T14:15:48","date_gmt":"2021-04-12T12:15:48","guid":{"rendered":"http:\/\/annapisze.art\/?p=4266"},"modified":"2021-04-12T14:15:48","modified_gmt":"2021-04-12T12:15:48","slug":"tamte-dni-tamte-noce-andre-aciman","status":"publish","type":"post","link":"https:\/\/annapisze.art\/?p=4266","title":{"rendered":"&#8222;Tamte dni, tamte noce&#8221; &#8211; Andre Aciman"},"content":{"rendered":"<p>Wera da\u0142a mi ksi\u0105\u017ck\u0119 do przeczytania m\u00f3wi\u0105c, \u017ce to romans, a ja przecie\u017c lubi\u0119 romanse. Zabra\u0142am si\u0119 za czytanie i&#8230; szok. Moja dziewczynka czyta TAKIE ksi\u0105\u017cki? W\u0142a\u015bnie dzi\u0119ki TEJ ksi\u0105\u017cce polubi\u0142a czytanie? C\u00f3\u017c&#8230; czas p\u0142ynie, Wera ma tyle lat ile mia\u0142a moja prababcia<br \/>\nMarianna kiedy j\u0105 wydano za m\u0105\u017c&#8230; Och\u0142on\u0119\u0142am i czyta\u0142am. Po pierwszym szoku przysz\u0142a refleksja. Sfera uczu\u0107 nigdy nie znajdzie si\u0119 pod kontrol\u0105 umys\u0142u. To jest niemo\u017cliwe, serce zawsze wystrychnie rozum na dudka&#8230;. Nie ma znaczenia do kogo pierwsze m\u0142odzie\u0144cze<br \/>\nuczucie jest skierowane&#8230; \u00a0Powie\u015b\u0107 \u00a0jest zapisem stan\u00f3w emocjonalnych przynale\u017cnych m\u0142odo\u015bci. Rejestrowane s\u0105 w du\u017cej cz\u0119\u015bci jako strumie\u0144 \u015bwiadomo\u015bci, tysi\u0105ce my\u015bli przep\u0142ywaj\u0105cych w jednej chwili przez sko\u0142atan\u0105 g\u0142ow\u0119 i zderzaj\u0105cych si\u0119 z buzuj\u0105cymi hormonami co daje mieszank\u0119 wybuchow\u0105.<\/p>\n<div id=\"attachment_4263\" style=\"width: 410px\" class=\"wp-caption aligncenter\"><img loading=\"lazy\" decoding=\"async\" aria-describedby=\"caption-attachment-4263\" class=\"wp-image-4263\" src=\"https:\/\/annapisze.art\/wp-content\/uploads\/2021\/04\/20210410_081503.jpg\" alt=\"\" width=\"400\" height=\"300\" srcset=\"https:\/\/annapisze.art\/wp-content\/uploads\/2021\/04\/20210410_081503.jpg 856w, https:\/\/annapisze.art\/wp-content\/uploads\/2021\/04\/20210410_081503-300x225.jpg 300w\" sizes=\"auto, (max-width: 400px) 100vw, 400px\" \/><p id=\"caption-attachment-4263\" class=\"wp-caption-text\">&#8230; jeszcze raz prezentacja ksi\u0105\u017cki &#8230;<\/p><\/div>\n<p>Gdybym nie obieca\u0142a wnuczce, \u017ce przeczytam w ca\u0142o\u015bci &#8211; to bym nie przeczyta\u0142a z w\u0142asnej woli. To nie m\u00f3j \u015bwiat, zdecydowanie wola\u0142abym si\u0119 znale\u017a\u0107 na Wyspie Ksi\u0119cia Edwarda w \u015bwiecie Ani Shirley&#8230; Tu si\u0119 k\u0142ania r\u00f3\u017cnica pokole\u0144. Ale&#8230; dobrn\u0119\u0142am do ko\u0144ca i ostatni\u0105 cz\u0119\u015b\u0107 czyta\u0142am ju\u017c z innym nastawieniem. I tu najbardziej poruszy\u0142a mnie reakcja rodzic\u00f3w Elio na jego mi\u0142o\u015b\u0107 do Oliviera. Musz\u0119 zacytowa\u0107 s\u0142owa ojca.<br \/>\n&#8222;Mia\u0142e\u015b pi\u0119kn\u0105 przyja\u017a\u0144. Mo\u017ce co\u015b wi\u0119cej ni\u017c przyja\u017a\u0144. Zazdroszcz\u0119 ci. Wi\u0119kszo\u015b\u0107 rodzic\u00f3w na moim miejscu liczy\u0142aby na to, \u017ce wszystko rozejdzie si\u0119 po ko\u015bciach albo modli\u0142aby si\u0119, \u017ceby ich syn szybko stan\u0105\u0142 na nogi. Ale ja nie jestem takim rodzicem. Je\u015bli jest b\u00f3l, piel\u0119gnuj<br \/>\ngo, a je\u015bli jest p\u0142omie\u0144, nie zdmuchuj go, nie obchod\u017a si\u0119 z nim brutalnie. B\u00f3l rozstania potrafi by\u0107 straszny, a patrzenie, jak druga strona zapomina, jeszcze go pog\u0142\u0119bia. Chc\u0105c jak najszybciej zapomnie\u0107, wyrywamy z siebie mn\u00f3stwo uczu\u0107 i ka\u017cdej nast\u0119pnej osobie mamy<br \/>\nmniej do zaoferowania, a w wieku trzydziestu lat jeste\u015bmy bankrutami. Ale nic nie czu\u0107, \u017ceby nie musie\u0107 czu\u0107 &#8211; co za marnotrawstwo! &#8211; Nie pojmowa\u0142em tego wszystkiego. Odebra\u0142o mi mow\u0119. &#8211; Powiedzia\u0142em za du\u017co? &#8211; zapyta\u0142. Pokr\u0119ci\u0142em g\u0142ow\u0105. &#8211; W takim razie powiem jeszcze jedno, \u017ceby nie by\u0142o niejasno\u015bci. Mo\u017ce by\u0142em blisko, ale nigdy nie mia\u0142em tego, co ty. Zawsze mnie co\u015b powstrzymywa\u0142o albo sta\u0142o na przeszkodzie. To twoja sprawa, jak pokierujesz swoim \u017cyciem, ale pami\u0119taj, \u017ce nasze dusze i cia\u0142a s\u0105 nam podarowane tylko raz. Wi\u0119kszo\u015b\u0107 ludzi zachowuje si\u0119 tak, jakby mieli dwa \u017cycia, orygina\u0142 i kopi\u0119. Ju\u017c nie m\u00f3wi\u0105c o wszystkich wariantach po\u015brednich. Ale \u017cycie jest jedno i zanim si\u0119 obejrzysz, twoja dusza jest zu\u017cyta, a na twoje cia\u0142o od pewnego momentu nikt nie ma ochoty patrze\u0107, a tym bardziej zbli\u017ca\u0107 si\u0119 do niego. Teraz czujesz smutek. B\u00f3l nie jest czym\u015b godnym pozazdroszczenia, a mimo to ci go zazdroszcz\u0119. &#8211; Zrobi\u0142 g\u0142\u0119boki wdech. &#8211; Mo\u017ce ju\u017c nigdy nie poruszymy tego tematu, ale mam nadziej\u0119, \u017ce nie b\u0119dziesz mia\u0142 mi za z\u0142e, \u017ce dzisiaj to zrobili\u015bmy. By\u0142bym fatalnym ojcem, gdyby\u015b pewnego dnia chcia\u0142 ze mn\u0105 o tym porozmawia\u0107 i mia\u0142 poczucie, \u017ce drzwi s\u0105 zamkni\u0119te albo za ma\u0142o otwarte. &#8211; Czy mama wie? &#8211; spyta\u0142em. Chcia\u0142em u\u017cy\u0107 s\u0142owa &lt;podejrzewa&gt;, ale w ostatniej chwili zmieni\u0142em zamiar. &#8211; Chyba nie &#8211; odpar\u0142 tonem, kt\u00f3ry sugerowa\u0142: &lt;A nawet gdyby wiedzia\u0142a, na pewno podesz\u0142aby do tego dok\u0142adnie tak samo jak ja&gt;.&#8221;<\/p>\n<p>I nie spos\u00f3b my\u015bli w\u0142asnych nie przenie\u015b\u0107 do naszej rzeczywisto\u015bci. Bohaterowie powie\u015bci (i filmu) to przecie\u017c &#8211; wg naszej &#8222;elity&#8221; nie ludzie! To ideologia, tak samo jak dzieci s\u0105 winne temu, \u017ce pedofile w sukienkach krzywdz\u0105 je zostawiaj\u0105c z traum\u0105 na ca\u0142e \u017cycie. Ile\u017c<br \/>\ntragedii musz\u0105 prze\u017cywa\u0107 i dzieci i rodzice przez brak empatii, zrozumienia, tolerancji w otoczeniu, poprzez ciemnot\u0119, zacofanie, przez pych\u0119 i zarozumia\u0142o\u015b\u0107 tych, kt\u00f3rym si\u0119 wydaje, \u017ce s\u0105 lepsi od reszty \u015bwiata i mog\u0105 innym urz\u0105dza\u0107 \u017cycie wed\u0142ug w\u0142asnych, cz\u0119sto chorych, zasad.<\/p>\n<p>Wera podczas weekendu u nas przeczyta\u0142a inn\u0105 ksi\u0105\u017ck\u0119, kt\u00f3ra wywar\u0142a na niej du\u017ce wra\u017cenie. Kilka nast\u0119pnych ma zam\u00f3wionych. Teraz czyta w ka\u017cdej wolnej chwili, a ja si\u0119 z tego ciesz\u0119 przeogromnie. Dumna jestem z mojej dziewczynki, przed chwil\u0105 napisa\u0142a mi, \u017ce zaliczy\u0142a test, kt\u00f3rego si\u0119 ba\u0142a \ud83d\ude42<\/p>\n<div id=\"attachment_4267\" style=\"width: 410px\" class=\"wp-caption aligncenter\"><img loading=\"lazy\" decoding=\"async\" aria-describedby=\"caption-attachment-4267\" class=\"wp-image-4267\" src=\"https:\/\/annapisze.art\/wp-content\/uploads\/2021\/04\/20210411_095252.jpg\" alt=\"\" width=\"400\" height=\"533\" srcset=\"https:\/\/annapisze.art\/wp-content\/uploads\/2021\/04\/20210411_095252.jpg 514w, https:\/\/annapisze.art\/wp-content\/uploads\/2021\/04\/20210411_095252-225x300.jpg 225w\" sizes=\"auto, (max-width: 400px) 100vw, 400px\" \/><p id=\"caption-attachment-4267\" class=\"wp-caption-text\">&#8230; w\u0142asnie t\u0119 pozycj\u0119 przeczyta\u0142a, do lekkich nie nale\u017cy&#8230;<\/p><\/div>\n<p style=\"text-align: center;\">Dobrego tygodnia i trzymajcie si\u0119 zdrowo!<\/p>\n<div class=\"fcbkbttn_buttons_block\" id=\"fcbkbttn_middle\"><div class=\"fcbkbttn_like \"><fb:like href=\"https:\/\/annapisze.art\/?p=4266\" action=\"like\" colorscheme=\"light\" layout=\"box_count\"  size=\"small\"><\/fb:like><\/div><div class=\"fb-share-button  \" data-href=\"https:\/\/annapisze.art\/?p=4266\" data-type=\"button_count\" data-size=\"small\"><\/div><\/div>","protected":false},"excerpt":{"rendered":"<p>Wera da\u0142a mi ksi\u0105\u017ck\u0119 do przeczytania m\u00f3wi\u0105c, \u017ce to romans, a ja przecie\u017c lubi\u0119 romanse. Zabra\u0142am si\u0119 za czytanie i&#8230; szok. Moja dziewczynka czyta TAKIE ksi\u0105\u017cki? W\u0142a\u015bnie dzi\u0119ki TEJ ksi\u0105\u017cce polubi\u0142a czytanie? C\u00f3\u017c&#8230; czas p\u0142ynie, Wera ma tyle lat ile &hellip; <a href=\"https:\/\/annapisze.art\/?p=4266\">Czytaj dalej <span class=\"meta-nav\">&rarr;<\/span><\/a><\/p>\n","protected":false},"author":1,"featured_media":0,"comment_status":"open","ping_status":"open","sticky":false,"template":"","format":"standard","meta":{"footnotes":""},"categories":[8],"tags":[],"class_list":["post-4266","post","type-post","status-publish","format-standard","hentry","category-mysle-sobie"],"_links":{"self":[{"href":"https:\/\/annapisze.art\/index.php?rest_route=\/wp\/v2\/posts\/4266","targetHints":{"allow":["GET"]}}],"collection":[{"href":"https:\/\/annapisze.art\/index.php?rest_route=\/wp\/v2\/posts"}],"about":[{"href":"https:\/\/annapisze.art\/index.php?rest_route=\/wp\/v2\/types\/post"}],"author":[{"embeddable":true,"href":"https:\/\/annapisze.art\/index.php?rest_route=\/wp\/v2\/users\/1"}],"replies":[{"embeddable":true,"href":"https:\/\/annapisze.art\/index.php?rest_route=%2Fwp%2Fv2%2Fcomments&post=4266"}],"version-history":[{"count":2,"href":"https:\/\/annapisze.art\/index.php?rest_route=\/wp\/v2\/posts\/4266\/revisions"}],"predecessor-version":[{"id":4269,"href":"https:\/\/annapisze.art\/index.php?rest_route=\/wp\/v2\/posts\/4266\/revisions\/4269"}],"wp:attachment":[{"href":"https:\/\/annapisze.art\/index.php?rest_route=%2Fwp%2Fv2%2Fmedia&parent=4266"}],"wp:term":[{"taxonomy":"category","embeddable":true,"href":"https:\/\/annapisze.art\/index.php?rest_route=%2Fwp%2Fv2%2Fcategories&post=4266"},{"taxonomy":"post_tag","embeddable":true,"href":"https:\/\/annapisze.art\/index.php?rest_route=%2Fwp%2Fv2%2Ftags&post=4266"}],"curies":[{"name":"wp","href":"https:\/\/api.w.org\/{rel}","templated":true}]}}