{"id":41,"date":"2019-02-25T17:11:04","date_gmt":"2019-02-25T16:11:04","guid":{"rendered":"http:\/\/annapisze.art\/?p=41"},"modified":"2019-02-27T16:34:12","modified_gmt":"2019-02-27T15:34:12","slug":"niezwykle-wakacje-julki-11-koniec","status":"publish","type":"post","link":"https:\/\/annapisze.art\/?p=41","title":{"rendered":"&#8222;Niezwyk\u0142e wakacje Julki&#8221; 11 &#8211; koniec"},"content":{"rendered":"<p style=\"text-indent: 1cm; margin-bottom: 0cm; line-height: 150%;\" align=\"JUSTIFY\"><span style=\"font-family: Arial,sans-serif;\"><span style=\"font-size: small;\">Lipiec min\u0105\u0142 jak z bicza strzeli\u0142, nie wiadomo kiedy. Dzieci uprosi\u0142y rodzic\u00f3w, \u017ceby dziewczynki mog\u0142y zosta\u0107 jeszcze chocia\u017c przez dwa tygodnie. Pogoda dopisywa\u0142a wi\u0119c wchodzi\u0142y w rachub\u0119 wszelkie wakacyjne przyjemno\u015bci jak cho\u0107by wyprawy do lasu na jagody, z kt\u00f3rymi ciocia robi\u0142a pyszne pierogi, palenie ogniska i pieczenie ziemniak\u00f3w na tak zwanym ugorku praprababci, zje\u017cd\u017canie w\u00f3zkiem z dyszlem po polnej drodze z g\u00f3rki nazywanej\u00a0 Styrkiem, opalanie si\u0119 na Ska\u0142kach albo nad rzeczk\u0105 czy p\u0142ywanie w stawie. By\u0142y te\u017c dalsze wyprawy na przyk\u0142ad do Alwerni, gdzie mie\u015bci si\u0119 Muzeum Po\u017carnictwa za\u0142o\u017cone przez pana G\u0119sikowskiego, przyjaciela jednego prapra-wujka, kt\u00f3ry by\u0142 zawodowym stra\u017cakiem i zosta\u0142 szefem wszystkich stra\u017cak\u00f3w w Polsce, albo do Czernej, gdzie w przepi\u0119knej okolicy znajduje si\u0119 zabytkowy klasztor. W tej miejscowo\u015bci inny prapra-wujek by\u0142 kierownikiem szko\u0142y. To by\u0142o niesamowite: gdziekolwiek by nie pojecha\u0142y, to pojawia\u0142a si\u0119 w historii jaka\u015b spokrewniona z nimi osoba. W samym Tenczynku zwiedzi\u0142y stary ko\u015bci\u00f3\u0142, w nim \u2013 jak si\u0119 dowiedzia\u0142y \u2013 kiedy\u015b \u0142awy i ambony zrobi\u0142 prapra-wujek, kt\u00f3ry by\u0142 cie\u015bl\u0105. Zobaczy\u0142y te\u017c zabytkow\u0105, drewnian\u0105 dzwonnic\u0119. Ze wzruszeniem odwiedzi\u0142y groby przodk\u00f3w na miejscowym cmentarzu. Czyta\u0142y napisy na tablicach, imiona, nazwiska, daty urodzin i \u015bmierci i jako\u015b im si\u0119 to wszystko posplata\u0142o w jedn\u0105 ca\u0142o\u015b\u0107. Poczu\u0142y si\u0119 cz\u0119\u015bci\u0105 tego co je otacza\u0142o, jakby znalaz\u0142y miejsce, w kt\u00f3rym chcia\u0142y by\u0107, jakby wr\u00f3ci\u0142y do domu po d\u0142ugiej podr\u00f3\u017cy\u2026 Warszawa, szko\u0142a, tamto \u017cycie sta\u0142o si\u0119 odleg\u0142e, inne, nieistotne\u2026<\/span><\/span><\/p>\n<p style=\"text-indent: 1cm; margin-bottom: 0cm; line-height: 150%;\" align=\"JUSTIFY\">\u2013 <span style=\"font-family: Arial,sans-serif;\"><span style=\"font-size: small;\">Mamusiu, ja bym chcia\u0142a tu mieszka\u0107 na zawsze \u2013 powiedzia\u0142a Julka przytulaj\u0105c si\u0119 do matki.<\/span><\/span><\/p>\n<p style=\"text-indent: 1cm; margin-bottom: 0cm; line-height: 150%;\" align=\"JUSTIFY\"><span style=\"font-family: Arial,sans-serif;\"><span style=\"font-size: small;\">Pani Bogna przyje\u017cd\u017ca\u0142a teraz na ka\u017cdy weekend. W poci\u0105gu mia\u0142a czas na przestawienie si\u0119 na \u201etryb weekendowy\u201d, na r\u00f3\u017cne przemy\u015blenia i refleksje, i wysiada\u0142a w Krakowie jako zupe\u0142nie inna kobieta: u\u015bmiechni\u0119ta, zrelaksowana, uwolniona od my\u015bli o stosunkach w firmie, wygl\u0105daj\u0105ca bardziej na starsz\u0105 siostr\u0119 Zuzi ni\u017c na jej mam\u0119.<\/span><\/span><\/p>\n<p style=\"text-indent: 1cm; margin-bottom: 0cm; line-height: 150%;\" align=\"JUSTIFY\">\u2013 <span style=\"font-family: Arial,sans-serif;\"><span style=\"font-size: small;\">S\u0142u\u017cy ci, siostro, pobyt na \u0142onie rodziny \u2013 powiedzia\u0142a z wyra\u017anym zadowoleniem pani Halinka.<\/span><\/span><\/p>\n<p style=\"text-indent: 1cm; margin-bottom: 0cm; line-height: 150%;\" align=\"JUSTIFY\">\u2013 <span style=\"font-family: Arial,sans-serif;\"><span style=\"font-size: small;\">A \u017ceby\u015b wiedzia\u0142a, \u017ce s\u0142u\u017cy. I to bardzo. Nie pami\u0119tam, kiedy tak dobrze si\u0119 czu\u0142am. Poza tym my, my obie, mamy wreszcie okazj\u0119 poby\u0107 troch\u0119 razem i nagada\u0107 si\u0119 za wszystkie czasy.<\/span><\/span><\/p>\n<p style=\"text-indent: 1cm; margin-bottom: 0cm; line-height: 150%;\" align=\"JUSTIFY\">\u2013 <span style=\"font-family: Arial,sans-serif;\"><span style=\"font-size: small;\">Masz racj\u0119. Kontakt z \u017cyw\u0105 siostr\u0105 to jednak zupe\u0142nie co innego ni\u017c ze s\u0142uchawk\u0105 telefoniczn\u0105 \u2013 u\u015bmiechn\u0119\u0142a si\u0119 pani Halinka.<\/span><\/span><\/p>\n<p style=\"text-indent: 1cm; margin-bottom: 0cm; line-height: 150%;\" align=\"JUSTIFY\">\u2013 <span style=\"font-family: Arial,sans-serif;\"><span style=\"font-size: small;\">A wiesz co Julka mi dzi\u015b powiedzia\u0142a? \u2013 pani Bogna siedz\u0105c na \u0142aweczce przed domem z rozkosz\u0105 wdycha\u0142a wo\u0144 floks\u00f3w z rabatki.<\/span><\/span><\/p>\n<p style=\"text-indent: 1cm; margin-bottom: 0cm; line-height: 150%;\" align=\"JUSTIFY\">\u2013 <span style=\"font-family: Arial,sans-serif;\"><span style=\"font-size: small;\">My\u015bl\u0119, \u017ce mi zaraz powiesz \u2013 pani Halinka usadowi\u0142a si\u0119 na schodkach, obj\u0119\u0142a kolana ramionami i opar\u0142a na kolanach brod\u0119. \u2013 No wi\u0119c?<\/span><\/span><\/p>\n<p style=\"text-indent: 1cm; margin-bottom: 0cm; line-height: 150%;\" align=\"JUSTIFY\">\u2013 <span style=\"font-family: Arial,sans-serif;\"><span style=\"font-size: small;\">\u017be chcia\u0142aby tu zosta\u0107 na zawsze.<\/span><\/span><\/p>\n<p style=\"text-indent: 1cm; margin-bottom: 0cm; line-height: 150%;\" align=\"JUSTIFY\">\u2013 <span style=\"font-family: Arial,sans-serif;\"><span style=\"font-size: small;\">Nie dziwi\u0119 si\u0119 \u2013 spojrza\u0142a powa\u017cnie na siostr\u0119. \u2013 Na cmentarzu prze\u017cy\u0142y bardzo wa\u017cn\u0105 dla siebie chwil\u0119. Chwil\u0119 zatrzymania i ciszy. Odnalaz\u0142y swoj\u0105 to\u017csamo\u015b\u0107, swoich przodk\u00f3w, swoje korzenie. Wplot\u0142y si\u0119 w to sny Julki. Mo\u017ce dziwne, mo\u017ce \u2013 kto\u015b powie \u2013 niedorzeczne. Pozwalaj\u0105ce jednak spojrze\u0107 z nowej dla nich perspektywy na sprawy ostateczne, na przesz\u0142o\u015b\u0107, tera\u017aniejszo\u015b\u0107\u2026<\/span><\/span><\/p>\n<p style=\"text-indent: 1cm; margin-bottom: 0cm; line-height: 150%;\" align=\"JUSTIFY\">\u2013 <span style=\"font-family: Arial,sans-serif;\"><span style=\"font-size: small;\">Sp\u00f3jrz na nich \u2013 szepn\u0119\u0142a pani Bogna.<\/span><\/span><\/p>\n<p style=\"text-indent: 1cm; margin-bottom: 0cm; line-height: 150%;\" align=\"JUSTIFY\"><span style=\"font-family: Arial,sans-serif;\"><span style=\"font-size: small;\">Julka z ch\u0142opcami uprawiali akrobacje na trzepaku. Przed bramk\u0105 sta\u0142a nieroz\u0142\u0105czna od pewnego czasu czw\u00f3rka: Zu\u017aka, Bartek, Szilka i Kasztan.<\/span><\/span><\/p>\n<p style=\"text-indent: 1cm; margin-bottom: 0cm; line-height: 150%;\" align=\"JUSTIFY\">\u2013 <span style=\"font-family: Arial,sans-serif;\"><span style=\"font-size: small;\">Oni s\u0105 po prostu szcz\u0119\u015bliwi. W\u0142a\u015bciwie ja te\u017c, tylko Bronka mi brakuje do pe\u0142ni szcz\u0119\u015bcia\u2026<\/span><\/span><\/p>\n<p style=\"text-indent: 1cm; margin-bottom: 0cm; line-height: 150%;\" align=\"JUSTIFY\">\u2013 <span style=\"font-family: Arial,sans-serif;\"><span style=\"font-size: small;\">Siostro, no to mo\u017ce co\u015b z tym trzeba zrobi\u0107? Nie m\u00f3wi\u0119 o Bronku, na niego musisz jeszcze troch\u0119 poczeka\u0107. Ale\u2026 wczoraj rozmawia\u0142am z moim drogim szwagrem i\u2026 niedaleko st\u0105d jest do sprzedania zupe\u0142nie przyzwoita parcela budowlana. Tam, w stron\u0119 Ska\u0142ek\u2026<\/span><\/span><\/p>\n<p style=\"text-indent: 1cm; margin-bottom: 0cm; line-height: 150%;\" align=\"JUSTIFY\">\u2013 <span style=\"font-family: Arial,sans-serif;\"><span style=\"font-size: small;\">No co ty?! Nie\u2026<\/span><\/span><\/p>\n<p style=\"text-indent: 1cm; margin-bottom: 0cm; line-height: 150%;\" align=\"JUSTIFY\">\u2013 <span style=\"font-family: Arial,sans-serif;\"><span style=\"font-size: small;\">A w\u0142a\u015bnie, \u017ce tak!<\/span><\/span><\/p>\n<p style=\"text-indent: 1cm; margin-bottom: 0cm; line-height: 150%;\" align=\"JUSTIFY\">\u2013 <span style=\"font-family: Arial,sans-serif;\"><span style=\"font-size: small;\">Przecie\u017c to niemo\u017cliwe. Wiesz, \u017ce jeste\u015bmy zad\u0142u\u017ceni. Brali\u015bmy na mieszkanie kredyt hipoteczny we frankach i teraz mamy do sp\u0142acenia dwa razy tyle ile wzi\u0119li\u015bmy. Dlatego Bronek musia\u0142 wyjecha\u0107, nie starcza\u0142o nam na raty.<\/span><\/span><\/p>\n<p style=\"text-indent: 1cm; margin-bottom: 0cm; line-height: 150%;\" align=\"JUSTIFY\">\u2013 <span style=\"font-family: Arial,sans-serif;\"><span style=\"font-size: small;\">Bogna! I co z tego? Teraz sprzedacie mieszkanie w Warszawie i spokojnie wystarczy na dzia\u0142k\u0119\u2026<\/span><\/span><\/p>\n<p style=\"text-indent: 1cm; margin-bottom: 0cm; line-height: 150%;\" align=\"JUSTIFY\">\u2013 <span style=\"font-family: Arial,sans-serif;\"><span style=\"font-size: small;\">Ale kredyt\u2026<\/span><\/span><\/p>\n<p style=\"text-indent: 1cm; margin-bottom: 0cm; line-height: 150%;\" align=\"JUSTIFY\">\u2013 <span style=\"font-family: Arial,sans-serif;\"><span style=\"font-size: small;\">O matko! \u2013 pani Halinka uderzy\u0142a d\u0142oni\u0105 w czo\u0142o. \u2013 Ja ci przecie\u017c nic nie powiedzia\u0142am!<\/span><\/span><\/p>\n<p style=\"text-indent: 1cm; margin-bottom: 0cm; line-height: 150%;\" align=\"JUSTIFY\">\u2013 <span style=\"font-family: Arial,sans-serif;\"><span style=\"font-size: small;\">Czego? M\u00f3w\u017ce ja\u015bniej!<\/span><\/span><\/p>\n<p style=\"text-indent: 1cm; margin-bottom: 0cm; line-height: 150%;\" align=\"JUSTIFY\">\u2013 <span style=\"font-family: Arial,sans-serif;\"><span style=\"font-size: small;\">S\u0142uchaj, Emil wszystko wyja\u015bni\u0142 w kwestii kwit\u00f3w, no, tych papier\u00f3w znalezionych przez dzieciaki w szufladzie. Okazuje si\u0119, \u017ce nasza mama odziedziczy\u0142a pi\u0119kn\u0105 sumk\u0119 i dzieli j\u0105 miedzy nas po po\u0142owie. Sp\u0142acisz kredyt.<\/span><\/span><\/p>\n<p style=\"text-indent: 1cm; margin-bottom: 0cm; line-height: 150%;\" align=\"JUSTIFY\">\u2013 <span style=\"font-family: Arial,sans-serif;\"><span style=\"font-size: small;\">Niemo\u017cliwe!<\/span><\/span><\/p>\n<p style=\"text-indent: 1cm; margin-bottom: 0cm; line-height: 150%;\" align=\"JUSTIFY\">\u2013 <span style=\"font-family: Arial,sans-serif;\"><span style=\"font-size: small;\">Mo\u017cliwe. Nawet pewne. Mama obieca\u0142a, \u017ce razem z tat\u0105 dotr\u0105 tu w po\u0142owie przysz\u0142ego tygodnia. Jak przyjedziesz na nast\u0119pny weekend to zobaczysz co si\u0119 b\u0119dzie dzia\u0142o.<\/span><\/span><\/p>\n<p style=\"text-indent: 1cm; margin-bottom: 0cm; line-height: 150%;\" align=\"JUSTIFY\"><span style=\"font-family: Arial,sans-serif;\"><span style=\"font-size: small;\">Babcia Marianna przyjecha\u0142a zgodnie z obietnic\u0105, oczywi\u015bcie przyjecha\u0142a z nieod\u0142\u0105cznym dziadkiem Wojtkiem uwielbianym przez ca\u0142\u0105 czw\u00f3rk\u0119 wnucz\u0105t. Mieli pojecha\u0107 na wycieczk\u0119 do Hiszpanii ale wobec zaistnia\u0142ej sytuacji zwi\u0105zanej z odkryciem rodzinnych niespodzianek \u2013 zmienili plany.<\/span><\/span><\/p>\n<p style=\"text-indent: 1cm; margin-bottom: 0cm; line-height: 150%;\" align=\"JUSTIFY\"><span style=\"font-family: Arial,sans-serif;\"><span style=\"font-size: small;\">I sta\u0142o si\u0119 jak w bajce albo, wed\u0142ug okre\u015blenia dzieci, jak na filmie w kinie familijnym. Wujek Emil mia\u0142 racj\u0119. Papiery warto\u015bciowe rzeczywi\u015bcie mia\u0142y warto\u015b\u0107, du\u017c\u0105 warto\u015b\u0107, na tyle du\u017c\u0105, \u017ce wystarczy\u0142o na sp\u0142acenie kredytu i zakup parceli. Po sprzedaniu za\u015b mieszkania w Warszawie na rozpocz\u0119cie budowy domu w Tenczynku. Takim to sposobem historia zatoczy\u0142a ko\u0142o i rodzina powr\u00f3ci\u0142a do miejsca z kt\u00f3rego si\u0119 wywodzi\u0142a, do swoich korzeni.<\/span><\/span><\/p>\n<p style=\"text-indent: 1cm; margin-bottom: 0cm; line-height: 150%;\" align=\"JUSTIFY\">koniec<\/p>\n<p align=\"JUSTIFY\">13.03.2017<\/p>\n<ul>\n<li><span class=\"guest\">Go\u015b\u0107: [Rick] <\/span><span class=\"host\">*.multi.internet.cyfrowypolsat.pl<\/span> <time title=\"2017\/03\/14 17:49:52\" datetime=\"14.03.2017\">2 lata temu<\/time>Bardzo przyjemnie si\u0119 czyta\u0142o.<\/li>\n<li><span class=\"guest\">Go\u015b\u0107: [L.G.] <\/span><span class=\"host\">*.play-internet.pl<\/span> <time title=\"2017\/03\/15 19:18:29\" datetime=\"15.03.2017\">2 lata temu<\/time>Przeczyta\u0142am z zainteresowniem, \u015bledz\u0105c znajome mi miejsca. Czekam na ci\u0105g dalszy, mo\u017ce b\u0119dzie legendarna ciotka? \ud83d\ude42 2<\/li>\n<li><a href=\"http:\/\/www.blox.pl\/html?page=userProfilePreview&amp;username=annazadroza\">annazadroza<\/a> <time title=\"2017\/07\/23 12:39:53\" datetime=\"23.07.2017\">2 lata temu<\/time>L.G. Zawsze przyjemniej si\u0119 czyta je\u015bli spotykamy znajome miejsca. Zapraszam do dalszej lektury. Tam te\u017c pojawi\u0105 si\u0119 znajome miejsca, mam na my\u015bli &#8222;Po co wr\u00f3ci\u0142a\u015b Agato&#8221;, w &#8222;Mariannie&#8221; fragment te\u017c. Pozdrawiam.<\/li>\n<li><a href=\"http:\/\/www.blox.pl\/html?page=userProfilePreview&amp;username=annazadroza\">annazadroza<\/a> <time title=\"2017\/07\/23 12:41:45\" datetime=\"23.07.2017\">2 lata temu<\/time>Rick. Dzi\u0119ki:) Zapraszam do dalszych odwiedzin i \u017cycz\u0119 mi\u0142ego relaksu podczas lektury. Pozdrawiam.<\/li>\n<\/ul>\n<div class=\"fcbkbttn_buttons_block\" id=\"fcbkbttn_middle\"><div class=\"fcbkbttn_like \"><fb:like href=\"https:\/\/annapisze.art\/?p=41\" action=\"like\" colorscheme=\"light\" layout=\"box_count\"  size=\"small\"><\/fb:like><\/div><div class=\"fb-share-button  \" data-href=\"https:\/\/annapisze.art\/?p=41\" data-type=\"button_count\" data-size=\"small\"><\/div><\/div>","protected":false},"excerpt":{"rendered":"<p>Lipiec min\u0105\u0142 jak z bicza strzeli\u0142, nie wiadomo kiedy. Dzieci uprosi\u0142y rodzic\u00f3w, \u017ceby dziewczynki mog\u0142y zosta\u0107 jeszcze chocia\u017c przez dwa tygodnie. Pogoda dopisywa\u0142a wi\u0119c wchodzi\u0142y w rachub\u0119 wszelkie wakacyjne przyjemno\u015bci jak cho\u0107by wyprawy do lasu na jagody, z kt\u00f3rymi ciocia &hellip; <a href=\"https:\/\/annapisze.art\/?p=41\">Czytaj dalej <span class=\"meta-nav\">&rarr;<\/span><\/a><\/p>\n","protected":false},"author":1,"featured_media":0,"comment_status":"open","ping_status":"open","sticky":false,"template":"","format":"standard","meta":{"footnotes":""},"categories":[7,10],"tags":[],"class_list":["post-41","post","type-post","status-publish","format-standard","hentry","category-niezwykle-wakacje-julki","category-powiesci"],"_links":{"self":[{"href":"https:\/\/annapisze.art\/index.php?rest_route=\/wp\/v2\/posts\/41","targetHints":{"allow":["GET"]}}],"collection":[{"href":"https:\/\/annapisze.art\/index.php?rest_route=\/wp\/v2\/posts"}],"about":[{"href":"https:\/\/annapisze.art\/index.php?rest_route=\/wp\/v2\/types\/post"}],"author":[{"embeddable":true,"href":"https:\/\/annapisze.art\/index.php?rest_route=\/wp\/v2\/users\/1"}],"replies":[{"embeddable":true,"href":"https:\/\/annapisze.art\/index.php?rest_route=%2Fwp%2Fv2%2Fcomments&post=41"}],"version-history":[{"count":3,"href":"https:\/\/annapisze.art\/index.php?rest_route=\/wp\/v2\/posts\/41\/revisions"}],"predecessor-version":[{"id":672,"href":"https:\/\/annapisze.art\/index.php?rest_route=\/wp\/v2\/posts\/41\/revisions\/672"}],"wp:attachment":[{"href":"https:\/\/annapisze.art\/index.php?rest_route=%2Fwp%2Fv2%2Fmedia&parent=41"}],"wp:term":[{"taxonomy":"category","embeddable":true,"href":"https:\/\/annapisze.art\/index.php?rest_route=%2Fwp%2Fv2%2Fcategories&post=41"},{"taxonomy":"post_tag","embeddable":true,"href":"https:\/\/annapisze.art\/index.php?rest_route=%2Fwp%2Fv2%2Ftags&post=41"}],"curies":[{"name":"wp","href":"https:\/\/api.w.org\/{rel}","templated":true}]}}