{"id":3879,"date":"2021-01-15T17:57:27","date_gmt":"2021-01-15T16:57:27","guid":{"rendered":"http:\/\/annapisze.art\/?p=3879"},"modified":"2021-01-15T17:57:27","modified_gmt":"2021-01-15T16:57:27","slug":"i-tydzien-mija","status":"publish","type":"post","link":"https:\/\/annapisze.art\/?p=3879","title":{"rendered":"I tydzie\u0144 mija"},"content":{"rendered":"<p>&#8222;Wzi\u0119\u0142o&#8221; mnie na gotowanie i pieczenie. Normalnie nie mam ochoty za nic innego si\u0119 bra\u0107&#8230; niby nie nowina, zawsze m\u00f3wi\u0119, \u017ce sprz\u0105ta\u0107 nie lubi\u0119 (tylko z musu to robi\u0119, bo lubi\u0119 mie\u0107 ju\u017c za sob\u0105 &#8222;najkonieczniejsze&#8221; czynno\u015bci), natomiast gotowa\u0107 lubi\u0119. Teraz gdy ciemno i zimno &#8211; jeszcze bardziej. Od ostatnich pr\u00f3b opisanych na blogu nie min\u0119\u0142o wiele czasu, a ja zn\u00f3w pr\u00f3b\u0119 zrobi\u0142am i to udan\u0105! Ale najpierw przepis na<strong> ciasto z czekolad\u0105<\/strong> pokazane w poprzednim wpisie z kategorii <em>Kuchennie i smacznie. \u00a0C<\/em>a\u0142e\u00a0szcz\u0119\u015bcie, \u017ce mia\u0142am go na kartce, bo na &#8222;Kuchni na wypasie&#8221; ju\u017c go nie znalaz\u0142am.<br \/>\n<strong>Wi\u0119c tak <\/strong>\ud83d\ude42 \u00a0potrzebne: &#8211; 2,5 szkl. m\u0105ki, \u00a0&#8211; 120\/130 ml ciep\u0142ego mleka, \u00a0&#8211; 3 jajka, \u00a0&#8211; 4 \u0142y\u017cki cukru, \u00a0&#8211; kilka kropli wanilii (doda\u0142am olejek migda\u0142owy), \u00a0&#8211; szczypta soli, \u00a0&#8211; 4-5 \u0142y\u017cek roztopionego mas\u0142a, &#8211; 1 torebka suchych dro\u017cd\u017cy, \u00a0&#8211; 4 \u0142y\u017cki pokrojonej czekolady (wzi\u0119\u0142am ca\u0142\u0105\u00a0mleczn\u0105), \u00a0&#8211; cukier puder do posypania (nie posypywa\u0142am). <strong>Nast\u0119pnie:<\/strong> 1\/ ciep\u0142e mleko+cukier+dro\u017cd\u017ce &#8212; na 10 min. odstawi\u0107; \u00a02\/ doda\u0107 jajka+wanilia+s\u00f3l &#8212; wymiesza\u0107 do po\u0142\u0105czenia sk\u0142adnik\u00f3w; 3\/ + przesiana m\u0105ka &#8212; zn\u00f3w miesza\u0107 a\u017c si\u0119 m\u0105ka wch\u0142onie; \u00a04\/ pola\u0107\u00a0roztopionym, ostudzonym mas\u0142em, wyrobi\u0107, odstawi\u0107 do wyro\u015bni\u0119cia na ok. 40 min.; \u00a05\/ keks\u00f3wk\u0119 wy\u0142o\u017cy\u0107 papierem do pieczenia, p\u00f3\u0142 ciasta prze\u0142o\u017cy\u0107, posypa\u0107 pokruszon\u0105 czekolad\u0105, na\u0142o\u017cy\u0107 reszt\u0119 ciasta, wyr\u00f3wna\u0107, przykry\u0107 na 20 min.; 6\/ ciasto posmarowa\u0107 mlekiem, piec ok. 30-40 min.\/ 180 st.<br \/>\nJak wysz\u0142o wida\u0107 na fotce w: <a href=\"https:\/\/annapisze.art\/?p=3791\">https:\/\/annapisze.art\/?p=3791<\/a><br \/>\nRozochoci\u0142am si\u0119 i upiek\u0142am <strong>s\u0142odkie bu\u0142eczki<\/strong>, kt\u00f3re w przepisie by\u0142y p\u0105czkami w:<br \/>\nhttps:\/\/kuchnianawypasie.pl<\/p>\n<div id=\"attachment_3880\" style=\"width: 866px\" class=\"wp-caption alignnone\"><img loading=\"lazy\" decoding=\"async\" aria-describedby=\"caption-attachment-3880\" class=\"wp-image-3880 size-full\" style=\"font-weight: bold; font-size: 12px; text-align: center; background-color: #f1f1f1;\" src=\"https:\/\/annapisze.art\/wp-content\/uploads\/2021\/01\/20210110_131641-1.jpg\" alt=\"\" width=\"856\" height=\"642\" srcset=\"https:\/\/annapisze.art\/wp-content\/uploads\/2021\/01\/20210110_131641-1.jpg 856w, https:\/\/annapisze.art\/wp-content\/uploads\/2021\/01\/20210110_131641-1-300x225.jpg 300w\" sizes=\"auto, (max-width: 856px) 100vw, 856px\" \/><p id=\"caption-attachment-3880\" class=\"wp-caption-text\">\u2026 nadawa\u0142y si\u0119 do chrupania podczas czytania, ogl\u0105dania filmu i z ka\u017cdym k\u0119sem stawa\u0142y si\u0119 smaczniejsze, lecz trzeba by\u0142o popi\u0107, bez nadzienia troch\u0119 suche \u2026<\/p><\/div>\n<p>Potem Blo\u017canka &#8222;To Przeczyta\u0142am&#8221; <a href=\"http:\/\/toprzeczytalam.blogspot.com\/\">http:\/\/toprzeczytalam.blogspot.com\/ <\/a>\u00a0odezwa\u0142a si\u0119 u mnie, pobieg\u0142am wi\u0119c z rewizyt\u0105 i napotka\u0142am<strong> chlebek paprykowy<\/strong>! Tak mi si\u0119 spodoba\u0142, \u017ce natychmiast go wypr\u00f3bowa\u0142am. Rezultat by\u0142 powalaj\u0105cy, nie tylko w wygl\u0105dzie ale i w smaku \ud83d\ude42 Wyobra\u017acie sobie, \u017ce babcia D. powiedzia\u0142a, \u017ce pyszny!<\/p>\n<div id=\"attachment_3881\" style=\"width: 866px\" class=\"wp-caption aligncenter\"><img loading=\"lazy\" decoding=\"async\" aria-describedby=\"caption-attachment-3881\" class=\"wp-image-3881 size-full\" src=\"https:\/\/annapisze.art\/wp-content\/uploads\/2021\/01\/20210112_130742-1.jpg\" alt=\"\" width=\"856\" height=\"642\" srcset=\"https:\/\/annapisze.art\/wp-content\/uploads\/2021\/01\/20210112_130742-1.jpg 856w, https:\/\/annapisze.art\/wp-content\/uploads\/2021\/01\/20210112_130742-1-300x225.jpg 300w\" sizes=\"auto, (max-width: 856px) 100vw, 856px\" \/><p id=\"caption-attachment-3881\" class=\"wp-caption-text\">&#8230; po wyj\u0119ciu z formy ukaza\u0142 si\u0119 zgrabny chlebek oczom moim \ud83d\ude42 &#8230;<\/p><\/div>\n<div id=\"attachment_3882\" style=\"width: 866px\" class=\"wp-caption aligncenter\"><img loading=\"lazy\" decoding=\"async\" aria-describedby=\"caption-attachment-3882\" class=\"wp-image-3882 size-full\" src=\"https:\/\/annapisze.art\/wp-content\/uploads\/2021\/01\/20210112_130914-1.jpg\" alt=\"\" width=\"856\" height=\"642\" srcset=\"https:\/\/annapisze.art\/wp-content\/uploads\/2021\/01\/20210112_130914-1.jpg 856w, https:\/\/annapisze.art\/wp-content\/uploads\/2021\/01\/20210112_130914-1-300x225.jpg 300w\" sizes=\"auto, (max-width: 856px) 100vw, 856px\" \/><p id=\"caption-attachment-3882\" class=\"wp-caption-text\">&#8230; po przekrojeniu wygl\u0105da\u0142 tak &#8230;<\/p><\/div>\n<p>Kolejny &#8222;wyczyn&#8221; tym razem nie zosta\u0142 udokumentowany, musicie uwierzy\u0107 na s\u0142owo. By\u0142y to <strong>kotlety\/placki z tofu naturalnego<\/strong>, p\u0142atk\u00f3w dro\u017cd\u017cowych, odrobiny \u017c\u00f3\u0142tego sera w\u0119dzonego, czterech pieczarek, dw\u00f3ch jajek, jednego ugotowanego ziemniaka z poprzedniego obiadu, \u0142y\u017cki m\u0105ki, bu\u0142ki tartej (ile trzeba, \u017ceby si\u0119 nie rozpada\u0142y) i przyprawy do gyrosa, kt\u00f3rej nie \u017ca\u0142owa\u0142am. Gdyby mi si\u0119 chcia\u0142o lepi\u0107 kotlety, obtacza\u0107 w bu\u0142ce i sma\u017cy\u0107 w takiej postaci to wysz\u0142yby przepisowe kotlety. Poniewa\u017c jednak mi si\u0119 nie chcia\u0142o, \u0142y\u017ck\u0105 k\u0142ad\u0142am na patelni\u0119, na rozgrzany olej. Przyklepa\u0142am \u0142opatk\u0105, \u017ceby si\u0119 sp\u0142aszczy\u0142y i mia\u0142y jaki taki kszta\u0142t. Sma\u017c\u0105 si\u0119 wtedy bardzo szybko, bo nie s\u0105 grube. Okaza\u0142o si\u0119, \u017ce wysz\u0142y wspania\u0142e w smaku! Nawet MS stwierdzi\u0142 po spr\u00f3bowaniu, \u017ce pyszne! Jestem ca\u0142a dumna z tego powodu, bo nie ma tam odrobiny mi\u0119sa \ud83d\ude42<br \/>\nMam na kartce przepis na <strong>chlebek wiede\u0144ski<\/strong> i ta kartka mnie wabi\u0142a i wabi\u0142a a\u017c w \u015brod\u0119 jej uda\u0142o si\u0119 mnie nam\u00f3wi\u0107 na wykorzystanie zapisanych na niej m\u0105dro\u015bci \ud83d\ude09 \u00a0Nie opar\u0142am si\u0119 i chlebek wiede\u0144ski upiek\u0142am, a w\u0142a\u015bciwie dwa chlebki. S\u0142uchajcie, to jest bajka i poezja chlebowa! Na dodatek mo\u017cna cieniutko pokroi\u0107 i nic si\u0119 nie kruszy!\u00a0Przynajmniej od razu po upieczeniu, zobacz\u0119 na drugi dzie\u0144 jaki b\u0119dzie. Przepis jest ze strony: \u00a0https:\/\/www.domowe-wypieki.pl\/przepisy\/pieczywo\/chleby\/190-pszenny-chleb-wiedenski<\/p>\n<div id=\"attachment_3873\" style=\"width: 923px\" class=\"wp-caption aligncenter\"><img loading=\"lazy\" decoding=\"async\" aria-describedby=\"caption-attachment-3873\" class=\"wp-image-3873 size-full\" src=\"https:\/\/annapisze.art\/wp-content\/uploads\/2021\/01\/20210113_160055.jpg\" alt=\"\" width=\"913\" height=\"685\" srcset=\"https:\/\/annapisze.art\/wp-content\/uploads\/2021\/01\/20210113_160055.jpg 913w, https:\/\/annapisze.art\/wp-content\/uploads\/2021\/01\/20210113_160055-300x225.jpg 300w\" sizes=\"auto, (max-width: 913px) 100vw, 913px\" \/><p id=\"caption-attachment-3873\" class=\"wp-caption-text\">&#8230; na drugi dzie\u0144 te\u017c si\u0119 nie kruszy\u0142 ani na trzeci, mia\u0142 idealn\u0105 konsystencj\u0119 &#8230;<\/p><\/div>\n<p>W czwartek upiek\u0142am<strong> cynamonowe s\u0142o\u0144ce<\/strong>, kt\u00f3re znalaz\u0142am na stronie: \u00a0https:\/\/www.domowe-wypieki.pl \u00a0Nie musz\u0119 dodawa\u0107, \u017ce s\u0142oneczko straci\u0142o sw\u00f3j pi\u0119kny wygl\u0105d w jednej chwili \ud83d\ude42 \u00a0Oczywi\u015bcie w por\u00f3wnaniu z pierwowzorem ze strony jawi si\u0119 jako wytw\u00f3r prymitywny i toporny, ale co tam! Wa\u017cne, \u017ce smakowa\u0142o \ud83d\ude42<\/p>\n<div id=\"attachment_3883\" style=\"width: 923px\" class=\"wp-caption aligncenter\"><img loading=\"lazy\" decoding=\"async\" aria-describedby=\"caption-attachment-3883\" class=\"wp-image-3883 size-full\" src=\"https:\/\/annapisze.art\/wp-content\/uploads\/2021\/01\/20210114_125301.jpg\" alt=\"\" width=\"913\" height=\"685\" srcset=\"https:\/\/annapisze.art\/wp-content\/uploads\/2021\/01\/20210114_125301.jpg 913w, https:\/\/annapisze.art\/wp-content\/uploads\/2021\/01\/20210114_125301-300x225.jpg 300w\" sizes=\"auto, (max-width: 913px) 100vw, 913px\" \/><p id=\"caption-attachment-3883\" class=\"wp-caption-text\">&#8230; idealne nie jest, ale to dopiero pierwsza pr\u00f3ba &#8230;<\/p><\/div>\n<p>Tak si\u0119 przedstawiaj\u0105 moje dokonania kulinarne w tygodniu, kt\u00f3ry w\u0142a\u015bnie mija.<\/p>\n<p>Poza tym zapisali\u015bmy si\u0119 telefonicznie na szczepienie w naszej przychodni, bez terminu jeszcze, mamy czeka\u0107 na telefon. Spad\u0142 \u015bnieg, z kt\u00f3rego psiaki cieszy\u0142y si\u0119 jak ma\u0142e dzieci i szala\u0142y biegaj\u0105c i skacz\u0105c niczym kr\u00f3liczki \ud83d\ude42<\/p>\n<div id=\"attachment_3886\" style=\"width: 866px\" class=\"wp-caption aligncenter\"><img loading=\"lazy\" decoding=\"async\" aria-describedby=\"caption-attachment-3886\" class=\"wp-image-3886 size-full\" src=\"https:\/\/annapisze.art\/wp-content\/uploads\/2021\/01\/20210113_082434.jpg\" alt=\"\" width=\"856\" height=\"642\" srcset=\"https:\/\/annapisze.art\/wp-content\/uploads\/2021\/01\/20210113_082434.jpg 856w, https:\/\/annapisze.art\/wp-content\/uploads\/2021\/01\/20210113_082434-300x225.jpg 300w\" sizes=\"auto, (max-width: 856px) 100vw, 856px\" \/><p id=\"caption-attachment-3886\" class=\"wp-caption-text\">&#8230; Szila nie wierzy w\u0142asnym oczom &#8230;<\/p><\/div>\n<div id=\"attachment_3887\" style=\"width: 866px\" class=\"wp-caption aligncenter\"><img loading=\"lazy\" decoding=\"async\" aria-describedby=\"caption-attachment-3887\" class=\"wp-image-3887 size-full\" src=\"https:\/\/annapisze.art\/wp-content\/uploads\/2021\/01\/20210113_082616.jpg\" alt=\"\" width=\"856\" height=\"642\" srcset=\"https:\/\/annapisze.art\/wp-content\/uploads\/2021\/01\/20210113_082616.jpg 856w, https:\/\/annapisze.art\/wp-content\/uploads\/2021\/01\/20210113_082616-300x225.jpg 300w\" sizes=\"auto, (max-width: 856px) 100vw, 856px\" \/><p id=\"caption-attachment-3887\" class=\"wp-caption-text\">&#8230; tyle \u015bniegu! &#8230;<\/p><\/div>\n<div id=\"attachment_3888\" style=\"width: 866px\" class=\"wp-caption aligncenter\"><img loading=\"lazy\" decoding=\"async\" aria-describedby=\"caption-attachment-3888\" class=\"wp-image-3888 size-full\" src=\"https:\/\/annapisze.art\/wp-content\/uploads\/2021\/01\/20210113_082857.jpg\" alt=\"\" width=\"856\" height=\"642\" srcset=\"https:\/\/annapisze.art\/wp-content\/uploads\/2021\/01\/20210113_082857.jpg 856w, https:\/\/annapisze.art\/wp-content\/uploads\/2021\/01\/20210113_082857-300x225.jpg 300w\" sizes=\"auto, (max-width: 856px) 100vw, 856px\" \/><p id=\"caption-attachment-3888\" class=\"wp-caption-text\">&#8230; sk\u0105d si\u0119 wzi\u0105\u0142? &#8230;<\/p><\/div>\n<div id=\"attachment_3889\" style=\"width: 866px\" class=\"wp-caption aligncenter\"><img loading=\"lazy\" decoding=\"async\" aria-describedby=\"caption-attachment-3889\" class=\"wp-image-3889 size-full\" src=\"https:\/\/annapisze.art\/wp-content\/uploads\/2021\/01\/20210113_152027.jpg\" alt=\"\" width=\"856\" height=\"642\" srcset=\"https:\/\/annapisze.art\/wp-content\/uploads\/2021\/01\/20210113_152027.jpg 856w, https:\/\/annapisze.art\/wp-content\/uploads\/2021\/01\/20210113_152027-300x225.jpg 300w\" sizes=\"auto, (max-width: 856px) 100vw, 856px\" \/><p id=\"caption-attachment-3889\" class=\"wp-caption-text\">&#8230; i w lasku go pe\u0142no, mo\u017ce co\u015b znajdziemy? &#8230;<\/p><\/div>\n<div id=\"attachment_3890\" style=\"width: 866px\" class=\"wp-caption aligncenter\"><img loading=\"lazy\" decoding=\"async\" aria-describedby=\"caption-attachment-3890\" class=\"wp-image-3890 size-full\" src=\"https:\/\/annapisze.art\/wp-content\/uploads\/2021\/01\/20210113_152032.jpg\" alt=\"\" width=\"856\" height=\"642\" srcset=\"https:\/\/annapisze.art\/wp-content\/uploads\/2021\/01\/20210113_152032.jpg 856w, https:\/\/annapisze.art\/wp-content\/uploads\/2021\/01\/20210113_152032-300x225.jpg 300w\" sizes=\"auto, (max-width: 856px) 100vw, 856px\" \/><p id=\"caption-attachment-3890\" class=\"wp-caption-text\">&#8230; e tam, nic nie by\u0142o pod choink\u0105 \ud83d\ude41 &#8230;<\/p><\/div>\n<div id=\"attachment_3891\" style=\"width: 866px\" class=\"wp-caption aligncenter\"><img loading=\"lazy\" decoding=\"async\" aria-describedby=\"caption-attachment-3891\" class=\"wp-image-3891 size-full\" src=\"https:\/\/annapisze.art\/wp-content\/uploads\/2021\/01\/20210113_151821.jpg\" alt=\"\" width=\"856\" height=\"642\" srcset=\"https:\/\/annapisze.art\/wp-content\/uploads\/2021\/01\/20210113_151821.jpg 856w, https:\/\/annapisze.art\/wp-content\/uploads\/2021\/01\/20210113_151821-300x225.jpg 300w\" sizes=\"auto, (max-width: 856px) 100vw, 856px\" \/><p id=\"caption-attachment-3891\" class=\"wp-caption-text\">&#8230; mo\u017ce myszk\u0119 wykopi\u0119 spod \u015bniegu? &#8230;<\/p><\/div>\n<div id=\"attachment_3892\" style=\"width: 866px\" class=\"wp-caption aligncenter\"><img loading=\"lazy\" decoding=\"async\" aria-describedby=\"caption-attachment-3892\" class=\"wp-image-3892 size-full\" src=\"https:\/\/annapisze.art\/wp-content\/uploads\/2021\/01\/20210113_151405.jpg\" alt=\"\" width=\"856\" height=\"642\" srcset=\"https:\/\/annapisze.art\/wp-content\/uploads\/2021\/01\/20210113_151405.jpg 856w, https:\/\/annapisze.art\/wp-content\/uploads\/2021\/01\/20210113_151405-300x225.jpg 300w\" sizes=\"auto, (max-width: 856px) 100vw, 856px\" \/><p id=\"caption-attachment-3892\" class=\"wp-caption-text\">&#8230; lasek w zimowej szacie pi\u0119knie wygl\u0105da &#8230;<\/p><\/div>\n<p>Teraz jest pi\u0105tkowy wiecz\u00f3r, sypie i wieje za oknem, w mieszkaniu zaczyna si\u0119 robi\u0107 ch\u0142odno, musia\u0142am za\u0142o\u017cy\u0107 sweter. Zdecydowanie nie lubi\u0119 zimy. Toleruje j\u0105 na zdj\u0119ciach i za oknem tylko wtedy, kiedy nie musz\u0119 wychodzi\u0107 z domu. Dobrze, \u017ce si\u0119 nauczy\u0142am piec chleb, w razie zasypania &#8211; jak znalaz\u0142 \ud83d\ude09<\/p>\n<p style=\"text-align: center;\">Dobrego weekendu i trzymajcie si\u0119 zdrowo!<\/p>\n<div class=\"fcbkbttn_buttons_block\" id=\"fcbkbttn_middle\"><div class=\"fcbkbttn_like \"><fb:like href=\"https:\/\/annapisze.art\/?p=3879\" action=\"like\" colorscheme=\"light\" layout=\"box_count\"  size=\"small\"><\/fb:like><\/div><div class=\"fb-share-button  \" data-href=\"https:\/\/annapisze.art\/?p=3879\" data-type=\"button_count\" data-size=\"small\"><\/div><\/div>","protected":false},"excerpt":{"rendered":"<p>&#8222;Wzi\u0119\u0142o&#8221; mnie na gotowanie i pieczenie. Normalnie nie mam ochoty za nic innego si\u0119 bra\u0107&#8230; niby nie nowina, zawsze m\u00f3wi\u0119, \u017ce sprz\u0105ta\u0107 nie lubi\u0119 (tylko z musu to robi\u0119, bo lubi\u0119 mie\u0107 ju\u017c za sob\u0105 &#8222;najkonieczniejsze&#8221; czynno\u015bci), natomiast gotowa\u0107 lubi\u0119. &hellip; <a href=\"https:\/\/annapisze.art\/?p=3879\">Czytaj dalej <span class=\"meta-nav\">&rarr;<\/span><\/a><\/p>\n","protected":false},"author":1,"featured_media":0,"comment_status":"open","ping_status":"open","sticky":false,"template":"","format":"standard","meta":{"footnotes":""},"categories":[22,8,23],"tags":[],"class_list":["post-3879","post","type-post","status-publish","format-standard","hentry","category-kuchennie-i-smacznie","category-mysle-sobie","category-piaseczno"],"_links":{"self":[{"href":"https:\/\/annapisze.art\/index.php?rest_route=\/wp\/v2\/posts\/3879","targetHints":{"allow":["GET"]}}],"collection":[{"href":"https:\/\/annapisze.art\/index.php?rest_route=\/wp\/v2\/posts"}],"about":[{"href":"https:\/\/annapisze.art\/index.php?rest_route=\/wp\/v2\/types\/post"}],"author":[{"embeddable":true,"href":"https:\/\/annapisze.art\/index.php?rest_route=\/wp\/v2\/users\/1"}],"replies":[{"embeddable":true,"href":"https:\/\/annapisze.art\/index.php?rest_route=%2Fwp%2Fv2%2Fcomments&post=3879"}],"version-history":[{"count":9,"href":"https:\/\/annapisze.art\/index.php?rest_route=\/wp\/v2\/posts\/3879\/revisions"}],"predecessor-version":[{"id":3899,"href":"https:\/\/annapisze.art\/index.php?rest_route=\/wp\/v2\/posts\/3879\/revisions\/3899"}],"wp:attachment":[{"href":"https:\/\/annapisze.art\/index.php?rest_route=%2Fwp%2Fv2%2Fmedia&parent=3879"}],"wp:term":[{"taxonomy":"category","embeddable":true,"href":"https:\/\/annapisze.art\/index.php?rest_route=%2Fwp%2Fv2%2Fcategories&post=3879"},{"taxonomy":"post_tag","embeddable":true,"href":"https:\/\/annapisze.art\/index.php?rest_route=%2Fwp%2Fv2%2Ftags&post=3879"}],"curies":[{"name":"wp","href":"https:\/\/api.w.org\/{rel}","templated":true}]}}