{"id":380,"date":"2019-02-26T16:38:00","date_gmt":"2019-02-26T15:38:00","guid":{"rendered":"http:\/\/annapisze.art\/?p=380"},"modified":"2019-02-27T18:44:10","modified_gmt":"2019-02-27T17:44:10","slug":"czekajac-na-zlota-jesien","status":"publish","type":"post","link":"https:\/\/annapisze.art\/?p=380","title":{"rendered":"Czekaj\u0105c na z\u0142ot\u0105 jesie\u0144"},"content":{"rendered":"<p>Zimno, ciemno, wieje, leje. Gdzie si\u0119 podzia\u0142a nasza pi\u0119kna z\u0142ota jesie\u0144? Patrz\u0105c przez okno trac\u0119 nadziej\u0119, \u017ce s\u0142onko wyjdzie zza chmur zasnuwaj\u0105cych ca\u0142e\u00a0niebo. Deszcz jest mi w tym momencie najmniej potrzebny, poniewa\u017c wychodzenie z dwoma psami podczas deszczu do przyjemno\u015bci nie nale\u017cy. Wczoraj Du\u017cy przywi\u00f3z\u0142 do nas Skitusia, \u017ceby swobodnie m\u00f3c przemieszcza\u0107 si\u0119 na trasie dom-praca-szko\u0142a-szpital. Na wychodzenie z psem ju\u017c by czasu brak\u0142o. Ale od czeg\u00f3\u017c dzieci maj\u0105 nas, czyli rodzic\u00f3w\/dziadk\u00f3w mobilnych i ch\u0119tnych do pomocy? Wnuczka K. pojecha\u0142a wczoraj pozna\u0107 swoj\u0105 siostrzyczk\u0119. Jeszcze z ni\u0105 nie rozmawia\u0142am, wi\u0119c jestem bardzo ciekawa co powie o Malutkiej. Zadzwoni\u0119 kiedy wr\u00f3ci ze szko\u0142y. My z M\u0119\u017cem do szpitala nie jedziemy, bo jakie\u015b wczesnojesienne katary nas dopad\u0142y i nie chcemy rozsiewa\u0107 zarazk\u00f3w. Psy noc sp\u0119dzi\u0142y obok siebie, Szilka na swoim pos\u0142aniu, Skits na wersalce i wystarczy\u0142o im w\u0142asne towarzystwo, wcale nie sz\u0142y do naszej sypialni. Dop\u00f3ki Szilunia nie mieszka\u0142a z nami, za nic na \u015bwiecie Skitu\u015b nie chcia\u0142 zostawa\u0107 sam. Kiedy nieraz u nas nocowa\u0142 &#8211; szczeg\u00f3lnie je\u015bli Wnusia K. spa\u0142a w naszym \u0142\u00f3\u017cku &#8211; on musia\u0142 te\u017c. Nie dawa\u0142 si\u0119 przekona\u0107, \u017ce na pos\u0142aniu obok \u0142\u00f3\u017cka te\u017c si\u0119 wy\u015bpi i w rezultacie M\u0105\u017c opuszcza\u0142 pok\u00f3j udaj\u0105c si\u0119 na wygnanie a Skitu\u015b zostawa\u0142 na polu bitwy przytulaj\u0105c si\u0119 do swojej ma\u0142ej (wtedy) pani.<br \/>\nZ niecierpliwo\u015bci\u0105 czekam a\u017c sama b\u0119d\u0119 mog\u0142a przywita\u0107 si\u0119 z Malutk\u0105.<br \/>\nSzkoda tylko, \u017ce babcia D. w og\u00f3le nie jest zainteresowana, nawet s\u0142owem si\u0119 nie spyta\u0142a o male\u0144stwo, jakby nic ju\u017c do niej nie dociera\u0142o. W ksi\u0105\u017ckach na temat demencji czy choroby Alzheimera jest opisany proces, kt\u00f3ry powoduje, \u017ce chory traci ca\u0142kowicie zainteresowanie \u015bwiatem zewn\u0119trznym. Tutaj mamy do<br \/>\nczynienia z takim ksi\u0105\u017ckowym przyk\u0142adem i z obserwacji mog\u0119 potwierdzi\u0107, \u017ce tak jest naprawd\u0119. Wiedz\u0105c, \u017ce to objaw choroby, mo\u017cna \u0142atwiej znie\u015b\u0107 trudno\u015bci codziennego \u017cycia z osob\u0105 dotkni\u0119t\u0105 demencj\u0105 i jako\u015b te uci\u0105\u017cliwo\u015bci pokonywa\u0107. Wci\u0105\u017c nie trac\u0105c nadziei na s\u0142onko i czekaj\u0105c na z\u0142ot\u0105 polsk\u0105 jesie\u0144 najpi\u0119kniejsz\u0105 na \u015bwiecie:):):)<\/p>\n<p>7.09.2017<\/p>\n<ul>\n<li><a href=\"http:\/\/kolewoczy.blox.pl\/html\">kolewoczy<\/a> <time title=\"2017\/09\/07 15:21:17\" datetime=\"07.09.2017\">2 lata temu<\/time>Chodzenie na spacery nawet w deszcz jest wskazane dla zdrowia \ud83d\ude09 Korzystaj, p\u00f3ki mo\u017cesz \ud83d\ude42 Z\u0142ota polska jesie\u0144 to w pa\u017adzierniku b\u0119dzie<\/li>\n<li><a href=\"http:\/\/www.blox.pl\/html?page=userProfilePreview&amp;username=annazadroza\">annazadroza<\/a> <time title=\"2017\/09\/08 11:33:18\" datetime=\"08.09.2017\">2 lata temu<\/time>kolewoczy:) Korzystam, korzystam \ud83d\ude42 Bardzo lubi\u0119 chodzi\u0107, tylko kolano dokuczliwe si\u0119 zrobi\u0142o i psuje mi przyjemno\u015b\u0107. Ale co tam, nie b\u0119dzie ono mn\u0105 rz\u0105dzi\u0107. Jest korzy\u015b\u0107, bo i M\u0119\u017ca z dwoma psami udaje mi si\u0119 na spacer wyprowadzi\u0107, na co dzie\u0144 on nie taki ch\u0119tny do wychodzenia.<br \/>\nDopiero w pa\u017adzierniku? Babie lato powinno trwa\u0107 przez ca\u0142y wrzesie\u0144, pa\u017adziernik i jeszcze troch\u0119. Mog\u0142oby do wiosny, zimy nie lubi\u0119 \ud83d\ude42 Pozdrawiam Ci\u0119 serdecznie:)<\/li>\n<li><a href=\"http:\/\/www.blox.pl\/html?page=userProfilePreview&amp;username=babciabezmohera\">babciabezmohera<\/a> <time title=\"2017\/09\/08 17:57:56\" datetime=\"08.09.2017\">2 lata temu<\/time>Gratuluj\u0119 pojawienia si\u0119 nowego cz\u0142onka rodziny! Niech ro\u015bnie zdrowo i szcz\u0119\u015bliwie! :))<\/li>\n<li><a href=\"http:\/\/www.blox.pl\/html?page=userProfilePreview&amp;username=annazadroza\">annazadroza<\/a> <time title=\"2017\/09\/09 21:06:10\" datetime=\"09.09.2017\">2 lata temu<\/time>babciabezmohera:) Dzi\u0119kuj\u0119!!! Czekam z niecierpliwo\u015bci\u0105 na wyj\u015bcie dziewczyn ze szpitala:)<\/li>\n<\/ul>\n<div class=\"fcbkbttn_buttons_block\" id=\"fcbkbttn_middle\"><div class=\"fcbkbttn_like \"><fb:like href=\"https:\/\/annapisze.art\/?p=380\" action=\"like\" colorscheme=\"light\" layout=\"box_count\"  size=\"small\"><\/fb:like><\/div><div class=\"fb-share-button  \" data-href=\"https:\/\/annapisze.art\/?p=380\" data-type=\"button_count\" data-size=\"small\"><\/div><\/div>","protected":false},"excerpt":{"rendered":"<p>Zimno, ciemno, wieje, leje. Gdzie si\u0119 podzia\u0142a nasza pi\u0119kna z\u0142ota jesie\u0144? Patrz\u0105c przez okno trac\u0119 nadziej\u0119, \u017ce s\u0142onko wyjdzie zza chmur zasnuwaj\u0105cych ca\u0142e\u00a0niebo. Deszcz jest mi w tym momencie najmniej potrzebny, poniewa\u017c wychodzenie z dwoma psami podczas deszczu do przyjemno\u015bci &hellip; <a href=\"https:\/\/annapisze.art\/?p=380\">Czytaj dalej <span class=\"meta-nav\">&rarr;<\/span><\/a><\/p>\n","protected":false},"author":1,"featured_media":0,"comment_status":"open","ping_status":"open","sticky":false,"template":"","format":"standard","meta":{"footnotes":""},"categories":[8],"tags":[],"class_list":["post-380","post","type-post","status-publish","format-standard","hentry","category-mysle-sobie"],"_links":{"self":[{"href":"https:\/\/annapisze.art\/index.php?rest_route=\/wp\/v2\/posts\/380","targetHints":{"allow":["GET"]}}],"collection":[{"href":"https:\/\/annapisze.art\/index.php?rest_route=\/wp\/v2\/posts"}],"about":[{"href":"https:\/\/annapisze.art\/index.php?rest_route=\/wp\/v2\/types\/post"}],"author":[{"embeddable":true,"href":"https:\/\/annapisze.art\/index.php?rest_route=\/wp\/v2\/users\/1"}],"replies":[{"embeddable":true,"href":"https:\/\/annapisze.art\/index.php?rest_route=%2Fwp%2Fv2%2Fcomments&post=380"}],"version-history":[{"count":2,"href":"https:\/\/annapisze.art\/index.php?rest_route=\/wp\/v2\/posts\/380\/revisions"}],"predecessor-version":[{"id":730,"href":"https:\/\/annapisze.art\/index.php?rest_route=\/wp\/v2\/posts\/380\/revisions\/730"}],"wp:attachment":[{"href":"https:\/\/annapisze.art\/index.php?rest_route=%2Fwp%2Fv2%2Fmedia&parent=380"}],"wp:term":[{"taxonomy":"category","embeddable":true,"href":"https:\/\/annapisze.art\/index.php?rest_route=%2Fwp%2Fv2%2Fcategories&post=380"},{"taxonomy":"post_tag","embeddable":true,"href":"https:\/\/annapisze.art\/index.php?rest_route=%2Fwp%2Fv2%2Ftags&post=380"}],"curies":[{"name":"wp","href":"https:\/\/api.w.org\/{rel}","templated":true}]}}