{"id":3587,"date":"2020-11-15T11:26:45","date_gmt":"2020-11-15T10:26:45","guid":{"rendered":"http:\/\/annapisze.art\/?p=3587"},"modified":"2020-11-15T11:26:45","modified_gmt":"2020-11-15T10:26:45","slug":"mimo-wszystko-dobrego-tygodnia","status":"publish","type":"post","link":"https:\/\/annapisze.art\/?p=3587","title":{"rendered":"Mimo wszystko&#8230; dobrego tygodnia"},"content":{"rendered":"<p>Znalaz\u0142am kartk\u0119 ze s\u0142owami Adolfa Nowaczy\u0144skiego, nie wiem sk\u0105d one pochodz\u0105. Mia\u0142am mani\u0119 wypisywania cytat\u00f3w, ale nie zawsze zaznacza\u0142am z czego je spisuj\u0119. Trudno, tak zostanie. Tre\u015b\u0107 wydaje mi adekwatna do sytuacji dzisiejszej. <strong>\u00a0&#8222;O, \u017ceby\u017c szowinizmy wszystkich nacyj europejskich mia\u0142y jeden \u0142eb i \u017ceby zjawi\u0142 si\u0119 na nie \u015bwi\u0119ty Jerzy!<\/strong>&#8222;. A\u017c si\u0119 prosi dopowiedzie\u0107: Amen&#8230;<\/p>\n<p>Niepok\u00f3j mnie trapi, wyczuwam taki sam w Waszych s\u0142owach, wr\u0119cz wieje smutkiem i strachem&#8230; C\u00f3\u017c, w takich czasach przysz\u0142o nam \u017cy\u0107. Kiedy ogl\u0105da\u0142am w tv warszawskie &#8222;obchody&#8221; 11 listopada pomy\u015bla\u0142am, \u017ce jeszcze nie jest najgorzej, bo taki widok trafia si\u0119 raz do roku. Struchla\u0142am natomiast z przera\u017cenia na my\u015bl, \u017ce to co widz\u0119, a co dzia\u0142o si\u0119 przez kilka godzin mog\u0142oby si\u0119 sta\u0107 normalk\u0105&#8230; Widz\u0105c dziki t\u0142um, band\u0119 rozszala\u0142ych wandali, \u017c\u0105dnych rozr\u00f3by, bijatyki (i krew by im nie przeszkodzi\u0142a, wr\u0119cz przeciwnie)&#8230;. truchla\u0142am coraz bardziej. Do czego my doszli\u015bmy? Pytanie retoryczne. Nie jeden raz m\u00f3wi\u0142am, \u017ce rozumiem sk\u0105d i dlaczego rozbiory, utrata pa\u0144stwa&#8230; A w\u0142a\u015bnie st\u0105d! Widz\u0105c czerwone \u0142uny, twarze wykrzywione nienawi\u015bci\u0105 jakby t\u0142umy barbarzy\u0144c\u00f3w zn\u00f3w sz\u0142y przez stolic\u0119&#8230; nie dziwi\u0119 si\u0119, \u017ce w przesz\u0142o\u015bci otoczenie mia\u0142o do\u015b\u0107 i chcia\u0142o spacyfikowa\u0107 takich naszych przodk\u00f3w i podzieli\u0107 ziemie mi\u0119dzy siebie, \u017ceby wreszcie mie\u0107 \u015bwi\u0119ty spok\u00f3j&#8230; \u00a0<strong>Veto, veto<\/strong> &#8211; krzyczeli przy pr\u00f3bach zmian na lepsze. Teraz te\u017c krzycz\u0105 to samo! Mo\u017cecie si\u0119 ze mnie \u015bmia\u0107, albo puka\u0107 w czo\u0142o &#8211; ale ju\u017c kiedy\u015b wspomina\u0142am co wyczyta\u0142am, a mianowicie, \u017ce wg astrologii sytuacja na niebosk\u0142onie (na czym si\u0119 kompletnie nie znam, wierz\u0119 fachowcom) s\u0105 identyczne jak w czasie rozbior\u00f3w. I te same cechy, wady najgorsze wysz\u0142y na wierzch&#8230; Ale to tylko takie bredzenie babci&#8230; A \u00a0min. dera przed chwil\u0105 powiedzia\u0142 w Polsacie, \u017ce nawet okupanci w ko\u015bcio\u0142ach nie zachowywali si\u0119 tak jak kobiety na protestach!<\/p>\n<p>Tak w og\u00f3le to strach czai si\u0119 wsz\u0119dzie. Drapanie w gardle, b\u00f3l g\u0142owy, lekka duszno\u015b\u0107, kaszel &#8211; to co w astmie normalne&#8230; no w\u0142a\u015bnie, czy to &#8222;normalne&#8221; czy ju\u017c nie&#8230;<br \/>\nNarzeka\u0142am, \u017ce mam k\u0142opot z byciem tu i teraz, \u017ce my\u015bli uciekaj\u0105 w przesz\u0142o\u015b\u0107 albo w przysz\u0142o\u015b\u0107 i nie chc\u0105 si\u0119 zakotwiczy\u0107 w tera\u017aniejszo\u015bci. Teraz to jakby konieczno\u015b\u0107 (cho\u0107 dalej nie potrafi\u0119, mam k\u0142opoty z koncentracj\u0105), \u017ceby nie zwariowa\u0107. Nie ma sensu robi\u0107<br \/>\nplan\u00f3w, bo nie wiadomo co si\u0119 mo\u017ce zdarzy\u0107 za chwil\u0119&#8230; Natomiast chwile, w kt\u00f3rych udaje si\u0119 skupi\u0107 ca\u0142kowicie na konkretnych, zwyk\u0142ych czynno\u015bciach staj\u0105 si\u0119 bezcenne.<\/p>\n<p>Przejd\u0119 wi\u0119c teraz do przyjemniejszych spraw i smacznych przy okazji \ud83d\ude42 Zrobi\u0142am dla siebie na szybko <strong>kotleciki, placuszki<\/strong> w\u0142a\u015bciwie, na obiad. Dla reszty domownik\u00f3w mia\u0142am kurczaka.<br \/>\nDo <strong>pierwszych<\/strong> u\u017cy\u0142am p\u00f3\u0142 jajka na twardo, kt\u00f3re zosta\u0142o ze \u015bniadania i jedn\u0105 pieczark\u0119 &#8211; utar\u0142am je na du\u017cych oczkach. Doda\u0142am jajko surowe, troch\u0119 m\u0105ki i tartej bu\u0142ki, s\u00f3l, pieprz, nieco przyprawy do grilla, wyrobi\u0142am, wrzuci\u0142am \u0142y\u017ck\u0105 na patelni\u0119 i usma\u017cy\u0142am. Nad podziw smaczne by\u0142y \ud83d\ude42<br \/>\n<strong>Nast\u0119pne<\/strong> zrobi\u0142am u\u017cywaj\u0105c kawa\u0142ka w\u0119dzonego tofu i dw\u00f3ch pieczarek, dalej tak samo &#8211; troch\u0119 m\u0105ki, tartej bu\u0142ki, s\u00f3l, pieprz, czosnek granulowany. Wysz\u0142y jeszcze smaczniejsze, nawet M\u0105\u017c skosztowa\u0142 i stwierdzi\u0142, \u017ce zupe\u0142nie dobre. A Ma\u0142y powiedzia\u0142, \u017ce pyszne \ud83d\ude42 Akurat wpad\u0142 na chwil\u0119 i dwa wzi\u0105\u0142 ze sob\u0105 (wysz\u0142y w sumie cztery), zjad\u0142 na zimno z chlebem. Musz\u0119 przyzna\u0107, \u017ce po o\u015bmiu miesi\u0105cach bez jedzenia mi\u0119sa czuj\u0119 prawdziwy smak\u00a0warzyw, owoc\u00f3w zupe\u0142nie inaczej ni\u017c przedtem, zaczynam si\u0119 delektowa\u0107 ich smakiem. Nie mam ju\u017c obawy, \u017ce nie b\u0119d\u0119 umia\u0142a zrobi\u0107 sobie obiadu, kt\u00f3ry b\u0119dzie mi naprawd\u0119 smakowa\u0142, zn\u00f3w odczuwam przyjemno\u015b\u0107 jedzenia &#8211; co dla Byka ma znaczenie \ud83d\ude42<\/p>\n<div id=\"attachment_3588\" style=\"width: 650px\" class=\"wp-caption aligncenter\"><img loading=\"lazy\" decoding=\"async\" aria-describedby=\"caption-attachment-3588\" class=\"wp-image-3588 size-large\" src=\"https:\/\/annapisze.art\/wp-content\/uploads\/2020\/11\/20201111_114007-1024x576.jpg\" alt=\"\" width=\"640\" height=\"360\" srcset=\"https:\/\/annapisze.art\/wp-content\/uploads\/2020\/11\/20201111_114007-1024x576.jpg 1024w, https:\/\/annapisze.art\/wp-content\/uploads\/2020\/11\/20201111_114007-300x169.jpg 300w, https:\/\/annapisze.art\/wp-content\/uploads\/2020\/11\/20201111_114007.jpg 1142w\" sizes=\"auto, (max-width: 640px) 100vw, 640px\" \/><p id=\"caption-attachment-3588\" class=\"wp-caption-text\">&#8230; nawet konsystencj\u0119 mia\u0142y idealn\u0105, nie rozpada\u0142y si\u0119 podczas sma\u017cenia&#8230;<\/p><\/div>\n<p>Poza tym upiek\u0142am dro\u017cd\u017cowe oraz babeczki w tzw. mi\u0119dzyczasie.<\/p>\n<p><img loading=\"lazy\" decoding=\"async\" class=\"aligncenter size-full wp-image-3590\" src=\"https:\/\/annapisze.art\/wp-content\/uploads\/2020\/11\/20201108_200813-1.jpg\" alt=\"\" width=\"642\" height=\"361\" srcset=\"https:\/\/annapisze.art\/wp-content\/uploads\/2020\/11\/20201108_200813-1.jpg 642w, https:\/\/annapisze.art\/wp-content\/uploads\/2020\/11\/20201108_200813-1-300x169.jpg 300w\" sizes=\"auto, (max-width: 642px) 100vw, 642px\" \/><\/p>\n<p><img loading=\"lazy\" decoding=\"async\" class=\"aligncenter size-full wp-image-3591\" src=\"https:\/\/annapisze.art\/wp-content\/uploads\/2020\/11\/20201029_113927.jpg\" alt=\"\" width=\"856\" height=\"642\" srcset=\"https:\/\/annapisze.art\/wp-content\/uploads\/2020\/11\/20201029_113927.jpg 856w, https:\/\/annapisze.art\/wp-content\/uploads\/2020\/11\/20201029_113927-300x225.jpg 300w\" sizes=\"auto, (max-width: 856px) 100vw, 856px\" \/><\/p>\n<p>Przegl\u0105daj\u0105c stare zapiski trafi\u0142am na notatki zrobione r\u0119k\u0105 mamy. Dawniej ka\u017cda prawdziwa pani domu mia\u0142a mn\u00f3stwo takich zapisanych m\u0105dro\u015bci. Teraz wystarczy w\u0142\u0105czy\u0107 komputer, tylko&#8230; wtedy nie ma wspomnie\u0144, ani osoby, kt\u00f3ra pisa\u0142a, ani sytuacji, ani zapachu ciasta (je\u015bli to by\u0142 przepis na ciasto), no&#8230; po prostu nie ma wspomnie\u0144. Taka poplamiona stara kartka ma dusz\u0119 \ud83d\ude42<\/p>\n<p><img loading=\"lazy\" decoding=\"async\" class=\"aligncenter size-full wp-image-3595\" src=\"https:\/\/annapisze.art\/wp-content\/uploads\/2020\/11\/20201113_190145.jpg\" alt=\"\" width=\"361\" height=\"642\" srcset=\"https:\/\/annapisze.art\/wp-content\/uploads\/2020\/11\/20201113_190145.jpg 361w, https:\/\/annapisze.art\/wp-content\/uploads\/2020\/11\/20201113_190145-169x300.jpg 169w\" sizes=\"auto, (max-width: 361px) 100vw, 361px\" \/><\/p>\n<p>&nbsp;<\/p>\n<p>I jeszcze Franu\u015b \ud83d\ude42<\/p>\n<div id=\"attachment_3592\" style=\"width: 959px\" class=\"wp-caption aligncenter\"><img loading=\"lazy\" decoding=\"async\" aria-describedby=\"caption-attachment-3592\" class=\"wp-image-3592 size-full\" src=\"https:\/\/annapisze.art\/wp-content\/uploads\/2020\/11\/20201029_113316.jpg\" alt=\"\" width=\"949\" height=\"685\" srcset=\"https:\/\/annapisze.art\/wp-content\/uploads\/2020\/11\/20201029_113316.jpg 949w, https:\/\/annapisze.art\/wp-content\/uploads\/2020\/11\/20201029_113316-300x217.jpg 300w\" sizes=\"auto, (max-width: 949px) 100vw, 949px\" \/><p id=\"caption-attachment-3592\" class=\"wp-caption-text\">&#8230; kto ma takie pi\u0119kne oczy jak ja? &#8211; pyta Franu\u015b &#8230;<\/p><\/div>\n<p>Zimno si\u0119 zrobi\u0142o, lato si\u0119 sko\u0144czy\u0142o i Franek zacz\u0105\u0142 przychodzi\u0107. Najpierw kontrolnie, sprawdzi\u0142 czy nic si\u0119 nie zmieni\u0142o obchodz\u0105c ca\u0142e mieszkanie, stwierdzi\u0142, \u017ce jest ok, miseczka na miejscu, czyli mo\u017cna i\u015b\u0107 na fotel i spokojnie si\u0119 przespa\u0107. Kiedy pisa\u0142am te s\u0142owa spojrza\u0142 z koszyczka, w kt\u00f3rym si\u0119 w\u0142a\u015bnie ulokowa\u0142, powiedzia\u0142: miauu i u\u0142o\u017cy\u0142 si\u0119 wygodniej zapadaj\u0105c w dalsz\u0105 drzemk\u0119 \ud83d\ude42<\/p>\n<p style=\"text-align: center;\">Trzymajcie si\u0119 zdrowo, w zdrowiu fizycznym i psychicznym, teraz to sztuka nie lada, ale \u017cycz\u0119 tego Wam i sobie!<\/p>\n<p>&nbsp;<\/p>\n<div class=\"fcbkbttn_buttons_block\" id=\"fcbkbttn_middle\"><div class=\"fcbkbttn_like \"><fb:like href=\"https:\/\/annapisze.art\/?p=3587\" action=\"like\" colorscheme=\"light\" layout=\"box_count\"  size=\"small\"><\/fb:like><\/div><div class=\"fb-share-button  \" data-href=\"https:\/\/annapisze.art\/?p=3587\" data-type=\"button_count\" data-size=\"small\"><\/div><\/div>","protected":false},"excerpt":{"rendered":"<p>Znalaz\u0142am kartk\u0119 ze s\u0142owami Adolfa Nowaczy\u0144skiego, nie wiem sk\u0105d one pochodz\u0105. Mia\u0142am mani\u0119 wypisywania cytat\u00f3w, ale nie zawsze zaznacza\u0142am z czego je spisuj\u0119. Trudno, tak zostanie. Tre\u015b\u0107 wydaje mi adekwatna do sytuacji dzisiejszej. \u00a0&#8222;O, \u017ceby\u017c szowinizmy wszystkich nacyj europejskich mia\u0142y &hellip; <a href=\"https:\/\/annapisze.art\/?p=3587\">Czytaj dalej <span class=\"meta-nav\">&rarr;<\/span><\/a><\/p>\n","protected":false},"author":1,"featured_media":0,"comment_status":"open","ping_status":"open","sticky":false,"template":"","format":"standard","meta":{"footnotes":""},"categories":[22,8],"tags":[],"class_list":["post-3587","post","type-post","status-publish","format-standard","hentry","category-kuchennie-i-smacznie","category-mysle-sobie"],"_links":{"self":[{"href":"https:\/\/annapisze.art\/index.php?rest_route=\/wp\/v2\/posts\/3587","targetHints":{"allow":["GET"]}}],"collection":[{"href":"https:\/\/annapisze.art\/index.php?rest_route=\/wp\/v2\/posts"}],"about":[{"href":"https:\/\/annapisze.art\/index.php?rest_route=\/wp\/v2\/types\/post"}],"author":[{"embeddable":true,"href":"https:\/\/annapisze.art\/index.php?rest_route=\/wp\/v2\/users\/1"}],"replies":[{"embeddable":true,"href":"https:\/\/annapisze.art\/index.php?rest_route=%2Fwp%2Fv2%2Fcomments&post=3587"}],"version-history":[{"count":3,"href":"https:\/\/annapisze.art\/index.php?rest_route=\/wp\/v2\/posts\/3587\/revisions"}],"predecessor-version":[{"id":3599,"href":"https:\/\/annapisze.art\/index.php?rest_route=\/wp\/v2\/posts\/3587\/revisions\/3599"}],"wp:attachment":[{"href":"https:\/\/annapisze.art\/index.php?rest_route=%2Fwp%2Fv2%2Fmedia&parent=3587"}],"wp:term":[{"taxonomy":"category","embeddable":true,"href":"https:\/\/annapisze.art\/index.php?rest_route=%2Fwp%2Fv2%2Fcategories&post=3587"},{"taxonomy":"post_tag","embeddable":true,"href":"https:\/\/annapisze.art\/index.php?rest_route=%2Fwp%2Fv2%2Ftags&post=3587"}],"curies":[{"name":"wp","href":"https:\/\/api.w.org\/{rel}","templated":true}]}}