{"id":3251,"date":"2020-08-11T10:55:30","date_gmt":"2020-08-11T08:55:30","guid":{"rendered":"http:\/\/annapisze.art\/?p=3251"},"modified":"2020-08-11T10:55:30","modified_gmt":"2020-08-11T08:55:30","slug":"tenczynskie-tesknoty","status":"publish","type":"post","link":"https:\/\/annapisze.art\/?p=3251","title":{"rendered":"Tenczy\u0144skie t\u0119sknoty&#8230;"},"content":{"rendered":"<p>Wakacyjna pora \u00a0to zawsze czas wspomnie\u0144 &#8211; przynajmniej dla mnie &#8211; wakacji w Tenczynku. Zreszt\u0105 ju\u017c nieraz m\u00f3wi\u0142am, \u017ce moja dusza czy pod\u015bwiadomo\u015b\u0107, czy jak te\u017c j\u0105 inaczej nazwa\u0107 &#8211; w Tenczynku jest obecna bezustannie. Ale w tym Tenczynku, kt\u00f3rego ju\u017c nie ma, \u00a0w miejscach drogich mi, kochanych, obecnych ju\u017c tylko na mapie pami\u0119ci poniewa\u017c w \u015bwiecie rzeczywistym zast\u0105pi\u0142y je zupe\u0142nie inne. Wszystko si\u0119 zmienia, rozbudowuje, burzy, powstaje nowe, dzieli si\u0119 przestrzenie na ma\u0142e dzia\u0142ki, w nich zamieszkuj\u0105 nowi \u00a0ludzie buduj\u0105cy tam nowe domy i tworz\u0105 swoj\u0105 w\u0142asn\u0105 histori\u0119. A ja si\u0119 przechadzam wci\u0105\u017c w tych miejscach, kt\u00f3re ukocha\u0142am, z kt\u00f3rych wywodz\u0105 si\u0119 moi przodkowie zupe\u0142nie jak duch przybywaj\u0105cy na ziemi\u0119 z wizyt\u0105 zza T\u0119czowego Mostu. Znalaz\u0142am jeszcze kilka zdj\u0119\u0107 z ostatniego prawdziwego pobytu w Tenczynku, potem ju\u017c tylko na cmentarz (kt\u00f3ry jest bardzo \u0142adny) wpadam je\u015bli mog\u0119, ostatnio zast\u0119powa\u0142a mnie kuzynka moja kochana, za co jestem jej baaardzo wdzi\u0119czna.<\/p>\n<div id=\"attachment_3253\" style=\"width: 560px\" class=\"wp-caption aligncenter\"><img loading=\"lazy\" decoding=\"async\" aria-describedby=\"caption-attachment-3253\" class=\"wp-image-3253 size-full\" src=\"https:\/\/annapisze.art\/wp-content\/uploads\/2020\/08\/20200329_220601.jpg\" alt=\"\" width=\"550\" height=\"642\" srcset=\"https:\/\/annapisze.art\/wp-content\/uploads\/2020\/08\/20200329_220601.jpg 550w, https:\/\/annapisze.art\/wp-content\/uploads\/2020\/08\/20200329_220601-257x300.jpg 257w\" sizes=\"auto, (max-width: 550px) 100vw, 550px\" \/><p id=\"caption-attachment-3253\" class=\"wp-caption-text\">&#8230;tu Ania nad Stawem Wro\u0144skim wieki temu w ulubionej falbaniastej sp\u00f3dnicy&#8230;<\/p><\/div>\n<p>Pami\u0119tam jak tata &#8222;na barana&#8221; ni\u00f3s\u0142 mnie przez ten staw, musia\u0142am by\u0107 bardzo malutk\u0105 dziewczynk\u0105 \ud83d\ude42<\/p>\n<div id=\"attachment_3254\" style=\"width: 851px\" class=\"wp-caption aligncenter\"><img loading=\"lazy\" decoding=\"async\" aria-describedby=\"caption-attachment-3254\" class=\"wp-image-3254 size-full\" src=\"https:\/\/annapisze.art\/wp-content\/uploads\/2020\/08\/20200329_220724.jpg\" alt=\"\" width=\"841\" height=\"642\" srcset=\"https:\/\/annapisze.art\/wp-content\/uploads\/2020\/08\/20200329_220724.jpg 841w, https:\/\/annapisze.art\/wp-content\/uploads\/2020\/08\/20200329_220724-300x229.jpg 300w\" sizes=\"auto, (max-width: 841px) 100vw, 841px\" \/><p id=\"caption-attachment-3254\" class=\"wp-caption-text\">&#8230;widok ze Ska\u0142ek&#8230;<\/p><\/div>\n<div id=\"attachment_3255\" style=\"width: 784px\" class=\"wp-caption aligncenter\"><img loading=\"lazy\" decoding=\"async\" aria-describedby=\"caption-attachment-3255\" class=\"wp-image-3255 size-full\" src=\"https:\/\/annapisze.art\/wp-content\/uploads\/2020\/08\/20200330_204942.jpg\" alt=\"\" width=\"774\" height=\"642\" srcset=\"https:\/\/annapisze.art\/wp-content\/uploads\/2020\/08\/20200330_204942.jpg 774w, https:\/\/annapisze.art\/wp-content\/uploads\/2020\/08\/20200330_204942-300x249.jpg 300w\" sizes=\"auto, (max-width: 774px) 100vw, 774px\" \/><p id=\"caption-attachment-3255\" class=\"wp-caption-text\">&#8230;na Buczyn\u0119&#8230;<\/p><\/div>\n<div id=\"attachment_3256\" style=\"width: 954px\" class=\"wp-caption aligncenter\"><img loading=\"lazy\" decoding=\"async\" aria-describedby=\"caption-attachment-3256\" class=\"wp-image-3256 size-full\" src=\"https:\/\/annapisze.art\/wp-content\/uploads\/2020\/08\/20200330_205127.jpg\" alt=\"\" width=\"944\" height=\"685\" srcset=\"https:\/\/annapisze.art\/wp-content\/uploads\/2020\/08\/20200330_205127.jpg 944w, https:\/\/annapisze.art\/wp-content\/uploads\/2020\/08\/20200330_205127-300x218.jpg 300w\" sizes=\"auto, (max-width: 944px) 100vw, 944px\" \/><p id=\"caption-attachment-3256\" class=\"wp-caption-text\">&#8230;na cudowne, ukochane przestrzenie, kt\u00f3rych ju\u017c nie ma, a kt\u00f3re teraz odnajduj\u0119 w Szczawnicy&#8230;<\/p><\/div>\n<p><img loading=\"lazy\" decoding=\"async\" class=\"aligncenter size-full wp-image-3257\" src=\"https:\/\/annapisze.art\/wp-content\/uploads\/2020\/08\/20200527_200225.jpg\" alt=\"\" width=\"856\" height=\"642\" srcset=\"https:\/\/annapisze.art\/wp-content\/uploads\/2020\/08\/20200527_200225.jpg 856w, https:\/\/annapisze.art\/wp-content\/uploads\/2020\/08\/20200527_200225-300x225.jpg 300w\" sizes=\"auto, (max-width: 856px) 100vw, 856px\" \/><\/p>\n<p><img loading=\"lazy\" decoding=\"async\" class=\"aligncenter size-full wp-image-3258\" src=\"https:\/\/annapisze.art\/wp-content\/uploads\/2020\/08\/20200527_200253.jpg\" alt=\"\" width=\"856\" height=\"642\" srcset=\"https:\/\/annapisze.art\/wp-content\/uploads\/2020\/08\/20200527_200253.jpg 856w, https:\/\/annapisze.art\/wp-content\/uploads\/2020\/08\/20200527_200253-300x225.jpg 300w\" sizes=\"auto, (max-width: 856px) 100vw, 856px\" \/><\/p>\n<div id=\"attachment_3259\" style=\"width: 329px\" class=\"wp-caption aligncenter\"><img loading=\"lazy\" decoding=\"async\" aria-describedby=\"caption-attachment-3259\" class=\"wp-image-3259 size-full\" src=\"https:\/\/annapisze.art\/wp-content\/uploads\/2020\/08\/20200527_200317.jpg\" alt=\"\" width=\"319\" height=\"239\" srcset=\"https:\/\/annapisze.art\/wp-content\/uploads\/2020\/08\/20200527_200317.jpg 319w, https:\/\/annapisze.art\/wp-content\/uploads\/2020\/08\/20200527_200317-300x225.jpg 300w\" sizes=\"auto, (max-width: 319px) 100vw, 319px\" \/><p id=\"caption-attachment-3259\" class=\"wp-caption-text\">&#8230;ostatnie zdj\u0119cia niezamieszka\u0142ego ju\u017c domku dziadk\u00f3w, mojego ukochanego domku, w kt\u00f3rym mie\u015bci si\u0119 ca\u0142e moje dzieci\u0144stwo i m\u0142odo\u015b\u0107 te\u017c, mn\u00f3stwo uczu\u0107, wspomnie\u0144, w\u0142a\u015bciwie &#8211; ca\u0142a Ania &#8230;<\/p><\/div>\n<div id=\"attachment_3260\" style=\"width: 948px\" class=\"wp-caption aligncenter\"><img loading=\"lazy\" decoding=\"async\" aria-describedby=\"caption-attachment-3260\" class=\"wp-image-3260 size-full\" src=\"https:\/\/annapisze.art\/wp-content\/uploads\/2020\/08\/20200330_104701.jpg\" alt=\"\" width=\"938\" height=\"642\" srcset=\"https:\/\/annapisze.art\/wp-content\/uploads\/2020\/08\/20200330_104701.jpg 938w, https:\/\/annapisze.art\/wp-content\/uploads\/2020\/08\/20200330_104701-300x205.jpg 300w\" sizes=\"auto, (max-width: 938px) 100vw, 938px\" \/><p id=\"caption-attachment-3260\" class=\"wp-caption-text\">&#8230;przed p\u0142otem sta\u0142y trzy ule z ukochanymi pszczo\u0142ami dziadka Staszka, siedzia\u0142 obok i godzinami przygl\u0105da\u0142 si\u0119 jak wlatywa\u0142y do ula z pe\u0142nymi &#8222;koszyczkami&#8221; na n\u00f3\u017ckach i jak wylatywa\u0142y po nowe zbiory, a potem \u00a0mieli\u015bmy pyszny mi\u00f3d&#8230;<\/p><\/div>\n<p>Na koniec dom, kt\u00f3ry przed sam\u0105 wojn\u0105 budowali wujkowie mojego taty, dziadkowie mojej kochanej kuzynki \ud83d\ude42 \u00a0Mieszka\u0142a tam te\u017c prababcia Karolina, kt\u00f3ra podczas I wojny swego rannego m\u0119\u017ca (mojego pradziadka W\u0142adys\u0142awa) \u00a0do Tenczynka z Przemy\u015bla przywioz\u0142a. M\u00f3j tata mieszka\u0142 tu podczas wojny i ukrywa\u0142 si\u0119 w \u015brodkowym pokoju po ucieczce z Baudienstu. Ciotka z babci\u0105 w dzie\u0144 zastawia\u0142y drzwi szaf\u0105 i nie by\u0142o ich wida\u0107, gdyby kto\u015b nagle wszed\u0142.<\/p>\n<p><img loading=\"lazy\" decoding=\"async\" class=\"aligncenter size-full wp-image-3261\" src=\"https:\/\/annapisze.art\/wp-content\/uploads\/2020\/08\/20200527_195806.jpg\" alt=\"\" width=\"856\" height=\"642\" srcset=\"https:\/\/annapisze.art\/wp-content\/uploads\/2020\/08\/20200527_195806.jpg 856w, https:\/\/annapisze.art\/wp-content\/uploads\/2020\/08\/20200527_195806-300x225.jpg 300w\" sizes=\"auto, (max-width: 856px) 100vw, 856px\" \/><\/p>\n<div id=\"attachment_3262\" style=\"width: 866px\" class=\"wp-caption aligncenter\"><img loading=\"lazy\" decoding=\"async\" aria-describedby=\"caption-attachment-3262\" class=\"wp-image-3262 size-full\" src=\"https:\/\/annapisze.art\/wp-content\/uploads\/2020\/08\/20200527_195301.jpg\" alt=\"\" width=\"856\" height=\"642\" srcset=\"https:\/\/annapisze.art\/wp-content\/uploads\/2020\/08\/20200527_195301.jpg 856w, https:\/\/annapisze.art\/wp-content\/uploads\/2020\/08\/20200527_195301-300x225.jpg 300w\" sizes=\"auto, (max-width: 856px) 100vw, 856px\" \/><p id=\"caption-attachment-3262\" class=\"wp-caption-text\">&#8230;te dwa zdj\u0119cia zrobi\u0142am w 2006 roku&#8230;<\/p><\/div>\n<div id=\"attachment_3264\" style=\"width: 431px\" class=\"wp-caption aligncenter\"><img loading=\"lazy\" decoding=\"async\" aria-describedby=\"caption-attachment-3264\" class=\"wp-image-3264 size-full\" src=\"https:\/\/annapisze.art\/wp-content\/uploads\/2020\/08\/20200527_195400.jpg\" alt=\"\" width=\"421\" height=\"642\" srcset=\"https:\/\/annapisze.art\/wp-content\/uploads\/2020\/08\/20200527_195400.jpg 421w, https:\/\/annapisze.art\/wp-content\/uploads\/2020\/08\/20200527_195400-197x300.jpg 197w\" sizes=\"auto, (max-width: 421px) 100vw, 421px\" \/><p id=\"caption-attachment-3264\" class=\"wp-caption-text\">&#8230;to te\u017c, ale chodzi\u0142o mi o przybli\u017cenie balkonu, z kt\u00f3rego tata zrobi\u0142 dwa historyczne dzi\u015b zdj\u0119cia&#8230;<\/p><\/div>\n<div id=\"attachment_3265\" style=\"width: 607px\" class=\"wp-caption aligncenter\"><img loading=\"lazy\" decoding=\"async\" aria-describedby=\"caption-attachment-3265\" class=\"wp-image-3265 size-full\" src=\"https:\/\/annapisze.art\/wp-content\/uploads\/2020\/08\/20200330_105805.jpg\" alt=\"\" width=\"597\" height=\"642\" srcset=\"https:\/\/annapisze.art\/wp-content\/uploads\/2020\/08\/20200330_105805.jpg 597w, https:\/\/annapisze.art\/wp-content\/uploads\/2020\/08\/20200330_105805-279x300.jpg 279w\" sizes=\"auto, (max-width: 597px) 100vw, 597px\" \/><p id=\"caption-attachment-3265\" class=\"wp-caption-text\">&#8230;to widok z balkonu w latach trzydziestych XX wieku, teraz na g\u00f3rce jest dom handlowy (przynajmniej by\u0142, kiedy by\u0142am tam ostatni raz)&#8230;<\/p><\/div>\n<div id=\"attachment_3266\" style=\"width: 626px\" class=\"wp-caption aligncenter\"><img loading=\"lazy\" decoding=\"async\" aria-describedby=\"caption-attachment-3266\" class=\"wp-image-3266 size-full\" src=\"https:\/\/annapisze.art\/wp-content\/uploads\/2020\/08\/20200330_105646.jpg\" alt=\"\" width=\"616\" height=\"642\" srcset=\"https:\/\/annapisze.art\/wp-content\/uploads\/2020\/08\/20200330_105646.jpg 616w, https:\/\/annapisze.art\/wp-content\/uploads\/2020\/08\/20200330_105646-288x300.jpg 288w\" sizes=\"auto, (max-width: 616px) 100vw, 616px\" \/><p id=\"caption-attachment-3266\" class=\"wp-caption-text\">&#8230;a to widok z drugiej strony balkonu na browar&#8230;<\/p><\/div>\n<p>Dop\u00f3ki si\u0119 nie przyjrza\u0142am tej fotografii w powi\u0119kszeniu my\u015bla\u0142am, \u017ce jest sprzed wojny. Dopiero gdy zrobi\u0142am zdj\u0119cie zdj\u0119ciu i powi\u0119kszy\u0142am to zobaczy\u0142am, \u017ce budynki s\u0105 spalone, okna puste, dachu nie ma. Czyli by\u0142o zrobione po spaleniu browaru podczas wojny. \u00a0Ju\u017c po przegonieniu okupant\u00f3w ludzie brali co si\u0119 da\u0142o ze spalonego obiektu, wiem z opowiada\u0144. \u00a0M\u00f3j tata na pytanie czy on te\u017c co\u015b wzi\u0105\u0142 &#8211; odpowiedzia\u0142 &#8222;pocz\u0119stowa\u0142em si\u0119 butelk\u0105 szampana&#8221; \ud83d\ude42 Tego szampana mama wspomina\u0142a &#8211; &#8222;smaczny by\u0142, jak lemoniad\u0119 zupe\u0142nie si\u0119 pi\u0142o, ale potem wsta\u0107 nie da\u0142o rady, cho\u0107 g\u0142owa by\u0142a absolutnie trze\u017awa&#8221; \ud83d\ude42 \u00a0Jak ja \u017ca\u0142uj\u0119, \u017ce nie dopyta\u0142am o wi\u0119cej szczeg\u00f3\u0142\u00f3w, \u017ce w og\u00f3le za ma\u0142o interesowa\u0142am przesz\u0142o\u015bci\u0105, histori\u0105 prze\u017cyt\u0105, a wi\u0119c prawdziw\u0105, nie wymy\u015blon\u0105 na potrzeby chwili&#8230;. M\u0142odzi ludzie ju\u017c tak maj\u0105, \u017ce zajmuj\u0105 si\u0119 swoim \u017cyciem, w\u0142asnymi aktualnymi sprawami a nie przesz\u0142o\u015bci\u0105. Taka jest kolej rzeczy, inaczej mieszkaliby\u015bmy do tej pory w jaskiniach \ud83d\ude09 \u00a0P\u00f3\u017aniej przychodzi czas na zadawanie pyta\u0144 &#8211; ale ju\u017c nie ma kto na nie odpowiedzie\u0107&#8230;<\/p>\n<p>Swoj\u0105 drog\u0105 &#8211; uciekaj\u0105 z pami\u0119ci wakacyjne wyjazdy na wczasy, to znaczy pami\u0119tam oczywi\u015bcie Ko\u0142obrzeg, \u015awinouj\u015bcie, kt\u00f3re bardzo lubi\u0142am. Mi\u0119dzyzdroje te\u017c, r\u00f3\u017cne imprezy m\u0142odzie\u017cowe, wyjazdy integracyjne na studiach, super wakacje w Bu\u0142garii &#8211; wszystko by\u0142o bardzo fajne, ale w dusz\u0119 zapad\u0142y wakacje u dziadk\u00f3w. I tylko tam wracam, tam jestem jakbym funkcjonowa\u0142a w kilku wymiarach&#8230; C\u00f3\u017c&#8230; takie sobie dyrdyma\u0142ki&#8230;takie by\u0142o motto na Bloxie&#8230;<\/p>\n<p>&nbsp;<\/p>\n<p>&nbsp;<\/p>\n<div class=\"fcbkbttn_buttons_block\" id=\"fcbkbttn_middle\"><div class=\"fcbkbttn_like \"><fb:like href=\"https:\/\/annapisze.art\/?p=3251\" action=\"like\" colorscheme=\"light\" layout=\"box_count\"  size=\"small\"><\/fb:like><\/div><div class=\"fb-share-button  \" data-href=\"https:\/\/annapisze.art\/?p=3251\" data-type=\"button_count\" data-size=\"small\"><\/div><\/div>","protected":false},"excerpt":{"rendered":"<p>Wakacyjna pora \u00a0to zawsze czas wspomnie\u0144 &#8211; przynajmniej dla mnie &#8211; wakacji w Tenczynku. Zreszt\u0105 ju\u017c nieraz m\u00f3wi\u0142am, \u017ce moja dusza czy pod\u015bwiadomo\u015b\u0107, czy jak te\u017c j\u0105 inaczej nazwa\u0107 &#8211; w Tenczynku jest obecna bezustannie. Ale w tym Tenczynku, kt\u00f3rego &hellip; <a href=\"https:\/\/annapisze.art\/?p=3251\">Czytaj dalej <span class=\"meta-nav\">&rarr;<\/span><\/a><\/p>\n","protected":false},"author":1,"featured_media":0,"comment_status":"open","ping_status":"open","sticky":false,"template":"","format":"standard","meta":{"footnotes":""},"categories":[8,21],"tags":[],"class_list":["post-3251","post","type-post","status-publish","format-standard","hentry","category-mysle-sobie","category-tenczynek"],"_links":{"self":[{"href":"https:\/\/annapisze.art\/index.php?rest_route=\/wp\/v2\/posts\/3251","targetHints":{"allow":["GET"]}}],"collection":[{"href":"https:\/\/annapisze.art\/index.php?rest_route=\/wp\/v2\/posts"}],"about":[{"href":"https:\/\/annapisze.art\/index.php?rest_route=\/wp\/v2\/types\/post"}],"author":[{"embeddable":true,"href":"https:\/\/annapisze.art\/index.php?rest_route=\/wp\/v2\/users\/1"}],"replies":[{"embeddable":true,"href":"https:\/\/annapisze.art\/index.php?rest_route=%2Fwp%2Fv2%2Fcomments&post=3251"}],"version-history":[{"count":6,"href":"https:\/\/annapisze.art\/index.php?rest_route=\/wp\/v2\/posts\/3251\/revisions"}],"predecessor-version":[{"id":3272,"href":"https:\/\/annapisze.art\/index.php?rest_route=\/wp\/v2\/posts\/3251\/revisions\/3272"}],"wp:attachment":[{"href":"https:\/\/annapisze.art\/index.php?rest_route=%2Fwp%2Fv2%2Fmedia&parent=3251"}],"wp:term":[{"taxonomy":"category","embeddable":true,"href":"https:\/\/annapisze.art\/index.php?rest_route=%2Fwp%2Fv2%2Fcategories&post=3251"},{"taxonomy":"post_tag","embeddable":true,"href":"https:\/\/annapisze.art\/index.php?rest_route=%2Fwp%2Fv2%2Ftags&post=3251"}],"curies":[{"name":"wp","href":"https:\/\/api.w.org\/{rel}","templated":true}]}}