{"id":2709,"date":"2020-04-25T08:32:24","date_gmt":"2020-04-25T06:32:24","guid":{"rendered":"http:\/\/annapisze.art\/?p=2709"},"modified":"2020-04-25T08:32:24","modified_gmt":"2020-04-25T06:32:24","slug":"troche-wspomnien","status":"publish","type":"post","link":"https:\/\/annapisze.art\/?p=2709","title":{"rendered":"Troch\u0119 wspomnie\u0144 &#8230;"},"content":{"rendered":"<p>Jeszcze w zwi\u0105zku z wczorajszym dniem. Wr\u00f3ci\u0142am do starych zdj\u0119\u0107 i kilka wydoby\u0142am na \u015bwiat\u0142o dzienne \ud83d\ude42 Jako\u015b\u0107 jest oczywi\u015bcie fatalna, ale za to chwile uwiecznione &#8211; bezcenne. \u00a0Czy\u017c ja bym uwierzy\u0142a, \u017ce ma\u0142a Ania by\u0142a ci\u0105gle naburmuszona gdyby nie fotki? A w \u017cyciu! To Calineczka ma chwilami takie miny, nie ja przecie\u017c \ud83d\ude09 Prawd\u0119 m\u00f3wi\u0105c, ja nie, ale Ania z przesz\u0142o\u015bci jak najbardziej&#8230;<\/p>\n<div id=\"attachment_2710\" style=\"width: 210px\" class=\"wp-caption aligncenter\"><img loading=\"lazy\" decoding=\"async\" aria-describedby=\"caption-attachment-2710\" class=\"wp-image-2710\" src=\"https:\/\/annapisze.art\/wp-content\/uploads\/2020\/04\/kolejne-obrazy-ze-smartf.-1261-570x1024.jpg\" alt=\"\" width=\"200\" height=\"359\" srcset=\"https:\/\/annapisze.art\/wp-content\/uploads\/2020\/04\/kolejne-obrazy-ze-smartf.-1261-570x1024.jpg 570w, https:\/\/annapisze.art\/wp-content\/uploads\/2020\/04\/kolejne-obrazy-ze-smartf.-1261-167x300.jpg 167w, https:\/\/annapisze.art\/wp-content\/uploads\/2020\/04\/kolejne-obrazy-ze-smartf.-1261.jpg 1019w\" sizes=\"auto, (max-width: 200px) 100vw, 200px\" \/><p id=\"caption-attachment-2710\" class=\"wp-caption-text\">P\u00f3\u0142roczna Ania<\/p><\/div>\n<div id=\"attachment_2711\" style=\"width: 410px\" class=\"wp-caption aligncenter\"><img loading=\"lazy\" decoding=\"async\" aria-describedby=\"caption-attachment-2711\" class=\"wp-image-2711\" src=\"https:\/\/annapisze.art\/wp-content\/uploads\/2020\/04\/20200416_174926.jpg\" alt=\"\" width=\"400\" height=\"311\" srcset=\"https:\/\/annapisze.art\/wp-content\/uploads\/2020\/04\/20200416_174926.jpg 827w, https:\/\/annapisze.art\/wp-content\/uploads\/2020\/04\/20200416_174926-300x233.jpg 300w\" sizes=\"auto, (max-width: 400px) 100vw, 400px\" \/><p id=\"caption-attachment-2711\" class=\"wp-caption-text\">Ania w swoim kabriolecie z babci\u0105 Stef\u0105 i siostr\u0105<\/p><\/div>\n<div id=\"attachment_2712\" style=\"width: 410px\" class=\"wp-caption aligncenter\"><img loading=\"lazy\" decoding=\"async\" aria-describedby=\"caption-attachment-2712\" class=\"wp-image-2712\" src=\"https:\/\/annapisze.art\/wp-content\/uploads\/2020\/04\/20200416_175507.jpg\" alt=\"\" width=\"400\" height=\"287\" srcset=\"https:\/\/annapisze.art\/wp-content\/uploads\/2020\/04\/20200416_175507.jpg 894w, https:\/\/annapisze.art\/wp-content\/uploads\/2020\/04\/20200416_175507-300x215.jpg 300w\" sizes=\"auto, (max-width: 400px) 100vw, 400px\" \/><p id=\"caption-attachment-2712\" class=\"wp-caption-text\">Ju\u017c na w\u0142asnych n\u00f3\u017ckach z mam\u0105 i Lucynk\u0105<\/p><\/div>\n<div id=\"attachment_2713\" style=\"width: 410px\" class=\"wp-caption aligncenter\"><img loading=\"lazy\" decoding=\"async\" aria-describedby=\"caption-attachment-2713\" class=\"wp-image-2713\" src=\"https:\/\/annapisze.art\/wp-content\/uploads\/2020\/04\/20200416_175533.jpg\" alt=\"\" width=\"400\" height=\"428\" srcset=\"https:\/\/annapisze.art\/wp-content\/uploads\/2020\/04\/20200416_175533.jpg 600w, https:\/\/annapisze.art\/wp-content\/uploads\/2020\/04\/20200416_175533-280x300.jpg 280w\" sizes=\"auto, (max-width: 400px) 100vw, 400px\" \/><p id=\"caption-attachment-2713\" class=\"wp-caption-text\">Z Lucy i Rolfem, po kt\u00f3rym m\u00f3j pierwszy osobisty psi przyjaciel odziedziczy\u0142 imi\u0119<\/p><\/div>\n<div id=\"attachment_2714\" style=\"width: 410px\" class=\"wp-caption aligncenter\"><img loading=\"lazy\" decoding=\"async\" aria-describedby=\"caption-attachment-2714\" class=\"wp-image-2714\" src=\"https:\/\/annapisze.art\/wp-content\/uploads\/2020\/04\/20200416_175629.jpg\" alt=\"\" width=\"400\" height=\"412\" srcset=\"https:\/\/annapisze.art\/wp-content\/uploads\/2020\/04\/20200416_175629.jpg 623w, https:\/\/annapisze.art\/wp-content\/uploads\/2020\/04\/20200416_175629-291x300.jpg 291w\" sizes=\"auto, (max-width: 400px) 100vw, 400px\" \/><p id=\"caption-attachment-2714\" class=\"wp-caption-text\">Karmimy kury u babci w Tenczynku<\/p><\/div>\n<div id=\"attachment_2715\" style=\"width: 210px\" class=\"wp-caption aligncenter\"><img loading=\"lazy\" decoding=\"async\" aria-describedby=\"caption-attachment-2715\" class=\"wp-image-2715\" src=\"https:\/\/annapisze.art\/wp-content\/uploads\/2020\/04\/20200416_175748.jpg\" alt=\"\" width=\"200\" height=\"304\" srcset=\"https:\/\/annapisze.art\/wp-content\/uploads\/2020\/04\/20200416_175748.jpg 423w, https:\/\/annapisze.art\/wp-content\/uploads\/2020\/04\/20200416_175748-198x300.jpg 198w\" sizes=\"auto, (max-width: 200px) 100vw, 200px\" \/><p id=\"caption-attachment-2715\" class=\"wp-caption-text\">Na rynku w Krzeszowicach<\/p><\/div>\n<div id=\"attachment_2716\" style=\"width: 311px\" class=\"wp-caption aligncenter\"><img loading=\"lazy\" decoding=\"async\" aria-describedby=\"caption-attachment-2716\" class=\"wp-image-2716\" src=\"https:\/\/annapisze.art\/wp-content\/uploads\/2020\/04\/20200416_175823.jpg\" alt=\"\" width=\"301\" height=\"287\" srcset=\"https:\/\/annapisze.art\/wp-content\/uploads\/2020\/04\/20200416_175823.jpg 674w, https:\/\/annapisze.art\/wp-content\/uploads\/2020\/04\/20200416_175823-300x286.jpg 300w\" sizes=\"auto, (max-width: 301px) 100vw, 301px\" \/><p id=\"caption-attachment-2716\" class=\"wp-caption-text\">W krakowskim Zoo z mam\u0105. Lucynk\u0105 i wujkiem (stra\u017cak, \u017ceby nie by\u0142o pomy\u0142ki w kwestii munduru), chrzestnym tat\u0105 Ani, \u00a0sweterek robi\u0142a mama, by\u0142 niebieski z bia\u0142ymi kwadracikami<\/p><\/div>\n<div id=\"attachment_2717\" style=\"width: 210px\" class=\"wp-caption aligncenter\"><img loading=\"lazy\" decoding=\"async\" aria-describedby=\"caption-attachment-2717\" class=\"wp-image-2717\" src=\"https:\/\/annapisze.art\/wp-content\/uploads\/2020\/04\/20200329_134817.jpg\" alt=\"\" width=\"200\" height=\"297\" srcset=\"https:\/\/annapisze.art\/wp-content\/uploads\/2020\/04\/20200329_134817.jpg 432w, https:\/\/annapisze.art\/wp-content\/uploads\/2020\/04\/20200329_134817-202x300.jpg 202w\" sizes=\"auto, (max-width: 200px) 100vw, 200px\" \/><p id=\"caption-attachment-2717\" class=\"wp-caption-text\">Troch\u0119 wcze\u015bniej &#8211; komunia Lucynki i obydwie babcie<\/p><\/div>\n<p>Na tym koniec dzisiejszych wspomnie\u0144, zostan\u0105 czarno- bia\u0142e fotografie. Tak si\u0119 sk\u0142ada, \u017ce dzi\u015b jest rocznica \u015bmierci babci Frani, tej po prawej stronie, stoj\u0105cej za naburmuszon\u0105 Ani\u0105. \u00a0Mia\u0142a niesamowit\u0105 fantazj\u0119 i umia\u0142a niezwykle zajmuj\u0105co opowiada\u0107 bajki i r\u00f3\u017cne historie. Do Ani m\u00f3wi\u0142a &#8222;moja poetko&#8221; \ud83d\ude42<\/p>\n<p>Wci\u0105\u017c \u017ca\u0142uj\u0119 tylko jednego, \u017ce nie mo\u017cna si\u0119 spotka\u0107 z bliskimi w swoim obecnym stanie ducha i umys\u0142u cho\u0107 na chwil\u0119, porozmawia\u0107 i przytuli\u0107, powiedzie\u0107, jak byli i s\u0105 wa\u017cni i jak bardzo si\u0119 ich kocha.<\/p>\n<div class=\"fcbkbttn_buttons_block\" id=\"fcbkbttn_middle\"><div class=\"fcbkbttn_like \"><fb:like href=\"https:\/\/annapisze.art\/?p=2709\" action=\"like\" colorscheme=\"light\" layout=\"box_count\"  size=\"small\"><\/fb:like><\/div><div class=\"fb-share-button  \" data-href=\"https:\/\/annapisze.art\/?p=2709\" data-type=\"button_count\" data-size=\"small\"><\/div><\/div>","protected":false},"excerpt":{"rendered":"<p>Jeszcze w zwi\u0105zku z wczorajszym dniem. Wr\u00f3ci\u0142am do starych zdj\u0119\u0107 i kilka wydoby\u0142am na \u015bwiat\u0142o dzienne \ud83d\ude42 Jako\u015b\u0107 jest oczywi\u015bcie fatalna, ale za to chwile uwiecznione &#8211; bezcenne. \u00a0Czy\u017c ja bym uwierzy\u0142a, \u017ce ma\u0142a Ania by\u0142a ci\u0105gle naburmuszona gdyby nie &hellip; <a href=\"https:\/\/annapisze.art\/?p=2709\">Czytaj dalej <span class=\"meta-nav\">&rarr;<\/span><\/a><\/p>\n","protected":false},"author":1,"featured_media":0,"comment_status":"open","ping_status":"open","sticky":false,"template":"","format":"standard","meta":{"footnotes":""},"categories":[8,21],"tags":[],"class_list":["post-2709","post","type-post","status-publish","format-standard","hentry","category-mysle-sobie","category-tenczynek"],"_links":{"self":[{"href":"https:\/\/annapisze.art\/index.php?rest_route=\/wp\/v2\/posts\/2709","targetHints":{"allow":["GET"]}}],"collection":[{"href":"https:\/\/annapisze.art\/index.php?rest_route=\/wp\/v2\/posts"}],"about":[{"href":"https:\/\/annapisze.art\/index.php?rest_route=\/wp\/v2\/types\/post"}],"author":[{"embeddable":true,"href":"https:\/\/annapisze.art\/index.php?rest_route=\/wp\/v2\/users\/1"}],"replies":[{"embeddable":true,"href":"https:\/\/annapisze.art\/index.php?rest_route=%2Fwp%2Fv2%2Fcomments&post=2709"}],"version-history":[{"count":1,"href":"https:\/\/annapisze.art\/index.php?rest_route=\/wp\/v2\/posts\/2709\/revisions"}],"predecessor-version":[{"id":2718,"href":"https:\/\/annapisze.art\/index.php?rest_route=\/wp\/v2\/posts\/2709\/revisions\/2718"}],"wp:attachment":[{"href":"https:\/\/annapisze.art\/index.php?rest_route=%2Fwp%2Fv2%2Fmedia&parent=2709"}],"wp:term":[{"taxonomy":"category","embeddable":true,"href":"https:\/\/annapisze.art\/index.php?rest_route=%2Fwp%2Fv2%2Fcategories&post=2709"},{"taxonomy":"post_tag","embeddable":true,"href":"https:\/\/annapisze.art\/index.php?rest_route=%2Fwp%2Fv2%2Ftags&post=2709"}],"curies":[{"name":"wp","href":"https:\/\/api.w.org\/{rel}","templated":true}]}}