{"id":2693,"date":"2020-04-17T08:51:22","date_gmt":"2020-04-17T06:51:22","guid":{"rendered":"http:\/\/annapisze.art\/?p=2693"},"modified":"2020-04-17T08:51:22","modified_gmt":"2020-04-17T06:51:22","slug":"prababcia-marianna","status":"publish","type":"post","link":"https:\/\/annapisze.art\/?p=2693","title":{"rendered":"Prababcia Marianna"},"content":{"rendered":"<p>17 kwietnia urodzi\u0142a si\u0119 moja prababcia Marianna, po m\u0119\u017cu Gody\u0144, z domu Pa\u0142k\u00f3wna. Dzi\u015b sko\u0144czy\u0142aby 145 lat, bowiem przysz\u0142a na \u015bwiat w 1875 roku. Pami\u0119tam j\u0105 jak siedzia\u0142a przed swoim domkiem rozmawiaj\u0105c z przechodz\u0105cymi s\u0105siadami. Pami\u0119tam jak nosi\u0142am jej obiad w ma\u0142ym czerwonym rondeleczku, bo babcia Stefa gotowa\u0142a tak\u017ce dla niej, na zmian\u0119 ze swoj\u0105 siostr\u0105 R\u00f3zk\u0105, \u017ceby &#8222;mamusia nie musieli si\u0119 m\u0119czy\u0107&#8221;. Pami\u0119tam jak szy\u0142a ze mn\u0105 ubranko dla mojego \u017c\u00f3\u0142tego misia, kiedy babcia sz\u0142a na jarmark w Krzeszowicach i zostawia\u0142a mnie u prababci. Pami\u0119tam jak siedz\u0105c u niej na stole (musia\u0142am by\u0107 wtedy bardzo malutk\u0105 dziewczynk\u0105) \u00a0przy oknie ogl\u0105da\u0142am kolorow\u0105, kr\u0119c\u0105c\u0105 si\u0119 gwiazd\u0119 i kol\u0119dnik\u00f3w poprzebieranych cudacznie. Pami\u0119tam jak po\u017cegna\u0142am si\u0119 z ni\u0105 wyje\u017cd\u017caj\u0105c po wakacjach i mama kaza\u0142a mi poca\u0142owa\u0107 prababci\u0119 w r\u0119k\u0119. Zapami\u0119ta\u0142am, bo by\u0142am tym zdumiona, nigdy dot\u0105d nie ca\u0142owa\u0142am nikogo w r\u0119k\u0119, ale tak zrobi\u0142am. To by\u0142o prawdziwe po\u017cegnanie jak si\u0119 okaza\u0142o. Prababcia zmar\u0142a 29 stycznia 1962 roku. Prze\u017cy\u0142a o 40 lat swego m\u0119\u017ca, kt\u00f3remu urodzi\u0142a o\u015bmioro dzieci, w tym pi\u0119\u0107 dziewczyn i trzech ch\u0142opak\u00f3w. Pradziadek Wojciech (3.04.1865 &#8211; 19.01.1922) by\u0142by dumny ze swoich dzieci, wnuk\u00f3w i prawnuk\u00f3w, teraz nawet prapra i jeszcze raz pra&#8230;wnucz\u0105t \ud83d\ude42<\/p>\n<div id=\"attachment_2694\" style=\"width: 510px\" class=\"wp-caption aligncenter\"><img loading=\"lazy\" decoding=\"async\" aria-describedby=\"caption-attachment-2694\" class=\"wp-image-2694\" src=\"https:\/\/annapisze.art\/wp-content\/uploads\/2020\/04\/20200330_105546.jpg\" alt=\"\" width=\"500\" height=\"476\" srcset=\"https:\/\/annapisze.art\/wp-content\/uploads\/2020\/04\/20200330_105546.jpg 674w, https:\/\/annapisze.art\/wp-content\/uploads\/2020\/04\/20200330_105546-300x286.jpg 300w\" sizes=\"auto, (max-width: 500px) 100vw, 500px\" \/><p id=\"caption-attachment-2694\" class=\"wp-caption-text\">Nie wiem, z kt\u00f3rego roku mo\u017ce by\u0107 to zdj\u0119cie. Prababcia z trzema c\u00f3rkami, najm\u0142odszym synem i zi\u0119ciem, nie wiem tylko czy ju\u017c z formalnym zi\u0119ciem czy dopiero ze &#8222;staraj\u0105cym si\u0119&#8221;. W ka\u017cdym razie bardzo wujka lubi\u0142am \ud83d\ude42<\/p><\/div>\n<p>Zwr\u00f3\u0107cie uwag\u0119 na przedmiot wisz\u0105cy na \u015bcianie domku. Dopiero po powi\u0119kszeniu zdj\u0119cia wypatrzy\u0142am, \u017ce to nosid\u0142a. Pami\u0119tam ludzi nosz\u0105cych wod\u0119 ze studni na \u0142\u0105ce, m\u00f3wi\u0142o si\u0119 &#8222;na pastwisku&#8221;. U babci by\u0142a w\u0142asna studnia ze \u017ar\u00f3dlan\u0105 wod\u0105. W Tenczynku wybija\u0142o du\u017co \u017ar\u00f3de\u0142ek. Opowiadano, \u017ce podczas wiercenia studni u dziadk\u00f3w na posesji woda tak gwa\u0142townie wybi\u0142a, \u017ce trzeba by\u0142o z do\u0142u ucieka\u0107 czym pr\u0119dzej. Woda w studni by\u0142a zawsze, nigdy nie wysycha\u0142a. W letnie upa\u0142y s\u0142u\u017cy\u0142a jako lod\u00f3wka (dop\u00f3ki takowy sprz\u0119t si\u0119 nie pojawi\u0142). Mama z babci\u0105 wk\u0142ada\u0142y produkty do wiadra przymocowanego do \u0142a\u0144cucha nawini\u0119tego na wa\u0142ek i kr\u0119c\u0105c korb\u0105 spuszcza\u0142y w g\u0142\u0105b studni gdzie zawsze by\u0142 ch\u0142\u00f3d.<\/p>\n<div id=\"attachment_2695\" style=\"width: 510px\" class=\"wp-caption aligncenter\"><img loading=\"lazy\" decoding=\"async\" aria-describedby=\"caption-attachment-2695\" class=\"wp-image-2695\" src=\"https:\/\/annapisze.art\/wp-content\/uploads\/2020\/04\/20200330_105115.jpg\" alt=\"\" width=\"500\" height=\"555\" srcset=\"https:\/\/annapisze.art\/wp-content\/uploads\/2020\/04\/20200330_105115.jpg 578w, https:\/\/annapisze.art\/wp-content\/uploads\/2020\/04\/20200330_105115-270x300.jpg 270w\" sizes=\"auto, (max-width: 500px) 100vw, 500px\" \/><p id=\"caption-attachment-2695\" class=\"wp-caption-text\">To zdj\u0119cie jest unikatowe &#8211; trzy pokolenia kobiet: mama, babcia i zupe\u0142nie przypadkiem &#8222;za\u0142apa\u0142a si\u0119&#8221; prababcia spogl\u0105daj\u0105ca przez okienko ganku na dwie m\u0142odsze damy \ud83d\ude42<\/p><\/div>\n<div id=\"attachment_2696\" style=\"width: 510px\" class=\"wp-caption aligncenter\"><img loading=\"lazy\" decoding=\"async\" aria-describedby=\"caption-attachment-2696\" class=\"wp-image-2696\" src=\"https:\/\/annapisze.art\/wp-content\/uploads\/2020\/04\/20200330_104902-1024x684.jpg\" alt=\"\" width=\"500\" height=\"334\" srcset=\"https:\/\/annapisze.art\/wp-content\/uploads\/2020\/04\/20200330_104902-1024x684.jpg 1024w, https:\/\/annapisze.art\/wp-content\/uploads\/2020\/04\/20200330_104902-300x200.jpg 300w, https:\/\/annapisze.art\/wp-content\/uploads\/2020\/04\/20200330_104902.jpg 1026w\" sizes=\"auto, (max-width: 500px) 100vw, 500px\" \/><p id=\"caption-attachment-2696\" class=\"wp-caption-text\">Prababcia na \u0142aweczce przed domkiem, ciocia z wnukiem i Ania trzymaj\u0105ca si\u0119 w\u00f3zka. Okropne by\u0142y te sukienki, obowi\u0105zkowo na karczku, pami\u0119tam tak\u0105 niebiesk\u0105, zielon\u0105 i r\u00f3\u017cow\u0105, i koniecznie kokardy wplecione w warkoczyki \ud83d\ude42<\/p><\/div>\n<p>Tak to si\u0119 wybra\u0142am w podr\u00f3\u017c sentymentaln\u0105 przy okazji dzisiejszej daty. Wczoraj zanurkowa\u0142am w stare fotografie i da\u0142am im nowe \u017cycie robi\u0105c zdj\u0119cia telefonem. \u00a0Troch\u0119 pod wp\u0142ywem Waszych wspomnieniowo-zdj\u0119ciowych wpis\u00f3w, a troch\u0119 pod wp\u0142ywem ksi\u0105\u017cki Stokrotki, ale o tym w nast\u0119pnym wpisie.<\/p>\n<p style=\"text-align: center;\">Trzymajcie si\u0119 zdrowo!<\/p>\n<div class=\"fcbkbttn_buttons_block\" id=\"fcbkbttn_middle\"><div class=\"fcbkbttn_like \"><fb:like href=\"https:\/\/annapisze.art\/?p=2693\" action=\"like\" colorscheme=\"light\" layout=\"box_count\"  size=\"small\"><\/fb:like><\/div><div class=\"fb-share-button  \" data-href=\"https:\/\/annapisze.art\/?p=2693\" data-type=\"button_count\" data-size=\"small\"><\/div><\/div>","protected":false},"excerpt":{"rendered":"<p>17 kwietnia urodzi\u0142a si\u0119 moja prababcia Marianna, po m\u0119\u017cu Gody\u0144, z domu Pa\u0142k\u00f3wna. Dzi\u015b sko\u0144czy\u0142aby 145 lat, bowiem przysz\u0142a na \u015bwiat w 1875 roku. Pami\u0119tam j\u0105 jak siedzia\u0142a przed swoim domkiem rozmawiaj\u0105c z przechodz\u0105cymi s\u0105siadami. Pami\u0119tam jak nosi\u0142am jej obiad &hellip; <a href=\"https:\/\/annapisze.art\/?p=2693\">Czytaj dalej <span class=\"meta-nav\">&rarr;<\/span><\/a><\/p>\n","protected":false},"author":1,"featured_media":0,"comment_status":"open","ping_status":"open","sticky":false,"template":"","format":"standard","meta":{"footnotes":""},"categories":[8,21],"tags":[],"class_list":["post-2693","post","type-post","status-publish","format-standard","hentry","category-mysle-sobie","category-tenczynek"],"_links":{"self":[{"href":"https:\/\/annapisze.art\/index.php?rest_route=\/wp\/v2\/posts\/2693","targetHints":{"allow":["GET"]}}],"collection":[{"href":"https:\/\/annapisze.art\/index.php?rest_route=\/wp\/v2\/posts"}],"about":[{"href":"https:\/\/annapisze.art\/index.php?rest_route=\/wp\/v2\/types\/post"}],"author":[{"embeddable":true,"href":"https:\/\/annapisze.art\/index.php?rest_route=\/wp\/v2\/users\/1"}],"replies":[{"embeddable":true,"href":"https:\/\/annapisze.art\/index.php?rest_route=%2Fwp%2Fv2%2Fcomments&post=2693"}],"version-history":[{"count":1,"href":"https:\/\/annapisze.art\/index.php?rest_route=\/wp\/v2\/posts\/2693\/revisions"}],"predecessor-version":[{"id":2697,"href":"https:\/\/annapisze.art\/index.php?rest_route=\/wp\/v2\/posts\/2693\/revisions\/2697"}],"wp:attachment":[{"href":"https:\/\/annapisze.art\/index.php?rest_route=%2Fwp%2Fv2%2Fmedia&parent=2693"}],"wp:term":[{"taxonomy":"category","embeddable":true,"href":"https:\/\/annapisze.art\/index.php?rest_route=%2Fwp%2Fv2%2Fcategories&post=2693"},{"taxonomy":"post_tag","embeddable":true,"href":"https:\/\/annapisze.art\/index.php?rest_route=%2Fwp%2Fv2%2Ftags&post=2693"}],"curies":[{"name":"wp","href":"https:\/\/api.w.org\/{rel}","templated":true}]}}