{"id":26,"date":"2017-03-07T09:18:55","date_gmt":"2017-03-07T08:18:55","guid":{"rendered":"http:\/\/annapisze.art\/?p=26"},"modified":"2018-02-26T09:19:25","modified_gmt":"2018-02-26T08:19:25","slug":"wosp-25-final","status":"publish","type":"post","link":"https:\/\/annapisze.art\/?p=26","title":{"rendered":"WO\u015aP 25.Fina\u0142"},"content":{"rendered":"<p>Dzisiaj Jurek Owsiak ma og\u0142osi\u0107 sum\u0119 zebran\u0105 podczas styczniowego fina\u0142u. Mam nadziej\u0119 na kolejny rekord. W fantastycznej sprawie nie maj\u0105cej sobie r\u00f3wnej na ca\u0142ym \u015bwiecie, kt\u00f3ra pokazuje, \u017ce wi\u0119kszo\u015b\u0107 z nas ma w sobie pok\u0142ady dobra. Jest to &#8222;co\u015b&#8221;, co pokonuje ma\u0142ostkowo\u015b\u0107, ma\u0142oduszno\u015b\u0107, egoizm, &#8222;tumiwisizm&#8221;, bezinteresown\u0105 agresj\u0119 i nienawi\u015b\u0107 do przedstawicieli w\u0142asnego narodu z czego nasza nacja s\u0142ynie w \u015bwiecie, warcholstwo, niszczenie wszelkiej inno\u015bci dla samej zasady tylko lub w imi\u0119 prywatnych interes\u00f3w &#8222;wybranych&#8221; z pomijaniem dobra og\u00f3\u0142u. Czyli to wszystko co wylewa si\u0119 codziennie z ekran\u00f3w telewizyjnych, krzyczy du\u017cymi literami tytu\u0142\u00f3w artyku\u0142\u00f3w w gazetach. A\u017c przychodzi dzie\u0144 taki jeden w roku gdy wyp\u0142ywa na wierzch dobro a z\u0142o przycicha. I dzieje si\u0119 tak ju\u017c od \u0107wier\u0107 wieku.<\/p>\n<p>Je\u015bli si\u0119 komu\u015b nie podoba, a takich jest niema\u0142o, c\u00f3\u017c, nie musi wrzuca\u0107 nawet jednego grosza do puszki, przecie\u017c nikt mu nie ka\u017ce. \u00a0\u00a0 I nawet mo\u017ce odm\u00f3wi\u0107 korzystania ze sprz\u0119tu z naklejonym czerwonym serduszkiem kiedy znajdzie si\u0119 w szpitalu on sam albo kto\u015b z jego bliskich, dziecko na przyk\u0142ad. Ma prawo nie korzysta\u0107.<\/p>\n<p>Orkiestra &#8222;gra\u0142a&#8221; dla \u017cycia, dla ca\u0142ego \u017cycia, od wcze\u015bniak\u00f3w do senior\u00f3w. Takie proste. Na jednej szalce wagi s\u0105 niemowlaki, na drugiej seniorzy. A w \u015brodku, pomi\u0119dzy nimi? Z czego wynika co jest w tym \u015brodku? Z gen\u00f3w, z wychowania, z otoczenia w jakim przysz\u0142o funkcjonowa\u0107, z r\u00f3\u017cnych osobistych prze\u017cy\u0107? Jak zachowa\u0107 r\u00f3wnowag\u0119 w owym \u015brodku, \u017ceby znalaz\u0142szy si\u0119 ca\u0142kowicie na szalce senior\u00f3w m\u00f3c sobie spojrze\u0107 w oczy bez wstydu i obrzydzenia? A nawet z pewn\u0105 doz\u0105 dumy powiedzie\u0107 do twarzy w lustrze: jeste\u015b ok.<\/p>\n<p>W odpowiedzi, jak na pasku informacyjnym u do\u0142u ekranu telewizora, przesuwaj\u0105 si\u0119 s\u0142owa:<em>&#8221; warto by\u0107 przyzwoitym&#8221;<\/em>.<\/p>\n<div class=\"fcbkbttn_buttons_block\" id=\"fcbkbttn_middle\"><div class=\"fcbkbttn_like \"><fb:like href=\"https:\/\/annapisze.art\/?p=26\" action=\"like\" colorscheme=\"light\" layout=\"box_count\"  size=\"small\"><\/fb:like><\/div><div class=\"fb-share-button  \" data-href=\"https:\/\/annapisze.art\/?p=26\" data-type=\"button_count\" data-size=\"small\"><\/div><\/div>","protected":false},"excerpt":{"rendered":"<p>Dzisiaj Jurek Owsiak ma og\u0142osi\u0107 sum\u0119 zebran\u0105 podczas styczniowego fina\u0142u. Mam nadziej\u0119 na kolejny rekord. W fantastycznej sprawie nie maj\u0105cej sobie r\u00f3wnej na ca\u0142ym \u015bwiecie, kt\u00f3ra pokazuje, \u017ce wi\u0119kszo\u015b\u0107 z nas ma w sobie pok\u0142ady dobra. Jest to &#8222;co\u015b&#8221;, co &hellip; <a href=\"https:\/\/annapisze.art\/?p=26\">Czytaj dalej <span class=\"meta-nav\">&rarr;<\/span><\/a><\/p>\n","protected":false},"author":1,"featured_media":0,"comment_status":"open","ping_status":"open","sticky":false,"template":"","format":"standard","meta":{"footnotes":""},"categories":[8],"tags":[],"class_list":["post-26","post","type-post","status-publish","format-standard","hentry","category-mysle-sobie"],"_links":{"self":[{"href":"https:\/\/annapisze.art\/index.php?rest_route=\/wp\/v2\/posts\/26","targetHints":{"allow":["GET"]}}],"collection":[{"href":"https:\/\/annapisze.art\/index.php?rest_route=\/wp\/v2\/posts"}],"about":[{"href":"https:\/\/annapisze.art\/index.php?rest_route=\/wp\/v2\/types\/post"}],"author":[{"embeddable":true,"href":"https:\/\/annapisze.art\/index.php?rest_route=\/wp\/v2\/users\/1"}],"replies":[{"embeddable":true,"href":"https:\/\/annapisze.art\/index.php?rest_route=%2Fwp%2Fv2%2Fcomments&post=26"}],"version-history":[{"count":1,"href":"https:\/\/annapisze.art\/index.php?rest_route=\/wp\/v2\/posts\/26\/revisions"}],"predecessor-version":[{"id":27,"href":"https:\/\/annapisze.art\/index.php?rest_route=\/wp\/v2\/posts\/26\/revisions\/27"}],"wp:attachment":[{"href":"https:\/\/annapisze.art\/index.php?rest_route=%2Fwp%2Fv2%2Fmedia&parent=26"}],"wp:term":[{"taxonomy":"category","embeddable":true,"href":"https:\/\/annapisze.art\/index.php?rest_route=%2Fwp%2Fv2%2Fcategories&post=26"},{"taxonomy":"post_tag","embeddable":true,"href":"https:\/\/annapisze.art\/index.php?rest_route=%2Fwp%2Fv2%2Ftags&post=26"}],"curies":[{"name":"wp","href":"https:\/\/api.w.org\/{rel}","templated":true}]}}