{"id":2433,"date":"2020-02-07T19:29:21","date_gmt":"2020-02-07T18:29:21","guid":{"rendered":"http:\/\/annapisze.art\/?p=2433"},"modified":"2020-02-09T17:07:58","modified_gmt":"2020-02-09T16:07:58","slug":"cukiernia-pod-amorem-i-inne-kwestie","status":"publish","type":"post","link":"https:\/\/annapisze.art\/?p=2433","title":{"rendered":"&#8222;Cukiernia Pod Amorem&#8221; i inne kwestie"},"content":{"rendered":"<p>6.02.2020<br \/>\n&#8222;Cukierni Pod Amorem&#8221; mia\u0142am do tej pory: cz.1 &#8211; &#8222;Zajezierscy&#8221;, cz.2 &#8211; &#8222;Cie\u015blakowie&#8221;, cz.3 &#8211; &#8222;Hryciowie&#8221;. Do tego powi\u0105zana &#8222;Podr\u00f3\u017c do miasta \u015bwiate\u0142&#8221; w dw\u00f3ch cz\u0119\u015bciach: 1. &#8222;R\u00f3\u017ca z Wolskich&#8221;, 2. &#8222;&#8221;Rose de Vallenrod&#8221;. Teraz dosta\u0142am 3-ci\u0105 cz\u0119\u015b\u0107 los\u00f3w Hryci\u00f3w pt. &#8222;Jedna z nas&#8221;. Umkn\u0119\u0142a mi wi\u0119c 2-ga. Dla wyja\u015bnienia &#8211; jest to cykl autorstwa Ma\u0142gorzaty Gutowskiej-Adamczyk, saga obejmuj\u0105ca losy kobiet g\u0142\u00f3wnie (ich m\u0119\u017cczyzn troch\u0119 te\u017c), od po\u0142owy XIX wieku do wsp\u00f3\u0142czesnych nam lat, ukazane na tle wielkich wydarze\u0144 historycznych. Wci\u0105ga od pocz\u0105tku, oderwa\u0107 si\u0119 od niej nie mo\u017cna i dlatego sobie &#8222;popsu\u0142am&#8221; oko, bo przecie\u017c musia\u0142am sko\u0144czy\u0107 jak zacz\u0119\u0142am. Na szcz\u0119\u015bcie jest lepiej.<\/p>\n<p>Przechodz\u0105c do nast\u0119pnej kwestii &#8211; us\u0142ysza\u0142am o propozycji p\u0142acenia za wizyt\u0119 u lekarza, na kt\u00f3r\u0105 pacjent nie przyjdzie. OK, ale &#8211; czy je\u015bli przychodnia odwo\u0142uje albo samowolnie przesuwa termin wizyty bez konsultacji z pacjentem, to ten poszkodowany pacjent dostanie<br \/>\nekwiwalent pieni\u0119\u017cny za poniesione straty? Poza tym &#8211; do recepcji cz\u0119sto nie daje si\u0119 dodzwoni\u0107. Albo nikt nie odbiera, albo wyra\u017anie s\u0142ycha\u0107, \u017ce pani podnosi s\u0142uchawk\u0119 i roz\u0142\u0105cza si\u0119, albo odk\u0142ada na bok i wtedy pacjent p\u0142aci za czekanie s\u0142uchaj\u0105c jak jedna pani opowiada drugiej pani o randce albo o te\u015bciowej&#8230; To jak odwo\u0142a\u0107 wizyt\u0119? Przyj\u015b\u0107 i powiedzie\u0107, \u017ce si\u0119 nie mo\u017ce przyj\u015b\u0107? Sama odwo\u0142uj\u0119 wizyt\u0119, je\u015bli co\u015b si\u0119 zdarzy, uwa\u017cam, \u017ce tak jest w porz\u0105dku. Natomiast zupe\u0142nie nie w porz\u0105dku jest gdy przychodnia odwo\u0142uje wizyt\u0119 i nie proponuje nowego terminu, tylko ka\u017ce dzwoni\u0107 &#8211; wtedy na ca\u0142e tygodnie i miesi\u0105ce odwleka si\u0119 kolejna wizyta, mo\u017cna jej zwyczajnie nie doczeka\u0107. I to jest obrzydliwe lekcewa\u017cenie cz\u0142owieka.<\/p>\n<p>W sprawie najwa\u017cniejszej dla nas wszystkich, kt\u00f3ra rozstrzygnie si\u0119 w maju, nie powiem nic. Szkoda mojego zdrowia, wystarczaj\u0105co dawa\u0142am si\u0119 ponosi\u0107 emocjom w owym pami\u0119tnym lipcu i potem d\u0142ugo nie mog\u0142am doj\u015b\u0107 do siebie. Nic to nie da\u0142o, wr\u0119cz z ka\u017cdym<br \/>\nmiesi\u0105cem dzieje si\u0119 coraz gorzej. Tak wi\u0119c po prostu &#8222;R\u00f3bmy swoje&#8221; jak powiedzia\u0142 Mistrz, bez niepotrzebnego marnowania energii. Co ma by\u0107 to i tak b\u0119dzie&#8230; O jednym tylko wspomn\u0119 o czym przeczyta\u0142am. Je\u015bli c\u00f3rka osoby sprawuj\u0105cej urz\u0105d ucieka z kraju za granic\u0119, to o czym\u015b \u015bwiadczy chyba. Te\u017c bym uciek\u0142a w takim przypadku, \u017ceby wstydu unikn\u0105\u0107. W Anglii nikt si\u0119 nie b\u0119dzie pyta\u0142 o rodzic\u00f3w, wi\u0119kszo\u015b\u0107 wyspiarzy w og\u00f3le o nich nie s\u0142ysza\u0142a. Tak s\u0105 zapatrzeni w swoj\u0105 wielko\u015b\u0107, \u017ce nie zauwa\u017cyli, i\u017c ju\u017c odp\u0142yn\u0119\u0142a w mroki<br \/>\nprzesz\u0142o\u015bci i po imperium zosta\u0142o wspomnienie. Do zwyk\u0142ego zjadacza chleba to nie dociera. A co si\u0119 stanie za chwil\u0119 po brexicie? Ano to, \u017ce b\u0119d\u0105 sobie w brod\u0119 plu\u0107, kiedy si\u0119 zderz\u0105 za jaki\u015b czas z brutaln\u0105 rzeczywisto\u015bci\u0105. Od kole\u017canki mieszkaj\u0105cej w Niemczech wiem,<br \/>\n\u017ce rodacy, kt\u00f3rzy nie b\u0119d\u0105 mogli zosta\u0107 w Anglii uciekaj\u0105 do Niemiec i Holandii, \u00a0i coraz tam trudniej o prac\u0119 w zwi\u0105zku z tym. Ona aktualnie te\u017c szuka.<\/p>\n<p>Troch\u0119 si\u0119 ju\u017c oswoi\u0142am z telefonem dotykowym. Na pocz\u0105tku to by\u0142o co\u015b strasznego. Gdziekolwiek dotkn\u0119\u0142am przez przypadek od razu do kogo\u015b dzwoni\u0142am! O ka\u017cdej porze dnia i nocy! Nawet gdy chcia\u0142am nad ranem wy\u0142\u0105czy\u0107 budzik w telefonie! Straszne! No ale&#8230;<br \/>\nStopniowo opanowa\u0142am podstawowe czynno\u015bci, r\u0119cznie wprowadzi\u0142am kontakty, ozdobi\u0142am zdj\u0119ciami, nauczy\u0142am si\u0119 pisa\u0107 smsy na tym nowym ustrojstwie. Nie dzia\u0142a\u0142a poczta. No to po co mi taki du\u017cy klamot je\u015bli nie mog\u0119 maila dostanego przeczyta\u0107 ani w \u00a0internet wej\u015b\u0107? W kieszeni si\u0119 toto nie mie\u015bci, zanim odbior\u0119 kiedy dzwoni to cuda na kiju musz\u0119 robi\u0107, a cz\u0119sto i tak sama roz\u0142\u0105cz\u0119 zanim uda mi si\u0119 odebra\u0107&#8230; Du\u017cy wi\u0119c co\u015b tam porobi\u0142, zresetowa\u0142, skopiowa\u0142 kontakty ze starego telefonu, kt\u00f3re gdzie\u015b tam zakotwiczy\u0142y w niewiadomym miejscu, bo najpierw by\u0142y, a teraz nie ma. \u00a0To znaczy pewnie s\u0105, tylko nie potrafi\u0119 odnale\u017a\u0107. Zn\u00f3w r\u0119cznie od pocz\u0105tku wklepywa\u0142am. No dobrze, przetrwa\u0142am ch\u0119\u0107 rzucenia tym czarnym pioru\u0144stwem o \u015bcian\u0119. Wytrzyma\u0142am, po pewnym czasie stara\u0142am si\u0119 polubi\u0107 to co\u015b&#8230; I nareszcie poczta zaskoczy\u0142a! Jest! Pierwszy raz w telefonie odczyta\u0142am maila od Ewy! Po czym &#8211; my\u015bla\u0142am, \u017ce jak skasuj\u0119 w telefonie, to w Lapciu na poczcie zostanie! Widzicie jaki g\u0142\u0105b komputerowy ze mnie? Zawsze to powtarzam. Na szcz\u0119\u015bcie wpad\u0142am na pomys\u0142, jak go odzyska\u0107. W Lapciu, nie w telefonie przecie\u017c tego dokona\u0142am. \u00a0A potem si\u0119 zdziwi\u0142am, \u017ce w telefonie znowu jest \ud83d\ude09 \u00a0Drugie &#8222;m\u0105dre&#8221; posuni\u0119cie &#8211; hi hi &#8211; z poczty w telefonie chcia\u0142am wys\u0142a\u0107 zdj\u0119cie na poczt\u0119 w Lapciu!!! I zdziwi\u0142am si\u0119, \u017ce nic z tego \ud83d\ude42 Daj ch\u0142opu zegarek to go b\u0119dzie k\u0142onic\u0105 nakr\u0119ca\u0142&#8230;<\/p>\n<div id=\"attachment_2434\" style=\"width: 410px\" class=\"wp-caption aligncenter\"><img loading=\"lazy\" decoding=\"async\" aria-describedby=\"caption-attachment-2434\" class=\"wp-image-2434\" src=\"https:\/\/annapisze.art\/wp-content\/uploads\/2020\/02\/12.01.2020-proba-618-300x169.jpg\" alt=\"\" width=\"400\" height=\"226\" srcset=\"https:\/\/annapisze.art\/wp-content\/uploads\/2020\/02\/12.01.2020-proba-618-300x169.jpg 300w, https:\/\/annapisze.art\/wp-content\/uploads\/2020\/02\/12.01.2020-proba-618-1024x578.jpg 1024w\" sizes=\"auto, (max-width: 400px) 100vw, 400px\" \/><p id=\"caption-attachment-2434\" class=\"wp-caption-text\">Skitek do mnie m\u00f3wi: cicho b\u0105d\u017a, nie widzisz, \u017ce Franek odpoczywa?<\/p><\/div>\n<p>Teraz b\u0119dzie o m\u0105dro\u015bci kota. Jak wiecie, Franu\u015b nas adoptowa\u0142 w charakterze rodziny zast\u0119pczej i kiedy aura nie sprzyja w\u0142\u00f3czeniu si\u0119 po okolicy, a jego rodziny nie ma w domu &#8211; przychodzi do nas na przek\u0105sk\u0119, drinka i odpoczynek. Najbardziej lubi spa\u0107 w fotelu w pokoju na g\u00f3rze, bo mu tam nikt nie przeszkadza, czasem \u015bpi w szafie u babci D., czasem pod sto\u0142em w swoim koszyczku wy\u015bcielonym mi\u0119kkim, we\u0142nianym szalikiem. Dzi\u015b (pisz\u0119 we czwartek) przyszed\u0142 rano, nie chcia\u0142 pocz\u0119stunku, od razu poszed\u0142 spa\u0107 na fotel. Ja pojecha\u0142am na rehabilitacj\u0119, wr\u00f3ci\u0142am, jeszcze d\u0142u\u017cszy czas spa\u0142, potem zszed\u0142, kaza\u0142 si\u0119 wypu\u015bci\u0107 na zewn\u0105trz i pobieg\u0142 za swoimi sprawami. Po obiedzie wysz\u0142am z psiepsio\u0142ami, zimno by\u0142o, wia\u0142 lodowaty wiatr, pada\u0142a marzn\u0105ca m\u017cawka. Franek wyszed\u0142 z s\u0105siedniej uliczki. Powiedzia\u0142am: Franu\u015b, id\u017a do siebie i zaczekaj. Posz\u0142am z Szilk\u0105 i Skitusiem na \u0142\u0105k\u0119, w\u0142a\u015bciwie na mokrad\u0142o, buty przemoczy\u0142am. Wracaj\u0105c o ma\u0142o nie pad\u0142am jak d\u0142uga na wysoko\u015bci Franusiowego domu, bo psiepsio\u0142y w radosnych podskokach ruszy\u0142y przed siebie po raz kolejny wita\u0107 si\u0119 z Franusiem siedz\u0105cym za bram\u0105 w\u0142asnego podw\u00f3rka. Zawsze si\u0119 tak witaj\u0105. Czasem ludzie widz\u0105cy po raz pierwszy taka scen\u0119 przystaj\u0105 i patrz\u0105 z niedowierzaniem. Powiedzia\u0142am tylko: Franek, chod\u017a z nami. Nie musia\u0142am powtarza\u0107. Wyprysn\u0105\u0142 jak strza\u0142a przeskakuj\u0105c mi\u0119dzy pr\u0119tami bramy i wyprzedzaj\u0105c nas w podskokach pierwszy dotar\u0142 pod nasze drzwi. Tak oto ca\u0142\u0105 tr\u00f3jk\u0119 przyprowadzi\u0142am do domu. Franek g\u0142odny nie by\u0142,. poszed\u0142 &#8222;do siebie&#8221; na fotel spa\u0107 dalej:)<\/p>\n<div id=\"attachment_2435\" style=\"width: 310px\" class=\"wp-caption alignleft\"><img loading=\"lazy\" decoding=\"async\" aria-describedby=\"caption-attachment-2435\" class=\"wp-image-2435 size-medium\" src=\"https:\/\/annapisze.art\/wp-content\/uploads\/2020\/02\/WP_20200131_14_23_13_Pro-300x169.jpg\" alt=\"\" width=\"300\" height=\"169\" srcset=\"https:\/\/annapisze.art\/wp-content\/uploads\/2020\/02\/WP_20200131_14_23_13_Pro-300x169.jpg 300w, https:\/\/annapisze.art\/wp-content\/uploads\/2020\/02\/WP_20200131_14_23_13_Pro-1024x577.jpg 1024w\" sizes=\"auto, (max-width: 300px) 100vw, 300px\" \/><p id=\"caption-attachment-2435\" class=\"wp-caption-text\">Jestem niczym czarna pantera&#8230;<\/p><\/div>\n<div id=\"attachment_2436\" style=\"width: 310px\" class=\"wp-caption alignright\"><img loading=\"lazy\" decoding=\"async\" aria-describedby=\"caption-attachment-2436\" class=\"wp-image-2436 size-medium\" src=\"https:\/\/annapisze.art\/wp-content\/uploads\/2020\/02\/WP_20200131_14_23_14_Pro-300x169.jpg\" alt=\"\" width=\"300\" height=\"169\" srcset=\"https:\/\/annapisze.art\/wp-content\/uploads\/2020\/02\/WP_20200131_14_23_14_Pro-300x169.jpg 300w, https:\/\/annapisze.art\/wp-content\/uploads\/2020\/02\/WP_20200131_14_23_14_Pro-1024x577.jpg 1024w\" sizes=\"auto, (max-width: 300px) 100vw, 300px\" \/><p id=\"caption-attachment-2436\" class=\"wp-caption-text\">Jestem tajemniczy&#8230;<\/p><\/div>\n<p>&nbsp;<\/p>\n<div id=\"attachment_2439\" style=\"width: 510px\" class=\"wp-caption aligncenter\"><img loading=\"lazy\" decoding=\"async\" aria-describedby=\"caption-attachment-2439\" class=\"wp-image-2439\" src=\"https:\/\/annapisze.art\/wp-content\/uploads\/2020\/02\/WP_20200207_07_57_27_Pro-4-1024x577.jpg\" alt=\"\" width=\"500\" height=\"282\" srcset=\"https:\/\/annapisze.art\/wp-content\/uploads\/2020\/02\/WP_20200207_07_57_27_Pro-4-1024x577.jpg 1024w, https:\/\/annapisze.art\/wp-content\/uploads\/2020\/02\/WP_20200207_07_57_27_Pro-4-300x169.jpg 300w\" sizes=\"auto, (max-width: 500px) 100vw, 500px\" \/><p id=\"caption-attachment-2439\" class=\"wp-caption-text\">Na tym zdj\u0119ciu wida\u0107 jak czuj\u0105 si\u0119 dobrze \u00a0w swoim towarzystwie \ud83d\ude42<\/p><\/div>\n<div id=\"attachment_2440\" style=\"width: 510px\" class=\"wp-caption aligncenter\"><img loading=\"lazy\" decoding=\"async\" aria-describedby=\"caption-attachment-2440\" class=\"wp-image-2440\" src=\"https:\/\/annapisze.art\/wp-content\/uploads\/2020\/02\/01.29r-z-samsunga-003.jpg\" alt=\"\" width=\"500\" height=\"375\" srcset=\"https:\/\/annapisze.art\/wp-content\/uploads\/2020\/02\/01.29r-z-samsunga-003.jpg 640w, https:\/\/annapisze.art\/wp-content\/uploads\/2020\/02\/01.29r-z-samsunga-003-300x225.jpg 300w\" sizes=\"auto, (max-width: 500px) 100vw, 500px\" \/><p id=\"caption-attachment-2440\" class=\"wp-caption-text\">To cudne male\u0144stwo jest nowym cz\u0142onkiem Franusiowej rodziny \ud83d\ude42<\/p><\/div>\n<div id=\"attachment_2441\" style=\"width: 510px\" class=\"wp-caption aligncenter\"><img loading=\"lazy\" decoding=\"async\" aria-describedby=\"caption-attachment-2441\" class=\"wp-image-2441\" src=\"https:\/\/annapisze.art\/wp-content\/uploads\/2020\/02\/01.29r-z-samsunga-005.jpg\" alt=\"\" width=\"500\" height=\"375\" srcset=\"https:\/\/annapisze.art\/wp-content\/uploads\/2020\/02\/01.29r-z-samsunga-005.jpg 640w, https:\/\/annapisze.art\/wp-content\/uploads\/2020\/02\/01.29r-z-samsunga-005-300x225.jpg 300w\" sizes=\"auto, (max-width: 500px) 100vw, 500px\" \/><p id=\"caption-attachment-2441\" class=\"wp-caption-text\">S\u0142odziak nad s\u0142odziaki \ud83d\ude42 \ud83d\ude42 \ud83d\ude42<\/p><\/div>\n<p>Zapomnia\u0142am doda\u0107, \u017ce autork\u0105 zdj\u0119\u0107 rudego s\u0142odziaka jest opiekunka Franusia \ud83d\ude42<\/p>\n<div class=\"fcbkbttn_buttons_block\" id=\"fcbkbttn_middle\"><div class=\"fcbkbttn_like \"><fb:like href=\"https:\/\/annapisze.art\/?p=2433\" action=\"like\" colorscheme=\"light\" layout=\"box_count\"  size=\"small\"><\/fb:like><\/div><div class=\"fb-share-button  \" data-href=\"https:\/\/annapisze.art\/?p=2433\" data-type=\"button_count\" data-size=\"small\"><\/div><\/div>","protected":false},"excerpt":{"rendered":"<p>6.02.2020 &#8222;Cukierni Pod Amorem&#8221; mia\u0142am do tej pory: cz.1 &#8211; &#8222;Zajezierscy&#8221;, cz.2 &#8211; &#8222;Cie\u015blakowie&#8221;, cz.3 &#8211; &#8222;Hryciowie&#8221;. Do tego powi\u0105zana &#8222;Podr\u00f3\u017c do miasta \u015bwiate\u0142&#8221; w dw\u00f3ch cz\u0119\u015bciach: 1. &#8222;R\u00f3\u017ca z Wolskich&#8221;, 2. &#8222;&#8221;Rose de Vallenrod&#8221;. Teraz dosta\u0142am 3-ci\u0105 cz\u0119\u015b\u0107 los\u00f3w &hellip; <a href=\"https:\/\/annapisze.art\/?p=2433\">Czytaj dalej <span class=\"meta-nav\">&rarr;<\/span><\/a><\/p>\n","protected":false},"author":1,"featured_media":0,"comment_status":"open","ping_status":"open","sticky":false,"template":"","format":"standard","meta":{"footnotes":""},"categories":[8],"tags":[],"class_list":["post-2433","post","type-post","status-publish","format-standard","hentry","category-mysle-sobie"],"_links":{"self":[{"href":"https:\/\/annapisze.art\/index.php?rest_route=\/wp\/v2\/posts\/2433","targetHints":{"allow":["GET"]}}],"collection":[{"href":"https:\/\/annapisze.art\/index.php?rest_route=\/wp\/v2\/posts"}],"about":[{"href":"https:\/\/annapisze.art\/index.php?rest_route=\/wp\/v2\/types\/post"}],"author":[{"embeddable":true,"href":"https:\/\/annapisze.art\/index.php?rest_route=\/wp\/v2\/users\/1"}],"replies":[{"embeddable":true,"href":"https:\/\/annapisze.art\/index.php?rest_route=%2Fwp%2Fv2%2Fcomments&post=2433"}],"version-history":[{"count":3,"href":"https:\/\/annapisze.art\/index.php?rest_route=\/wp\/v2\/posts\/2433\/revisions"}],"predecessor-version":[{"id":2445,"href":"https:\/\/annapisze.art\/index.php?rest_route=\/wp\/v2\/posts\/2433\/revisions\/2445"}],"wp:attachment":[{"href":"https:\/\/annapisze.art\/index.php?rest_route=%2Fwp%2Fv2%2Fmedia&parent=2433"}],"wp:term":[{"taxonomy":"category","embeddable":true,"href":"https:\/\/annapisze.art\/index.php?rest_route=%2Fwp%2Fv2%2Fcategories&post=2433"},{"taxonomy":"post_tag","embeddable":true,"href":"https:\/\/annapisze.art\/index.php?rest_route=%2Fwp%2Fv2%2Ftags&post=2433"}],"curies":[{"name":"wp","href":"https:\/\/api.w.org\/{rel}","templated":true}]}}