{"id":2427,"date":"2020-02-03T19:07:15","date_gmt":"2020-02-03T18:07:15","guid":{"rendered":"http:\/\/annapisze.art\/?p=2427"},"modified":"2020-02-04T08:31:51","modified_gmt":"2020-02-04T07:31:51","slug":"przemknely","status":"publish","type":"post","link":"https:\/\/annapisze.art\/?p=2427","title":{"rendered":"Przemkn\u0119\u0142y"},"content":{"rendered":"<p>Przemkn\u0119\u0142y dni jeden za drugim szybko, jak to ostatnio maj\u0105 we zwyczaju. Gdzie ten czas, kiedy czeka\u0142am na co\u015b i czas si\u0119 ci\u0105gn\u0105\u0142 niczym sparcia\u0142a guma \ud83d\ude09<br \/>\nW pi\u0105tek by\u0142am &#8222;na dy\u017curze&#8221; u Calineczki. Spad\u0142 pierwszy &#8211; i jak dot\u0105d jedyny &#8211; \u015bnieg tej zimy, kt\u00f3ry szybko stopnia\u0142 zamieniaj\u0105c si\u0119 w b\u0142oto po\u015bniegowe. Fatalnie si\u0119 wtedy je\u017adzi, szczeg\u00f3lnie po zapadni\u0119ciu zmroku. Ludzie poruszaj\u0105cy si\u0119 piechot\u0105 powinni zdawa\u0107 sobie<br \/>\nspraw\u0119, \u017ce w og\u00f3le ich na drodze nie wida\u0107. Naprawd\u0119 nie wida\u0107!!! A w ciemnych ubraniach, w ciemnych kapturach na g\u0142owach &#8211; to jakby ich ju\u017c na tym \u015bwiecie nie by\u0142o, gdy przyjdzie im do g\u0142owy wej\u015b\u0107 nagle na jezdni\u0119.Widzia\u0142am na w\u0142asne oczy kobiet\u0119 przechodz\u0105c\u0105 przez ulic\u0119 wpatrzon\u0105 w ekran telefonu. I nie by\u0142a to ma\u0142olata! Widzia\u0142am na<br \/>\nw\u0142asne oczy! Jak to nazwa\u0107? Skrajn\u0105 g\u0142upot\u0105? A jak si\u0119 b\u0119dzie czu\u0142 kierowca, kt\u00f3remu taka istota nagle wejdzie przed mask\u0119? Szkoda gada\u0107&#8230;<br \/>\nWracam do wnusi. Moje szkrabi\u0105tko by\u0142o grzeczne jak anio\u0142ek. Nie do wiary \ud83d\ude42 Nie poznawa\u0142am Calineczki \ud83d\ude42 Zjad\u0142a serek, zjad\u0142a omlecik, kt\u00f3ry jej usma\u017cy\u0142am, nak\u0142ada\u0142a sobie miodek na pokrojone kawa\u0142ki i jad\u0142a bez protestu \ud83d\ude42 \u00a0Co chwil\u0119 kaza\u0142a stawia\u0107 si\u0119 na parapecie i pokazywa\u0142a na \u015bnieg, najwyra\u017aniej by\u0142a nim zafascynowana. Potem usn\u0119\u0142a bez oporu przytulona do babci Ani \ud83d\ude42 \u00a0A najwa\u017cniejsze &#8211; powiedzia\u0142a po raz pierwszy nie &#8222;baba&#8221; lecz &#8222;babcia&#8221; \ud83d\ude42 \ud83d\ude42 \ud83d\ude42<br \/>\nW sobot\u0119 poza wszystkimi normalnymi czynno\u015bciami typu zakupy, pranie, prasowanie, gotowanie, pieczenie &#8211; w weekendy mamy ta\u0144szy pr\u0105d &#8211; przeczyta\u0142am kolejny tom &#8222;Cukierni pod Amorem&#8221;, kt\u00f3ry dosta\u0142am od M\u0119\u017ca. Przy okazji spostrzeg\u0142am, \u017ce umkn\u0105\u0142 mi jeden, musz\u0119 go poszuka\u0107.\u00a0Sko\u0144czy\u0142am oczywi\u015bcie, ale moje oczy stwierdzi\u0142y, \u017ce przesadzam, \u017ce ju\u017c nie te lata, kiedy mog\u0142am czyta\u0107 ponad 500 stron w jeden dzie\u0144.<br \/>\nW zwi\u0105zku z tym w niedziel\u0119 obudzi\u0142am si\u0119 z b\u00f3lem lewego oka, szczeg\u00f3lnie odczuwanym podczas mrugania. Ale dopiero po powrocie z porannego (cho\u0107 ciemno jeszcze by\u0142o) spaceru z psiepsio\u0142ami spojrza\u0142am w lustro i zobaczy\u0142am, \u017ce mam czerwone oko (bia\u0142ko). Szkoda, \u017ce nie by\u0142o castingu na wampira, za\u0142apa\u0142abym si\u0119 jak nic!<br \/>\nNiedziela by\u0142a brzydka, pada\u0142 deszcz, wi\u0119c ca\u0142e szcz\u0119\u015bcie, \u017ce rano zrobi\u0142am psiepsio\u0142om porz\u0105dny spacer, przeszli\u015bmy szmat drogi. Potem ju\u017c tylko by\u0142 szybki wyskok do &#8222;toalety&#8221; i po spacerze. Oko mnie bola\u0142o, mia\u0142am problem z patrzeniem w komputer, w telewizor zreszt\u0105 te\u017c.<br \/>\nW poniedzia\u0142ek, czyli dzi\u015b, by\u0142am na pierwszej rehabilitacji. Licz\u0119 na to, \u017ce cho\u0107 troch\u0119 przyniesie ulg\u0119 memu zm\u0119czonemu kr\u0119gos\u0142upowi. Oko ciut mniej boli, stosuj\u0119 \u017cel, przemywam rumiankiem i mam nadziej\u0119 na popraw\u0119. Mam te\u017c nadziej\u0119, \u017ce to tylko przem\u0119czenie. Zdecydowanie pora zwolni\u0107. A tyle jeszcze chcia\u0142abym przeczyta\u0107, zobaczy\u0107, pozna\u0107&#8230; \u00a0Brak mi czasu, \u017ceby poma\u0142u, na spokojnie bywa\u0107 na Waszych blogach, prze\u017cywa\u0107&#8217; odczuwa\u0107 Wasze \u00a0wpisy. Wiecznie si\u0119 spiesz\u0119, lec\u0119 jak pedolino, a powinnam jak lokomotywa parowa. Por\u00f3wnanie st\u0105d, \u017ce wczoraj widzia\u0142am (drugim okiem) fragment programu o poci\u0105gach, \u0142adna pani maszynistka prowadzi\u0142a poci\u0105g, a starsi panowie z<br \/>\nmi\u0142o\u015bci\u0105 si\u0119 odnosili do starej lokomotywy na par\u0119. Tak w og\u00f3le to boj\u0119 si\u0119 poci\u0105g\u00f3w i wszystkiego co pe\u0142znie po szynach.<\/p>\n<p>Dobrego tygodnia \u017cycz\u0119 bez wzgl\u0119du na zawirowania na \u015bwiecie \ud83d\ude42<\/p>\n<div id=\"attachment_2429\" style=\"width: 288px\" class=\"wp-caption aligncenter\"><img loading=\"lazy\" decoding=\"async\" aria-describedby=\"caption-attachment-2429\" class=\"wp-image-2429 size-medium\" src=\"https:\/\/annapisze.art\/wp-content\/uploads\/2020\/02\/WP_20200129_14_39_21_Pro-2-1-278x300.jpg\" alt=\"\" width=\"278\" height=\"300\" srcset=\"https:\/\/annapisze.art\/wp-content\/uploads\/2020\/02\/WP_20200129_14_39_21_Pro-2-1-278x300.jpg 278w, https:\/\/annapisze.art\/wp-content\/uploads\/2020\/02\/WP_20200129_14_39_21_Pro-2-1-947x1024.jpg 947w, https:\/\/annapisze.art\/wp-content\/uploads\/2020\/02\/WP_20200129_14_39_21_Pro-2-1.jpg 1840w\" sizes=\"auto, (max-width: 278px) 100vw, 278px\" \/><p id=\"caption-attachment-2429\" class=\"wp-caption-text\">Pierwszy \u015bnieg na Ursynowie<\/p><\/div>\n<p><img loading=\"lazy\" decoding=\"async\" class=\"aligncenter size-large wp-image-2430\" src=\"https:\/\/annapisze.art\/wp-content\/uploads\/2020\/02\/WP_20200129_14_39_16_Pro-2-1024x577.jpg\" alt=\"\" width=\"640\" height=\"361\" srcset=\"https:\/\/annapisze.art\/wp-content\/uploads\/2020\/02\/WP_20200129_14_39_16_Pro-2-1024x577.jpg 1024w, https:\/\/annapisze.art\/wp-content\/uploads\/2020\/02\/WP_20200129_14_39_16_Pro-2-300x169.jpg 300w\" sizes=\"auto, (max-width: 640px) 100vw, 640px\" \/><\/p>\n<p>&nbsp;<\/p>\n<div class=\"fcbkbttn_buttons_block\" id=\"fcbkbttn_middle\"><div class=\"fcbkbttn_like \"><fb:like href=\"https:\/\/annapisze.art\/?p=2427\" action=\"like\" colorscheme=\"light\" layout=\"box_count\"  size=\"small\"><\/fb:like><\/div><div class=\"fb-share-button  \" data-href=\"https:\/\/annapisze.art\/?p=2427\" data-type=\"button_count\" data-size=\"small\"><\/div><\/div>","protected":false},"excerpt":{"rendered":"<p>Przemkn\u0119\u0142y dni jeden za drugim szybko, jak to ostatnio maj\u0105 we zwyczaju. Gdzie ten czas, kiedy czeka\u0142am na co\u015b i czas si\u0119 ci\u0105gn\u0105\u0142 niczym sparcia\u0142a guma \ud83d\ude09 W pi\u0105tek by\u0142am &#8222;na dy\u017curze&#8221; u Calineczki. Spad\u0142 pierwszy &#8211; i jak dot\u0105d &hellip; <a href=\"https:\/\/annapisze.art\/?p=2427\">Czytaj dalej <span class=\"meta-nav\">&rarr;<\/span><\/a><\/p>\n","protected":false},"author":1,"featured_media":0,"comment_status":"open","ping_status":"open","sticky":false,"template":"","format":"standard","meta":{"footnotes":""},"categories":[8],"tags":[],"class_list":["post-2427","post","type-post","status-publish","format-standard","hentry","category-mysle-sobie"],"_links":{"self":[{"href":"https:\/\/annapisze.art\/index.php?rest_route=\/wp\/v2\/posts\/2427","targetHints":{"allow":["GET"]}}],"collection":[{"href":"https:\/\/annapisze.art\/index.php?rest_route=\/wp\/v2\/posts"}],"about":[{"href":"https:\/\/annapisze.art\/index.php?rest_route=\/wp\/v2\/types\/post"}],"author":[{"embeddable":true,"href":"https:\/\/annapisze.art\/index.php?rest_route=\/wp\/v2\/users\/1"}],"replies":[{"embeddable":true,"href":"https:\/\/annapisze.art\/index.php?rest_route=%2Fwp%2Fv2%2Fcomments&post=2427"}],"version-history":[{"count":2,"href":"https:\/\/annapisze.art\/index.php?rest_route=\/wp\/v2\/posts\/2427\/revisions"}],"predecessor-version":[{"id":2432,"href":"https:\/\/annapisze.art\/index.php?rest_route=\/wp\/v2\/posts\/2427\/revisions\/2432"}],"wp:attachment":[{"href":"https:\/\/annapisze.art\/index.php?rest_route=%2Fwp%2Fv2%2Fmedia&parent=2427"}],"wp:term":[{"taxonomy":"category","embeddable":true,"href":"https:\/\/annapisze.art\/index.php?rest_route=%2Fwp%2Fv2%2Fcategories&post=2427"},{"taxonomy":"post_tag","embeddable":true,"href":"https:\/\/annapisze.art\/index.php?rest_route=%2Fwp%2Fv2%2Ftags&post=2427"}],"curies":[{"name":"wp","href":"https:\/\/api.w.org\/{rel}","templated":true}]}}