{"id":2118,"date":"2019-11-04T10:55:08","date_gmt":"2019-11-04T09:55:08","guid":{"rendered":"http:\/\/annapisze.art\/?p=2118"},"modified":"2020-06-06T07:16:36","modified_gmt":"2020-06-06T05:16:36","slug":"milioner-z-januszem-gajosem-w-roli-tytulowej","status":"publish","type":"post","link":"https:\/\/annapisze.art\/?p=2118","title":{"rendered":"&#8222;Milioner&#8221; z Januszem Gajosem w roli tytu\u0142owej"},"content":{"rendered":"<p>W sobot\u0119 trafi\u0142am przypadkiem na film z Januszem Gajosem, film, kt\u00f3rego nie nie widzia\u0142am wcze\u015bniej. Chyba nie widzia\u0142am. W ka\u017cdym razie nie pami\u0119tam. By\u0107 mo\u017ce nie zanotowa\u0142am w pami\u0119ci bo mnie nie zainteresowa\u0142, tematyka wtedy by\u0142a odleg\u0142a&#8230; Mog\u0142o tak by\u0107. W sobot\u0119 obejrza\u0142am (nie od samego pocz\u0105tku) okiem osoby dojrza\u0142ej i do\u015bwiadczonej, kt\u00f3ra prze\u017cy\u0142a kilkadziesi\u0105t lat w tym kraju. Pewnie dlatego zrobi\u0142 na mnie potwornie przygn\u0119biaj\u0105ce wra\u017cenie.<br \/>\nBohater grany przez Gajosa, mieszkaniec wsi, wygra\u0142 milion w totka. Wie\u015b\u0107 si\u0119 roznosi i wtedy wychodzi na jaw ca\u0142y nasz polski charakter, najgorsze cechy jakie mamy jako zbiorowo\u015b\u0107, ca\u0142o\u015b\u0107. Nie m\u00f3wi\u0119 &#8222;nar\u00f3d&#8221; ani &#8222;spo\u0142ecze\u0144stwo&#8221; bo to okre\u015blenia zupe\u0142nie nie na miejscu.<br \/>\nCa\u0142a wie\u015b z bezinteresownej zazdro\u015bci i zawi\u015bci zn\u0119ca si\u0119 nad bohaterem, bo mu si\u0119 poszcz\u0119\u015bci\u0142o. A w naszym grajdo\u0142ku nie lubimy tych, kt\u00f3rym jest lepiej, prawda? Dotyka to oczywi\u015bcie ca\u0142\u0105 rodzin\u0119, \u017con\u0119 i matk\u0119, dotyka bardzo bole\u015bnie. W skr\u00f3cie &#8211; wsp\u00f3\u0142mieszka\u0144cy podpalaj\u0105 budynki gospodarcze, truj\u0105 kury, martw\u0105 wron\u0119 wrzucaj\u0105 przez okno t\u0142uk\u0105c szyby, zabijaj\u0105 psa, topi\u0105 krowy wp\u0119dzaj\u0105c nieszcz\u0119sne stworzenia do jeziora. Matka umiera nie wytrzymuj\u0105c tego maltretowania psychicznego i fizycznego cho\u0107 mocn\u0105, siln\u0105 kobiet\u0105 by\u0142a po prze\u017cyciu przesiedlenia zza Buga. Teraz nie wytrzyma\u0142a starcia ze wsp\u00f3\u0142plemie\u0144cami&#8230;<br \/>\nObraz jest tak smutny, tak przygn\u0119biaj\u0105cy, \u017ce do tej pory nie mog\u0119 si\u0119 otrz\u0105sn\u0105\u0107. To taka Polska z koszmaru, z najciemniejszego snu. C\u00f3\u017c z tego, \u017ce nie inni mieszka\u0144cy wsi wygrali ten milion tylko J\u00f3zek? Jak si\u0119 nie podzieli, to niech zdycha, on, jego dobytek i familia bo IM SI\u0118 PO PROSTU NALE\u017bY!!!<br \/>\nTa wie\u015b &#8211; to takie symboliczne pokazanie mentalno\u015bci cz\u0119\u015bci mieszka\u0144c\u00f3w naszego pi\u0119knego kraju. Z przera\u017ceniem stwierdzi\u0142am, \u017ce\u00a0nic si\u0119 nie zmieni\u0142o przez 42 lata (film jest z 1977 roku, \u00a0kiedy prezespan m\u0142ody by\u0142 i pisu nie mia\u0142, mo\u017ce jedynie sny o w\u0142adzy absolutnej \u015bni\u0142). Przedstawiony jest bardzo wyra\u017anie negatywny bohater zbiorowy, \u00a0ju\u017c wtedy zdiagnozowany, \u00a0odwieczny taki &#8222;ju\u017c katolik a jeszcze nie chrze\u015bcijanin&#8221;, kt\u00f3ry ma przed sob\u0105 ogromn\u0105, bardzo d\u0142ug\u0105 i dalek\u0105 drog\u0119 rozwoju, nauki, zmiany spojrzenia na \u015bwiat, siebie i innych ludzi aby wyj\u015b\u0107 z mrok\u00f3w \u015bredniowiecza i dotrze\u0107 tak naprawd\u0119 do XXI wieku. Tylko, czy to si\u0119 uda? Ile pokole\u0144 nam potrzeba jeszcze, \u017ceby z tej ciemnoty, ko\u0142tu\u0144stwa i zacofania wyj\u015b\u0107? Czuj\u0119 si\u0119 okrutnie przybita i zdo\u0142owana. Jedyn\u0105 nadziej\u0105 wydaje mi si\u0119 jak najszersze otwarcie na \u015bwiat, kontakty m\u0142odych ludzi z cywilizacj\u0105 europejsk\u0105, wykszta\u0142cenie og\u00f3lne na wysokim poziomie&#8230; oj, dolo &#8230;.<\/p>\n<p>Mo\u017ce podczas galopady my\u015bli i uczu\u0107 dobrze jest zatrzyma\u0107 si\u0119, spojrze\u0107 na co\u015b starego, wiecznego, trwa\u0142ego co pozwoli z mroku wydoby\u0107 nadziej\u0119 na \u015bwiate\u0142ko? Dop\u00f3ki \u017cy\u0142a babcia takim miejscem odnowy i regeneracji by\u0142 dla mnie Tenczynek.<\/p>\n<div id=\"attachment_2119\" style=\"width: 650px\" class=\"wp-caption aligncenter\"><img loading=\"lazy\" decoding=\"async\" aria-describedby=\"caption-attachment-2119\" class=\"wp-image-2119 size-large\" src=\"https:\/\/annapisze.art\/wp-content\/uploads\/2019\/11\/100_5624-1024x771.jpg\" alt=\"\" width=\"640\" height=\"482\" srcset=\"https:\/\/annapisze.art\/wp-content\/uploads\/2019\/11\/100_5624-1024x771.jpg 1024w, https:\/\/annapisze.art\/wp-content\/uploads\/2019\/11\/100_5624-300x226.jpg 300w\" sizes=\"auto, (max-width: 640px) 100vw, 640px\" \/><p id=\"caption-attachment-2119\" class=\"wp-caption-text\">Widok starej tenczy\u0144skiej dzwonnicy od strony budynku plebanii<\/p><\/div>\n<div id=\"attachment_2120\" style=\"width: 650px\" class=\"wp-caption aligncenter\"><img loading=\"lazy\" decoding=\"async\" aria-describedby=\"caption-attachment-2120\" class=\"wp-image-2120 size-large\" src=\"https:\/\/annapisze.art\/wp-content\/uploads\/2019\/11\/100_5627-1024x771.jpg\" alt=\"\" width=\"640\" height=\"482\" srcset=\"https:\/\/annapisze.art\/wp-content\/uploads\/2019\/11\/100_5627-1024x771.jpg 1024w, https:\/\/annapisze.art\/wp-content\/uploads\/2019\/11\/100_5627-300x226.jpg 300w\" sizes=\"auto, (max-width: 640px) 100vw, 640px\" \/><p id=\"caption-attachment-2120\" class=\"wp-caption-text\">Zabytkowa dzwonnica i pi\u0119kny kamienny mur po lewej, a na wprost widoczne w oddali ruiny zamku Tenczyn<\/p><\/div>\n<div class=\"fcbkbttn_buttons_block\" id=\"fcbkbttn_middle\"><div class=\"fcbkbttn_like \"><fb:like href=\"https:\/\/annapisze.art\/?p=2118\" action=\"like\" colorscheme=\"light\" layout=\"box_count\"  size=\"small\"><\/fb:like><\/div><div class=\"fb-share-button  \" data-href=\"https:\/\/annapisze.art\/?p=2118\" data-type=\"button_count\" data-size=\"small\"><\/div><\/div>","protected":false},"excerpt":{"rendered":"<p>W sobot\u0119 trafi\u0142am przypadkiem na film z Januszem Gajosem, film, kt\u00f3rego nie nie widzia\u0142am wcze\u015bniej. Chyba nie widzia\u0142am. W ka\u017cdym razie nie pami\u0119tam. By\u0107 mo\u017ce nie zanotowa\u0142am w pami\u0119ci bo mnie nie zainteresowa\u0142, tematyka wtedy by\u0142a odleg\u0142a&#8230; Mog\u0142o tak by\u0107. &hellip; <a href=\"https:\/\/annapisze.art\/?p=2118\">Czytaj dalej <span class=\"meta-nav\">&rarr;<\/span><\/a><\/p>\n","protected":false},"author":1,"featured_media":0,"comment_status":"open","ping_status":"open","sticky":false,"template":"","format":"standard","meta":{"footnotes":""},"categories":[8,21],"tags":[],"class_list":["post-2118","post","type-post","status-publish","format-standard","hentry","category-mysle-sobie","category-tenczynek"],"_links":{"self":[{"href":"https:\/\/annapisze.art\/index.php?rest_route=\/wp\/v2\/posts\/2118","targetHints":{"allow":["GET"]}}],"collection":[{"href":"https:\/\/annapisze.art\/index.php?rest_route=\/wp\/v2\/posts"}],"about":[{"href":"https:\/\/annapisze.art\/index.php?rest_route=\/wp\/v2\/types\/post"}],"author":[{"embeddable":true,"href":"https:\/\/annapisze.art\/index.php?rest_route=\/wp\/v2\/users\/1"}],"replies":[{"embeddable":true,"href":"https:\/\/annapisze.art\/index.php?rest_route=%2Fwp%2Fv2%2Fcomments&post=2118"}],"version-history":[{"count":2,"href":"https:\/\/annapisze.art\/index.php?rest_route=\/wp\/v2\/posts\/2118\/revisions"}],"predecessor-version":[{"id":2126,"href":"https:\/\/annapisze.art\/index.php?rest_route=\/wp\/v2\/posts\/2118\/revisions\/2126"}],"wp:attachment":[{"href":"https:\/\/annapisze.art\/index.php?rest_route=%2Fwp%2Fv2%2Fmedia&parent=2118"}],"wp:term":[{"taxonomy":"category","embeddable":true,"href":"https:\/\/annapisze.art\/index.php?rest_route=%2Fwp%2Fv2%2Fcategories&post=2118"},{"taxonomy":"post_tag","embeddable":true,"href":"https:\/\/annapisze.art\/index.php?rest_route=%2Fwp%2Fv2%2Ftags&post=2118"}],"curies":[{"name":"wp","href":"https:\/\/api.w.org\/{rel}","templated":true}]}}