{"id":2112,"date":"2019-10-31T22:29:53","date_gmt":"2019-10-31T21:29:53","guid":{"rendered":"http:\/\/annapisze.art\/?p=2112"},"modified":"2019-11-09T19:08:04","modified_gmt":"2019-11-09T18:08:04","slug":"dzien-pamieci","status":"publish","type":"post","link":"https:\/\/annapisze.art\/?p=2112","title":{"rendered":"Dzie\u0144 pami\u0119ci"},"content":{"rendered":"<p>Jak co roku o tej porze nachodz\u0105 nas my\u015bli pe\u0142ne zadumy, zamy\u015blenia, t\u0119sknoty&#8230; My\u015blimy o Bliskich b\u0119d\u0105cych ju\u017c za T\u0119czowym Mostem, o znajomych, o nieznajomych lecz znanych. Mnie np wci\u0105\u017c trudno uwierzy\u0107, \u017ce Zbyszek Wodecki \u015bpiewa po tej stronie Mostu, po kt\u00f3rej s\u0105 ju\u017c moi Dziadkowie, Rodzice, Siostra i wielu innych cz\u0142onk\u00f3w rodziny&#8230;<br \/>\nPogoda sprzyja\u0142a wyprawom do nekropolii, przynajmniej u nas tak si\u0119 dzi\u015b zdarzy\u0142o. Mimo porannego ch\u0142odu dzie\u0144 by\u0142 pi\u0119kny, s\u0142oneczny, temperatura si\u0119 podnios\u0142a i obesz\u0142o si\u0119 bez grubych kurtek. Wystarczy\u0142a bluza z ocieplan\u0105 kamizelk\u0105 co nie utrudnia\u0142o ruch\u00f3w na cmentarzu. Ludzi mn\u00f3stwo, samochod\u00f3w niemo\u017cliwa ilo\u015b\u0107 kr\u0119c\u0105cych si\u0119 bez mo\u017cliwo\u015bci zaparkowania. Ciekawa jestem jak b\u0119dzie jutro ko\u0142o mojego osiedla. Po remoncie drogi ustawiono barierki oddzielaj\u0105ce od siebie pasy ruchu, uniemo\u017cliwiaj\u0105ce przej\u015bcie przez jezdni\u0119 w miejscu niedozwolonym. I bardzo dobrze, jestem za. Jednak podczas zwi\u0119kszonego ruchu wok\u00f3\u0142 cmentarza tworzy si\u0119 \u00a0zapora nie do przebycia. Starsze osoby czy niepe\u0142nosprawne ruchowo maj\u0105 do przej\u015bcia bardzo d\u0142ugi odcinek, aby dotrze\u0107 do bramy czy do bocznej furtki, a potem jeszcze kawa\u0142 drogi bo cmentarz du\u017cy. W zesz\u0142ym roku a\u017c przykro by\u0142o na to patrze\u0107. Oka\u017ce si\u0119 jutro czy kto\u015b w\u0142adny ruszy\u0142 g\u0142ow\u0105 i ka\u017cdy b\u0119dzie m\u00f3g\u0142 odwiedzi\u0107 swoich Bliskich w tym szczeg\u00f3lnym dniu.<br \/>\nWspomn\u0119 przy okazji jutrzejszego dnia Wszystkich \u015awi\u0119tych , \u017ce w Szczawnicy istnieje stary cmentarz usytuowany w samym centrum miasteczka, za\u0142o\u017cony w latach trzydziestych XIX wieku. Teraz jest zamkni\u0119ty, mo\u017cna go ogl\u0105da\u0107 przez ogrodzenie. Nam jeszcze dane by\u0142o wej\u015b\u0107 na teren i na podstawie napis\u00f3w na niekt\u00f3rych zachowanych zabytkowych nagrobkach doszli\u015bmy do wniosku, \u017ce s\u0142u\u017cy\u0142 g\u0142\u00f3wnie za miejsce<br \/>\npoch\u00f3wku kuracjuszy, kt\u00f3rym nie uda\u0142o si\u0119 odzyska\u0107 zdrowia i pozostali tu na zawsze cho\u0107 pochodzili nawet z bardzo odleg\u0142ych stron. W roku 1870 zosta\u0142a tu zbudowana kaplica neogotycka, w kt\u00f3rej spoczywaj\u0105 zmarli w Szczawnicy cz\u0142onkowie rodziny Szalay\u00f3w. Fundatorem by\u0142 J\u00f3zef Szalay.<\/p>\n<p><img loading=\"lazy\" decoding=\"async\" class=\"aligncenter size-large wp-image-2113\" src=\"https:\/\/annapisze.art\/wp-content\/uploads\/2019\/10\/drugie-wej\u015bcie-szczawn-019-281-1024x577.jpg\" alt=\"\" width=\"640\" height=\"361\" srcset=\"https:\/\/annapisze.art\/wp-content\/uploads\/2019\/10\/drugie-wej\u015bcie-szczawn-019-281-1024x577.jpg 1024w, https:\/\/annapisze.art\/wp-content\/uploads\/2019\/10\/drugie-wej\u015bcie-szczawn-019-281-300x169.jpg 300w\" sizes=\"auto, (max-width: 640px) 100vw, 640px\" \/><\/p>\n<p><img loading=\"lazy\" decoding=\"async\" class=\"aligncenter size-large wp-image-2114\" src=\"https:\/\/annapisze.art\/wp-content\/uploads\/2019\/10\/100_0047-1024x771.jpg\" alt=\"\" width=\"640\" height=\"482\" srcset=\"https:\/\/annapisze.art\/wp-content\/uploads\/2019\/10\/100_0047-1024x771.jpg 1024w, https:\/\/annapisze.art\/wp-content\/uploads\/2019\/10\/100_0047-300x226.jpg 300w\" sizes=\"auto, (max-width: 640px) 100vw, 640px\" \/><\/p>\n<p>Przewiduj\u0105c wieczorne odwiedziny &#8222;strasznych przebiera\u0144c\u00f3w&#8221; zaopatrzy\u0142am si\u0119 w spor\u0105 ilo\u015b\u0107 cukierk\u00f3w, \u017ceby \u00a0nie zabrak\u0142o. \u00a0Tym razem zosta\u0142o sporo dla babci D., kt\u00f3ra cukierki poch\u0142ania z rozkosz\u0105, pojawi\u0142y si\u0119 tylko trzy niezbyt liczne grupki. W zesz\u0142ym roku dzieciak\u00f3w by\u0142o o wiele, wiele wi\u0119cej.<\/p>\n<div id=\"attachment_2115\" style=\"width: 650px\" class=\"wp-caption aligncenter\"><img loading=\"lazy\" decoding=\"async\" aria-describedby=\"caption-attachment-2115\" class=\"wp-image-2115 size-large\" src=\"https:\/\/annapisze.art\/wp-content\/uploads\/2019\/10\/P5250084-766x1024.jpg\" alt=\"\" width=\"640\" height=\"856\" srcset=\"https:\/\/annapisze.art\/wp-content\/uploads\/2019\/10\/P5250084-766x1024.jpg 766w, https:\/\/annapisze.art\/wp-content\/uploads\/2019\/10\/P5250084-224x300.jpg 224w, https:\/\/annapisze.art\/wp-content\/uploads\/2019\/10\/P5250084.jpg 1712w\" sizes=\"auto, (max-width: 640px) 100vw, 640px\" \/><p id=\"caption-attachment-2115\" class=\"wp-caption-text\">Na cmentarzu w Tenczynku sta\u0142 dawno temu na postumencie anio\u0142ek, kt\u00f3remu wk\u0142ada\u0142am w r\u0105czki kwiatki, kiedy z babci\u0105 tam przychodzi\u0142am. Anio\u0142ka ju\u017c nie spotka\u0142am, jest za to pi\u0119kna posta\u0107 widoczna z daleka<\/p><\/div>\n<p>Mg\u0142a, szeleszcz\u0105ce li\u015bcie za\u015bcielaj\u0105ce \u015bcie\u017cki, mrugaj\u0105ce \u015bwiate\u0142ka zniczy, zapach zapalonych \u015bwiec unosz\u0105cy si\u0119 w powietrzu i nastr\u00f3j zadumy&#8230; to atrybuty jutrzejszego dnia, dnia pami\u0119ci&#8230;<\/p>\n<div class=\"fcbkbttn_buttons_block\" id=\"fcbkbttn_middle\"><div class=\"fcbkbttn_like \"><fb:like href=\"https:\/\/annapisze.art\/?p=2112\" action=\"like\" colorscheme=\"light\" layout=\"box_count\"  size=\"small\"><\/fb:like><\/div><div class=\"fb-share-button  \" data-href=\"https:\/\/annapisze.art\/?p=2112\" data-type=\"button_count\" data-size=\"small\"><\/div><\/div>","protected":false},"excerpt":{"rendered":"<p>Jak co roku o tej porze nachodz\u0105 nas my\u015bli pe\u0142ne zadumy, zamy\u015blenia, t\u0119sknoty&#8230; My\u015blimy o Bliskich b\u0119d\u0105cych ju\u017c za T\u0119czowym Mostem, o znajomych, o nieznajomych lecz znanych. Mnie np wci\u0105\u017c trudno uwierzy\u0107, \u017ce Zbyszek Wodecki \u015bpiewa po tej stronie Mostu, &hellip; <a href=\"https:\/\/annapisze.art\/?p=2112\">Czytaj dalej <span class=\"meta-nav\">&rarr;<\/span><\/a><\/p>\n","protected":false},"author":1,"featured_media":0,"comment_status":"open","ping_status":"open","sticky":false,"template":"","format":"standard","meta":{"footnotes":""},"categories":[8,20,21],"tags":[],"class_list":["post-2112","post","type-post","status-publish","format-standard","hentry","category-mysle-sobie","category-szczawnica","category-tenczynek"],"_links":{"self":[{"href":"https:\/\/annapisze.art\/index.php?rest_route=\/wp\/v2\/posts\/2112","targetHints":{"allow":["GET"]}}],"collection":[{"href":"https:\/\/annapisze.art\/index.php?rest_route=\/wp\/v2\/posts"}],"about":[{"href":"https:\/\/annapisze.art\/index.php?rest_route=\/wp\/v2\/types\/post"}],"author":[{"embeddable":true,"href":"https:\/\/annapisze.art\/index.php?rest_route=\/wp\/v2\/users\/1"}],"replies":[{"embeddable":true,"href":"https:\/\/annapisze.art\/index.php?rest_route=%2Fwp%2Fv2%2Fcomments&post=2112"}],"version-history":[{"count":1,"href":"https:\/\/annapisze.art\/index.php?rest_route=\/wp\/v2\/posts\/2112\/revisions"}],"predecessor-version":[{"id":2116,"href":"https:\/\/annapisze.art\/index.php?rest_route=\/wp\/v2\/posts\/2112\/revisions\/2116"}],"wp:attachment":[{"href":"https:\/\/annapisze.art\/index.php?rest_route=%2Fwp%2Fv2%2Fmedia&parent=2112"}],"wp:term":[{"taxonomy":"category","embeddable":true,"href":"https:\/\/annapisze.art\/index.php?rest_route=%2Fwp%2Fv2%2Fcategories&post=2112"},{"taxonomy":"post_tag","embeddable":true,"href":"https:\/\/annapisze.art\/index.php?rest_route=%2Fwp%2Fv2%2Ftags&post=2112"}],"curies":[{"name":"wp","href":"https:\/\/api.w.org\/{rel}","templated":true}]}}