{"id":2014,"date":"2019-10-04T09:07:23","date_gmt":"2019-10-04T07:07:23","guid":{"rendered":"http:\/\/annapisze.art\/?p=2014"},"modified":"2019-10-22T07:32:50","modified_gmt":"2019-10-22T05:32:50","slug":"kwiatki-dla-ewy","status":"publish","type":"post","link":"https:\/\/annapisze.art\/?p=2014","title":{"rendered":"Kwiatki dla Ewy :)"},"content":{"rendered":"<p>Poniewa\u017c Ewa- \u015amieszka mia\u0142a urodziny, o czym wcze\u015bniej nie wiedzia\u0142am, z najlepszymi \u017cyczeniami dla niej kwiatki dzisiaj s\u0105 \ud83d\ude42<\/p>\n<p style=\"text-align: center;\">Ewciu!!!<\/p>\n<div id=\"attachment_2015\" style=\"width: 650px\" class=\"wp-caption aligncenter\"><img loading=\"lazy\" decoding=\"async\" aria-describedby=\"caption-attachment-2015\" class=\"wp-image-2015 size-large\" src=\"https:\/\/annapisze.art\/wp-content\/uploads\/2019\/10\/100_6931-1024x771.jpg\" alt=\"\" width=\"640\" height=\"482\" srcset=\"https:\/\/annapisze.art\/wp-content\/uploads\/2019\/10\/100_6931-1024x771.jpg 1024w, https:\/\/annapisze.art\/wp-content\/uploads\/2019\/10\/100_6931-300x226.jpg 300w\" sizes=\"auto, (max-width: 640px) 100vw, 640px\" \/><p id=\"caption-attachment-2015\" class=\"wp-caption-text\">Sto lat w zdrowiu, szcz\u0119\u015bciu i rado\u015bci bez smutk\u00f3w \u017cadnych oraz przykro\u015bci \ud83d\ude42 \ud83d\ude42 \ud83d\ude42<\/p><\/div>\n<p>Zabiera\u0142am si\u0119 do notki od poniedzia\u0142ku, par\u0119 s\u0142\u00f3w skre\u015bli\u0142am lecz nie uda\u0142o si\u0119 do ko\u0144ca. Co chwil\u0119 co\u015b wypada\u0142o, a \u00a0jak ju\u017c mia\u0142 by\u0107 spok\u00f3j to usypia\u0142am i &#8222;po ptokach&#8221;. Poza codziennymi obowi\u0105zkami, czynno\u015bciami &#8211; a i przyjemno\u015bciami, nie powiem przecie\u017c, \u017ce ich nie ma \ud83d\ude42 &#8211; poch\u0142ania\u0142a mnie nowa powie\u015b\u0107, w kt\u00f3rej z ty\u0142u, z daleka machaj\u0105 znane postacie ursynowskiej &#8222;mafii&#8221;, lecz rzecz dotyczy ca\u0142kiem nowego pokolenia. Cz\u0119\u015bciowo jest to kontynuacja &#8222;Pasm \u017cycia&#8221;. Na razie jednak mnie &#8222;przytka\u0142o&#8221;, wena tw\u00f3rcza dobra rzecz, lecz na razie posz\u0142a precz \ud83d\ude42 Wr\u00f3ci\u0142am wi\u0119c do &#8222;tu i teraz&#8221;.<br \/>\nZacz\u0105\u0142 si\u0119 pa\u017adziernik. C\u00f3\u017c, zgodnie z kalendarzem, nic na to poradzi\u0107 nie mo\u017cna. Bywa przepi\u0119kny gdy jest s\u0142oneczny, kolorowy, idzie pod r\u0119k\u0119 ze z\u0142ot\u0105 jesieni\u0105 i babim latem. Rozpada\u0142o si\u0119, rozwia\u0142o, wicher taki nadci\u0105gn\u0105\u0142, \u017ce \u0142ama\u0142 ga\u0142\u0119zie i g\u0142owy urywa\u0142, parasola nie pozwala\u0142 utrzyma\u0107 w r\u0119ce. Taki by\u0142 ostatni dzie\u0144 wrze\u015bnia, najwyra\u017aniej nie mia\u0142 ochoty odchodzi\u0107 by rok ca\u0142y czeka\u0107 na powr\u00f3t nad nasz\u0105 pi\u0119kn\u0105 krain\u0119:) \u00a0A rano przysz\u0142a niespodzianka: sta\u0142o si\u0119 pi\u0119knie, s\u0142onecznie, bezdeszczowo &#8211; czyli pa\u017adziernik si\u0119 ucieszy\u0142, \u017ce ju\u017c do nas zawita\u0142 \ud83d\ude09<br \/>\nPrzez te gwa\u0142towne zmiany obudzi\u0142am si\u0119 przed \u015bwitem z b\u00f3lem g\u0142owy, jakie\u015b koszmarne my\u015bli zacz\u0119\u0142y po tej bol\u0105cej g\u0142owie kr\u0105\u017cy\u0107, zn\u00f3w nie wiem co zrobi\u0107 z lekark\u0105 pierwszego kontaktu, nie mam zupe\u0142nie ochoty na wizyt\u0119 u tej, do kt\u00f3rej si\u0119 przenios\u0142am rok temu (bo bli\u017cej i mniejsze kolejki). By\u0142am tylko raz i wypada\u0142oby si\u0119 wybra\u0107 cho\u0107by po recepty i sprawdzi\u0107 poziom sklerozy, czyli cholesterolu. Mam op\u00f3r wewn\u0119trzny i nie wiem czy warto go pokonywa\u0107 czy po prostu i\u015b\u0107 gdzie indziej. Czy si\u0119 przem\u00f3c i da\u0107 pani dr szans\u0119?<br \/>\nW poniedzia\u0142ek nacieszy\u0142am si\u0119 Calineczk\u0105 \ud83d\ude42 Byli\u015bmy u niej z M\u0119\u017cem, jej mama posz\u0142a na zebranie do \u017c\u0142obka bowiem Krasnusia nasza kochana rozpocznie nowy etap w swoim dwuletnim \u017cyciu. Mam nadziej\u0119, \u017ce sobie poradzi, samodzielna jest bardzo, energiczna, kontaktowa ale &#8211; bardzo zwi\u0105zana z mam\u0105. Pomalutku b\u0119dzie si\u0119 przyzwyczaja\u0142a wi\u0119c mo\u017ce bezbole\u015bnie ca\u0142a operacja przystosowania zostanie przeprowadzona. Oczywi\u015bcie dziadkowie s\u0105 w pogotowiu i awaryjnie s\u0142u\u017c\u0105 pomoc\u0105. Tatu\u015b Calineczki poszed\u0142 do \u017c\u0142obka maj\u0105c p\u00f3\u0142tora roczku i do wakacji ci\u0119\u017cko by\u0142o, p\u0142aka\u0142 rano i w k\u00f3\u0142ko pyta\u0142 &#8222;pijdzie mama Ania?&#8221; potem ju\u017c bezproblemowo si\u0119 odnalaz\u0142. Wczoraj pilnie s\u0142uchali\u015bmy nowin w sprawie kredyt\u00f3w frankowych. Poza tym chodzimy &#8211; gdy nie ma deszczu na d\u0142u\u017csze spacery po po\u0142udniu, \u017ceby nie straci\u0107 ca\u0142kiem formy &#8222;z\u0142apanej&#8221; w Szczawnicy, nawet przebiec kawa\u0142ek mi si\u0119 udaje \ud83d\ude42 Biegania nigdy nie lubi\u0142am, lecz czasem trzeba, szczeg\u00f3lnie rano do furtki na \u0142\u0105k\u0119, gdy Skitusiowi bardzo si\u0119 spieszy \ud83d\ude09<\/p>\n<div id=\"attachment_2017\" style=\"width: 650px\" class=\"wp-caption aligncenter\"><img loading=\"lazy\" decoding=\"async\" aria-describedby=\"caption-attachment-2017\" class=\"wp-image-2017 size-large\" src=\"https:\/\/annapisze.art\/wp-content\/uploads\/2019\/10\/drugie-wej\u015bcie-szczawn-019-035-1024x577.jpg\" alt=\"\" width=\"640\" height=\"361\" srcset=\"https:\/\/annapisze.art\/wp-content\/uploads\/2019\/10\/drugie-wej\u015bcie-szczawn-019-035-1024x577.jpg 1024w, https:\/\/annapisze.art\/wp-content\/uploads\/2019\/10\/drugie-wej\u015bcie-szczawn-019-035-300x169.jpg 300w\" sizes=\"auto, (max-width: 640px) 100vw, 640px\" \/><p id=\"caption-attachment-2017\" class=\"wp-caption-text\">Rozchodniki to s\u0105 pancerne kwiatki, radz\u0105 sobie bez wzgl\u0119du na warunki dlatego mam ich du\u017co. Rosn\u0105 po wetkni\u0119ciu w ziemi\u0119, w wodzie puszczaj\u0105 korzenie natychmiast, s\u0105 niezast\u0105pione \ud83d\ude42<\/p><\/div>\n<div id=\"attachment_2018\" style=\"width: 650px\" class=\"wp-caption aligncenter\"><img loading=\"lazy\" decoding=\"async\" aria-describedby=\"caption-attachment-2018\" class=\"wp-image-2018 size-large\" src=\"https:\/\/annapisze.art\/wp-content\/uploads\/2019\/10\/drugie-wej\u015bcie-szczawn-019-024-1024x577.jpg\" alt=\"\" width=\"640\" height=\"361\" srcset=\"https:\/\/annapisze.art\/wp-content\/uploads\/2019\/10\/drugie-wej\u015bcie-szczawn-019-024-1024x577.jpg 1024w, https:\/\/annapisze.art\/wp-content\/uploads\/2019\/10\/drugie-wej\u015bcie-szczawn-019-024-300x169.jpg 300w\" sizes=\"auto, (max-width: 640px) 100vw, 640px\" \/><p id=\"caption-attachment-2018\" class=\"wp-caption-text\">Zdj\u0119cie z zesz\u0142ego roku, teraz winobluszcz dok\u0142adnie zar\u00f3s\u0142 ca\u0142\u0105 siatk\u0119 i \u015bwietnie chroni ogr\u00f3deczek przed oczami przechodni\u00f3w<\/p><\/div>\n<p>Z ciekawostek &#8222;z innej beczki&#8221; jeszcze dodam, \u017ce w mojej Biedronce &#8211; pewnie w ka\u017cdej innej te\u017c &#8211; s\u0105 przeceny, wyprzeda\u017ce i naby\u0142am d\u017cinsy za 15 z\u0142. para i le\u017c\u0105 bdb. Polecia\u0142am wi\u0119c nast\u0119pnego dnia i wygrzeba\u0142am jeszcze 2 pary w moim rozmiarze. Ucieszy\u0142am si\u0119, poniewa\u017c chodz\u0119 tylko w d\u017cinsach. Przed odej\u015bciem na emerytur\u0119 zam\u00f3wi\u0142am w Bon Prixie kilka par takich najta\u0144szych na &#8222;po domu&#8221; i w\u0142a\u015bnie si\u0119 wydar\u0142y, dlatego si\u0119 rzuci\u0142am na biedronkowe \ud83d\ude42 I jeszcze kupi\u0142am tack\u0119 pod psi\u0105 misk\u0119, bo Skitu\u015b okropnie chlapie wod\u0105 kiedy pije.<img loading=\"lazy\" decoding=\"async\" class=\"aligncenter size-large wp-image-2019\" src=\"https:\/\/annapisze.art\/wp-content\/uploads\/2019\/10\/drugie-wej\u015bcie-szczawn-019-335-1024x577.jpg\" alt=\"\" width=\"640\" height=\"361\" srcset=\"https:\/\/annapisze.art\/wp-content\/uploads\/2019\/10\/drugie-wej\u015bcie-szczawn-019-335-1024x577.jpg 1024w, https:\/\/annapisze.art\/wp-content\/uploads\/2019\/10\/drugie-wej\u015bcie-szczawn-019-335-300x169.jpg 300w\" sizes=\"auto, (max-width: 640px) 100vw, 640px\" \/><\/p>\n<div id=\"attachment_2020\" style=\"width: 587px\" class=\"wp-caption aligncenter\"><img loading=\"lazy\" decoding=\"async\" aria-describedby=\"caption-attachment-2020\" class=\"wp-image-2020 size-large\" src=\"https:\/\/annapisze.art\/wp-content\/uploads\/2019\/10\/drugie-wej\u015bcie-szczawn-019-524-577x1024.jpg\" alt=\"\" width=\"577\" height=\"1024\" srcset=\"https:\/\/annapisze.art\/wp-content\/uploads\/2019\/10\/drugie-wej\u015bcie-szczawn-019-524-577x1024.jpg 577w, https:\/\/annapisze.art\/wp-content\/uploads\/2019\/10\/drugie-wej\u015bcie-szczawn-019-524-169x300.jpg 169w, https:\/\/annapisze.art\/wp-content\/uploads\/2019\/10\/drugie-wej\u015bcie-szczawn-019-524.jpg 1840w\" sizes=\"auto, (max-width: 577px) 100vw, 577px\" \/><p id=\"caption-attachment-2020\" class=\"wp-caption-text\">A tak\u0105 ma niewinn\u0105 mink\u0119 \ud83d\ude42 \ud83d\ude42 \ud83d\ude42<\/p><\/div>\n<p>Dobrego weekendu i odpoczynku Wam \u017cycz\u0119, a kolejny odcinek perypetii Aldony \u00a0jutro rano b\u0119dzie. \u00a0Macham serdecznie i z rozmachem \ud83d\ude42 \ud83d\ude42 \ud83d\ude42<\/p>\n<div class=\"fcbkbttn_buttons_block\" id=\"fcbkbttn_middle\"><div class=\"fcbkbttn_like \"><fb:like href=\"https:\/\/annapisze.art\/?p=2014\" action=\"like\" colorscheme=\"light\" layout=\"box_count\"  size=\"small\"><\/fb:like><\/div><div class=\"fb-share-button  \" data-href=\"https:\/\/annapisze.art\/?p=2014\" data-type=\"button_count\" data-size=\"small\"><\/div><\/div>","protected":false},"excerpt":{"rendered":"<p>Poniewa\u017c Ewa- \u015amieszka mia\u0142a urodziny, o czym wcze\u015bniej nie wiedzia\u0142am, z najlepszymi \u017cyczeniami dla niej kwiatki dzisiaj s\u0105 \ud83d\ude42 Ewciu!!! Zabiera\u0142am si\u0119 do notki od poniedzia\u0142ku, par\u0119 s\u0142\u00f3w skre\u015bli\u0142am lecz nie uda\u0142o si\u0119 do ko\u0144ca. Co chwil\u0119 co\u015b wypada\u0142o, a &hellip; <a href=\"https:\/\/annapisze.art\/?p=2014\">Czytaj dalej <span class=\"meta-nav\">&rarr;<\/span><\/a><\/p>\n","protected":false},"author":1,"featured_media":0,"comment_status":"open","ping_status":"open","sticky":false,"template":"","format":"standard","meta":{"footnotes":""},"categories":[8],"tags":[],"class_list":["post-2014","post","type-post","status-publish","format-standard","hentry","category-mysle-sobie"],"_links":{"self":[{"href":"https:\/\/annapisze.art\/index.php?rest_route=\/wp\/v2\/posts\/2014","targetHints":{"allow":["GET"]}}],"collection":[{"href":"https:\/\/annapisze.art\/index.php?rest_route=\/wp\/v2\/posts"}],"about":[{"href":"https:\/\/annapisze.art\/index.php?rest_route=\/wp\/v2\/types\/post"}],"author":[{"embeddable":true,"href":"https:\/\/annapisze.art\/index.php?rest_route=\/wp\/v2\/users\/1"}],"replies":[{"embeddable":true,"href":"https:\/\/annapisze.art\/index.php?rest_route=%2Fwp%2Fv2%2Fcomments&post=2014"}],"version-history":[{"count":1,"href":"https:\/\/annapisze.art\/index.php?rest_route=\/wp\/v2\/posts\/2014\/revisions"}],"predecessor-version":[{"id":2021,"href":"https:\/\/annapisze.art\/index.php?rest_route=\/wp\/v2\/posts\/2014\/revisions\/2021"}],"wp:attachment":[{"href":"https:\/\/annapisze.art\/index.php?rest_route=%2Fwp%2Fv2%2Fmedia&parent=2014"}],"wp:term":[{"taxonomy":"category","embeddable":true,"href":"https:\/\/annapisze.art\/index.php?rest_route=%2Fwp%2Fv2%2Fcategories&post=2014"},{"taxonomy":"post_tag","embeddable":true,"href":"https:\/\/annapisze.art\/index.php?rest_route=%2Fwp%2Fv2%2Ftags&post=2014"}],"curies":[{"name":"wp","href":"https:\/\/api.w.org\/{rel}","templated":true}]}}