{"id":193,"date":"2019-02-25T20:06:50","date_gmt":"2019-02-25T19:06:50","guid":{"rendered":"http:\/\/annapisze.art\/?p=193"},"modified":"2019-02-25T20:06:50","modified_gmt":"2019-02-25T19:06:50","slug":"szeptucha-i-zerca-w-noc-kupaly","status":"publish","type":"post","link":"https:\/\/annapisze.art\/?p=193","title":{"rendered":"Szeptucha i \u017cerca w Noc Kupa\u0142y:)"},"content":{"rendered":"<p>Dawno, dawno temu, kiedy b\u0119d\u0105c przezi\u0119bion\u0105 nastolatk\u0105 nie musia\u0142am i\u015b\u0107 do szko\u0142y, sp\u0119dzi\u0142am ten cudowny czas z &#8222;Mitami greckimi&#8221; Wandy Markowskiej. Czyta\u0142am wielokrotnie po kolei, wraca\u0142am do wybranych mit\u00f3w i czyta\u0142am, czyta\u0142am, czyta\u0142am. By\u0142am za pan brat ze wszystkimi bogami, p\u00f3\u0142bogami i innymi istotami, o kt\u00f3rych dzi\u015b ju\u017c nie pami\u0119tam.<br \/>\nNiedawno za\u015b Ma\u0142y przyni\u00f3s\u0142 mi &#8222;Szeptuch\u0119&#8221; oraz &#8222;Noc Kupa\u0142y&#8221; Katarzyny Bereniki Miszczuk. Ucieszy\u0142am si\u0119 ogromnie poniewa\u017c jaki\u015b czas temu fragment pierwszej cz\u0119\u015bci przeczyta\u0142am &#8211; chyba &#8211; w &#8222;Natura i Ty&#8221;. Rzuci\u0142am si\u0119 wi\u0119c na lektur\u0119 i oba tomy po\u0142kn\u0119\u0142am z u\u015bmiechem na twarzy \ud83d\ude42 a sko\u0144czy\u0142am z \u017calem, \u017ce to ju\u017c. Tydzie\u0144 temu Ma\u0142y przyni\u00f3s\u0142 mi &#8222;\u017berc\u0119&#8221; czyli trzeci tom. Sko\u0144czy\u0142am i czekam na nast\u0119pny \ud83d\ude42<br \/>\nMo\u017ce gdyby nie szeptucha (funkcja, rola, zaw\u00f3d?), kt\u00f3ra mi si\u0119 skojarzy\u0142a z Babk\u0105 z &#8222;Rancza&#8221; &#8211; nie zacz\u0119\u0142abym lektury bo fantasy to\u00a0niekoniecznie moja bajka. I mo\u017ce gdyby Wnusia K. nie zmusi\u0142a mnie do g\u0142o\u015bnego czytania &#8222;Zmierzchu&#8221;&#8230;. No i posz\u0142o! A raczej wci\u0105gn\u0119\u0142o&#8230; To taki polski &#8222;Zmierzch&#8221; ( tylko o niebo sympatyczniejszy) ze s\u0142owia\u0144sk\u0105 mitologi\u0105. Bogowie okazuj\u0105 si\u0119 istotami pe\u0142nymi wad i najgorszych ludzkich uczu\u0107. I to w stopniu tak zwielokrotnionym, \u017ce wredny cz\u0142owiek to ma\u0142y piku\u015b wobec nich. A \u015bwiat wok\u00f3\u0142 pe\u0142en jest istot nie-ludzkich: bog\u00f3w r\u00f3\u017cnistych, strzyg, rusa\u0142ek, po\u0142udnic, wi\u0142 (\u00f3w?), p\u0142anetnik\u00f3w i za skarby \u015bwiata nie wiadomo, z kim ma si\u0119 akurat do czynienia. To znaczy na pocz\u0105tku, potem ju\u017c mniej wi\u0119cej tak. Przy okazji opr\u00f3cz s\u0142owia\u0144skich b\u00f3stw pozna\u0107 mo\u017cna pradawne obrz\u0119dy naszych przedkatolickich przodk\u00f3w, bowiem Mieszko Pierwszy wcale chrztu nie przyj\u0105\u0142 (za to sta\u0142 si\u0119 nie\u015bmiertelny) a Polska kwitnie w wierze s\u0142owia\u0144skiej niczym nie odbiegaj\u0105c od naszej obecnej rzeczywisto\u015bci. S\u0105 perypetie mi\u0142osne, walki istot normalnych, nienormalnych i nadprzyrodzonych, przygody i du\u017ca dawka humoru przy okazji.<\/p>\n<p>Ksi\u0105\u017cki, do kt\u00f3rych nie mam zamiaru wraca\u0107 puszczam dalej mi\u0119dzy ludzi, tych nie oddam :):):)<\/p>\n<p>6.06.2017<\/p>\n<div class=\"fcbkbttn_buttons_block\" id=\"fcbkbttn_middle\"><div class=\"fcbkbttn_like \"><fb:like href=\"https:\/\/annapisze.art\/?p=193\" action=\"like\" colorscheme=\"light\" layout=\"box_count\"  size=\"small\"><\/fb:like><\/div><div class=\"fb-share-button  \" data-href=\"https:\/\/annapisze.art\/?p=193\" data-type=\"button_count\" data-size=\"small\"><\/div><\/div>","protected":false},"excerpt":{"rendered":"<p>Dawno, dawno temu, kiedy b\u0119d\u0105c przezi\u0119bion\u0105 nastolatk\u0105 nie musia\u0142am i\u015b\u0107 do szko\u0142y, sp\u0119dzi\u0142am ten cudowny czas z &#8222;Mitami greckimi&#8221; Wandy Markowskiej. Czyta\u0142am wielokrotnie po kolei, wraca\u0142am do wybranych mit\u00f3w i czyta\u0142am, czyta\u0142am, czyta\u0142am. By\u0142am za pan brat ze wszystkimi bogami, &hellip; <a href=\"https:\/\/annapisze.art\/?p=193\">Czytaj dalej <span class=\"meta-nav\">&rarr;<\/span><\/a><\/p>\n","protected":false},"author":1,"featured_media":0,"comment_status":"open","ping_status":"open","sticky":false,"template":"","format":"standard","meta":{"footnotes":""},"categories":[8],"tags":[],"class_list":["post-193","post","type-post","status-publish","format-standard","hentry","category-mysle-sobie"],"_links":{"self":[{"href":"https:\/\/annapisze.art\/index.php?rest_route=\/wp\/v2\/posts\/193","targetHints":{"allow":["GET"]}}],"collection":[{"href":"https:\/\/annapisze.art\/index.php?rest_route=\/wp\/v2\/posts"}],"about":[{"href":"https:\/\/annapisze.art\/index.php?rest_route=\/wp\/v2\/types\/post"}],"author":[{"embeddable":true,"href":"https:\/\/annapisze.art\/index.php?rest_route=\/wp\/v2\/users\/1"}],"replies":[{"embeddable":true,"href":"https:\/\/annapisze.art\/index.php?rest_route=%2Fwp%2Fv2%2Fcomments&post=193"}],"version-history":[{"count":1,"href":"https:\/\/annapisze.art\/index.php?rest_route=\/wp\/v2\/posts\/193\/revisions"}],"predecessor-version":[{"id":194,"href":"https:\/\/annapisze.art\/index.php?rest_route=\/wp\/v2\/posts\/193\/revisions\/194"}],"wp:attachment":[{"href":"https:\/\/annapisze.art\/index.php?rest_route=%2Fwp%2Fv2%2Fmedia&parent=193"}],"wp:term":[{"taxonomy":"category","embeddable":true,"href":"https:\/\/annapisze.art\/index.php?rest_route=%2Fwp%2Fv2%2Fcategories&post=193"},{"taxonomy":"post_tag","embeddable":true,"href":"https:\/\/annapisze.art\/index.php?rest_route=%2Fwp%2Fv2%2Ftags&post=193"}],"curies":[{"name":"wp","href":"https:\/\/api.w.org\/{rel}","templated":true}]}}