{"id":189,"date":"2019-02-25T19:43:51","date_gmt":"2019-02-25T18:43:51","guid":{"rendered":"http:\/\/annapisze.art\/?p=189"},"modified":"2019-11-10T21:51:51","modified_gmt":"2019-11-10T20:51:51","slug":"podczas-siekania-cebuli","status":"publish","type":"post","link":"https:\/\/annapisze.art\/?p=189","title":{"rendered":"Podczas siekania cebuli"},"content":{"rendered":"<p>Nikt nie jest szarym cz\u0142owiekiem. Takich nie ma. Wszyscy jeste\u015bmy r\u00f3\u017cnobarwni. W ka\u017cdej chwili inni. Miotaj\u0105 nami emocje, przep\u0142ywaj\u0105 przez nas najrozmaitsze uczucia o r\u00f3\u017cnym nat\u0119\u017ceniu. Nikt nie jest monolitem. W zale\u017cno\u015bci od barwy nieba, pory roku, towarzystwa, w kt\u00f3rym przebywamy, programu aktualnie widocznego na ekranie telewizora &#8211; zmienia si\u0119 kolor nasz i naszego otoczenia. Dlatego nie lubi\u0119 okre\u015blenia &#8222;szary cz\u0142owiek&#8221;. Ups, w\u0142a\u015bnie u\u015bwiadomi\u0142am sobie, \u017ce ostatnio nosz\u0119 same ciemne ubrania. Tak najwyra\u017aniej jestem zdo\u0142owana, \u017ce z duszy ta &#8222;pomroczno\u015b\u0107 ciemna&#8221; (w odr\u00f3\u017cnieniu od jasnej) przedosta\u0142a si\u0119 na zewn\u0105trz. Sytuacja jest ode mnie niezale\u017cna, jest na zewn\u0105trz, ale do \u015brodka wesz\u0142a i najwyra\u017aniej mnie \u017cre. A posz\u0142a cholera jedna! Nie dam si\u0119! I prosz\u0119, jakie my\u015bli potrafi\u0105 odnale\u017a\u0107 drog\u0119 do cz\u0142owieka podczas siekania cebuli.<\/p>\n<p>Lepiej na no\u017cu si\u0119 skupi\u0119, bo rozmy\u015blania krwi\u0105 okupi\u0119:) A cebula do kotlecik\u00f3w z tu\u0144czyka z puszki. Bardzo szybka, prosta, &#8222;awaryjna&#8221; potrawa. W r\u00f3\u017cnych wersjach wypraktykowana, zale\u017cnie od tego co jeszcze jest pod r\u0119k\u0105. Cebula konieczna, w du\u017cych ilo\u015bciach, surowa, nie usma\u017cona w \u017cadnym razie. A reszta: os\u0105czony tu\u0144czyk &#8211; w oleju, bo w sosie w\u0142asnym za bardzo pryska na patelni, olej za\u015b podczas sma\u017cenia dolewam,<br \/>\nwi\u0119c si\u0119 nie marnuje; poza tym namoczonego troch\u0119 chleba (bu\u0142ki nie mam, bo chleb piek\u0119 sw\u00f3j) w mleku, otr\u0119by owsiane, troch\u0119 m\u0105ki kukurydzianej ostatnio doda\u0142am, s\u0142onecznik i siemi\u0119, jajko i duuu\u017co przypraw. Jak si\u0119 zrobi za rzadka masa &#8211; bu\u0142k\u0105 tart\u0105 zag\u0119\u015bci\u0107, albo np. kleikiem ry\u017cowym. Jest pole do popisu.<br \/>\nPopis. Znowu si\u0119 kojarzy\u0107 musi jednoznacznie? A swoj\u0105 drog\u0105 przypomnia\u0142a mi si\u0119 fraszka Mistrza Jana.<br \/>\n<em>&#8222;Je\u015bli nie grzeszysz jako mi powiadasz ,<\/em><br \/>\n<em>czemu si\u0119, mi\u0142a, tak cz\u0119sto spowiadasz?&#8221;.<\/em><br \/>\nPrzytoczy\u0142am z pami\u0119ci, nie wiem czy dok\u0142adnie, sens w ka\u017cdym razie zachowa\u0142am. Zastanawiaj\u0105ce, \u017ce jak si\u0119 kto\u015b tak bezustannie i nachalnie wr\u0119cz modli, czy trzeba czy nie trzeba i to jeszcze przy ka\u017cdej okazji, na pokaz chyba, bardzo du\u017co z\u0142a pewnie czyni na \u015bwiecie i \u015bwi\u0144stw, i dlatego wci\u0105\u017c musi prosi\u0107 o \u0142ask\u0119. Tylko nauki \u017cadnej najwyra\u017aniej nie pobiera, wniosk\u00f3w nie wysnuwa i kl\u0119ka byle gdzie i byle przed kim&#8230; Z przyzwyczajenia? M\u00f3wi\u0105, \u017ce przyzwyczajenie drug\u0105 natur\u0105 cz\u0142owieka.<\/p>\n<p>3.06.2017<\/p>\n<ul>\n<li><span class=\"guest\">Go\u015b\u0107: [Rick] <\/span><span class=\"host\">*.multi.internet.cyfrowypolsat.pl<\/span> <time title=\"2017\/06\/06 13:43:59\" datetime=\"06.06.2017\">2 lata temu<\/time>Przepis na kotlety z tu\u0144czyka znam,znakomite,polecam.<\/li>\n<li><span class=\"guest\">Go\u015b\u0107: [annazadroza] <\/span><span class=\"host\">*.nat.umts.dynamic.t-mobile.pl<\/span> <time title=\"2017\/06\/07 16:18:46\" datetime=\"07.06.2017\">2 lata temu<\/time>Na zimno te\u017c dobre. mog\u0105 by\u0107 np z sosem czosnkowym \ud83d\ude42<\/li>\n<\/ul>\n<div class=\"fcbkbttn_buttons_block\" id=\"fcbkbttn_middle\"><div class=\"fcbkbttn_like \"><fb:like href=\"https:\/\/annapisze.art\/?p=189\" action=\"like\" colorscheme=\"light\" layout=\"box_count\"  size=\"small\"><\/fb:like><\/div><div class=\"fb-share-button  \" data-href=\"https:\/\/annapisze.art\/?p=189\" data-type=\"button_count\" data-size=\"small\"><\/div><\/div>","protected":false},"excerpt":{"rendered":"<p>Nikt nie jest szarym cz\u0142owiekiem. Takich nie ma. Wszyscy jeste\u015bmy r\u00f3\u017cnobarwni. W ka\u017cdej chwili inni. Miotaj\u0105 nami emocje, przep\u0142ywaj\u0105 przez nas najrozmaitsze uczucia o r\u00f3\u017cnym nat\u0119\u017ceniu. Nikt nie jest monolitem. W zale\u017cno\u015bci od barwy nieba, pory roku, towarzystwa, w kt\u00f3rym &hellip; <a href=\"https:\/\/annapisze.art\/?p=189\">Czytaj dalej <span class=\"meta-nav\">&rarr;<\/span><\/a><\/p>\n","protected":false},"author":1,"featured_media":0,"comment_status":"open","ping_status":"open","sticky":false,"template":"","format":"standard","meta":{"footnotes":""},"categories":[22,8],"tags":[],"class_list":["post-189","post","type-post","status-publish","format-standard","hentry","category-kuchennie-i-smacznie","category-mysle-sobie"],"_links":{"self":[{"href":"https:\/\/annapisze.art\/index.php?rest_route=\/wp\/v2\/posts\/189","targetHints":{"allow":["GET"]}}],"collection":[{"href":"https:\/\/annapisze.art\/index.php?rest_route=\/wp\/v2\/posts"}],"about":[{"href":"https:\/\/annapisze.art\/index.php?rest_route=\/wp\/v2\/types\/post"}],"author":[{"embeddable":true,"href":"https:\/\/annapisze.art\/index.php?rest_route=\/wp\/v2\/users\/1"}],"replies":[{"embeddable":true,"href":"https:\/\/annapisze.art\/index.php?rest_route=%2Fwp%2Fv2%2Fcomments&post=189"}],"version-history":[{"count":2,"href":"https:\/\/annapisze.art\/index.php?rest_route=\/wp\/v2\/posts\/189\/revisions"}],"predecessor-version":[{"id":682,"href":"https:\/\/annapisze.art\/index.php?rest_route=\/wp\/v2\/posts\/189\/revisions\/682"}],"wp:attachment":[{"href":"https:\/\/annapisze.art\/index.php?rest_route=%2Fwp%2Fv2%2Fmedia&parent=189"}],"wp:term":[{"taxonomy":"category","embeddable":true,"href":"https:\/\/annapisze.art\/index.php?rest_route=%2Fwp%2Fv2%2Fcategories&post=189"},{"taxonomy":"post_tag","embeddable":true,"href":"https:\/\/annapisze.art\/index.php?rest_route=%2Fwp%2Fv2%2Ftags&post=189"}],"curies":[{"name":"wp","href":"https:\/\/api.w.org\/{rel}","templated":true}]}}