{"id":1846,"date":"2019-07-22T19:10:18","date_gmt":"2019-07-22T17:10:18","guid":{"rendered":"http:\/\/annapisze.art\/?p=1846"},"modified":"2019-07-22T19:10:18","modified_gmt":"2019-07-22T17:10:18","slug":"czystosci-wiecej-by-sie-zdalo","status":"publish","type":"post","link":"https:\/\/annapisze.art\/?p=1846","title":{"rendered":"Czysto\u015bci wi\u0119cej by si\u0119 zda\u0142o"},"content":{"rendered":"<p>Akcja &#8222;Czyste Tatry&#8221; staje si\u0119 coraz bardziej popularna. Mi\u0142o o tym s\u0142ysze\u0107, tym bardziej, \u017ce obecnie podczas takiej akcji wolontariusze znosz\u0105 z g\u00f3r o wiele mniej \u015bmieci ni\u017c na pocz\u0105tku. Przyda\u0142oby si\u0119, \u017ceby taka tendencja z g\u00f3r zesz\u0142a w doliny. Szczeg\u00f3lnie interesowa\u0142oby mnie dotarcie tej\u017ce tendencji do podwarszawskiego miasteczka. Na moich &#8222;psich&#8221; trasach spacerowych \u015bmieci jest coraz wi\u0119cej.\u00a0Szczeg\u00f3lnie przy torach i ko\u0142o cmentarza, cho\u0107 i gdzie indziej nie brakuje butelek, czy raczej ma\u0142ych buteleczek po w\u00f3dce, po piwie butelki i puszki w ilo\u015bciach ogromnych si\u0119 znajduj\u0105, tudzie\u017c pozosta\u0142o\u015bci po zak\u0105skach walaj\u0105 si\u0119 wok\u00f3\u0142 i fruwaj\u0105 z wiatru powiewem. Czy kiedykolwiek to si\u0119 zmieni? Pierwsza odpowied\u017a nasuwa si\u0119 w formie s\u0142owa NIGDY. Niestety. Mimo, \u017ce nigdy nie nale\u017cy m\u00f3wi\u0107 s\u0142owa nigdy &#8211; jako\u015b nie mog\u0119 uwierzy\u0107 w cudown\u0105 przemian\u0119. Nie ta cywilizacja, tu by\u0142 zab\u00f3r rosyjski&#8230; Co ma piernik do wiatraka? Niby nic, lecz na<br \/>\nDolnym \u015al\u0105sku, gdzie mieszka\u0142am przez 7 lat a potem przyje\u017cd\u017ca\u0142am w odwiedziny, rzuca\u0142a si\u0119 w oczy czysto\u015b\u0107 miast, miasteczek, wiosek. Szczeg\u00f3lnie zwraca\u0142am uwag\u0119 na to, gdy ju\u017c si\u0119 wyprowadzi\u0142am, mia\u0142am por\u00f3wnanie z innymi rejonami kraju. Nie musia\u0142am si\u0119<br \/>\nwysila\u0107, \u017ceby r\u00f3\u017cnica k\u0142u\u0142a w oczy, sama si\u0119 narzuca\u0142a. Takie mnie dzi\u015b refleksje nasz\u0142y.<br \/>\nPotem jeszcze co\u015b mi si\u0119 roi\u0142o, \u017ce jak brudno w duszach to i w zachowaniu widoczny ten brud jest, taki niesmak pozosta\u0142 po &#8222;widzeniu i\u00a0s\u0142yszeniu&#8221; wydarze\u0144 z weekendu, s\u0142\u00f3w tych, co broni\u0107 s\u0142abszych powinni&#8230; \u00a0C\u00f3\u017c, \u017cycie jest brutalne i o tym nam przypomina, bo chyba<br \/>\nprzespali\u015bmy ju\u017c zbyt d\u0142ugi okres&#8230;<br \/>\nDzi\u015b bez zdj\u0119\u0107, bo brzydkich rzeczy nie uwieczniam a inne jako\u015b nie pasuj\u0105.<\/p>\n<div class=\"fcbkbttn_buttons_block\" id=\"fcbkbttn_middle\"><div class=\"fcbkbttn_like \"><fb:like href=\"https:\/\/annapisze.art\/?p=1846\" action=\"like\" colorscheme=\"light\" layout=\"box_count\"  size=\"small\"><\/fb:like><\/div><div class=\"fb-share-button  \" data-href=\"https:\/\/annapisze.art\/?p=1846\" data-type=\"button_count\" data-size=\"small\"><\/div><\/div>","protected":false},"excerpt":{"rendered":"<p>Akcja &#8222;Czyste Tatry&#8221; staje si\u0119 coraz bardziej popularna. Mi\u0142o o tym s\u0142ysze\u0107, tym bardziej, \u017ce obecnie podczas takiej akcji wolontariusze znosz\u0105 z g\u00f3r o wiele mniej \u015bmieci ni\u017c na pocz\u0105tku. Przyda\u0142oby si\u0119, \u017ceby taka tendencja z g\u00f3r zesz\u0142a w doliny. &hellip; <a href=\"https:\/\/annapisze.art\/?p=1846\">Czytaj dalej <span class=\"meta-nav\">&rarr;<\/span><\/a><\/p>\n","protected":false},"author":1,"featured_media":0,"comment_status":"open","ping_status":"open","sticky":false,"template":"","format":"standard","meta":{"footnotes":""},"categories":[8],"tags":[],"class_list":["post-1846","post","type-post","status-publish","format-standard","hentry","category-mysle-sobie"],"_links":{"self":[{"href":"https:\/\/annapisze.art\/index.php?rest_route=\/wp\/v2\/posts\/1846","targetHints":{"allow":["GET"]}}],"collection":[{"href":"https:\/\/annapisze.art\/index.php?rest_route=\/wp\/v2\/posts"}],"about":[{"href":"https:\/\/annapisze.art\/index.php?rest_route=\/wp\/v2\/types\/post"}],"author":[{"embeddable":true,"href":"https:\/\/annapisze.art\/index.php?rest_route=\/wp\/v2\/users\/1"}],"replies":[{"embeddable":true,"href":"https:\/\/annapisze.art\/index.php?rest_route=%2Fwp%2Fv2%2Fcomments&post=1846"}],"version-history":[{"count":1,"href":"https:\/\/annapisze.art\/index.php?rest_route=\/wp\/v2\/posts\/1846\/revisions"}],"predecessor-version":[{"id":1847,"href":"https:\/\/annapisze.art\/index.php?rest_route=\/wp\/v2\/posts\/1846\/revisions\/1847"}],"wp:attachment":[{"href":"https:\/\/annapisze.art\/index.php?rest_route=%2Fwp%2Fv2%2Fmedia&parent=1846"}],"wp:term":[{"taxonomy":"category","embeddable":true,"href":"https:\/\/annapisze.art\/index.php?rest_route=%2Fwp%2Fv2%2Fcategories&post=1846"},{"taxonomy":"post_tag","embeddable":true,"href":"https:\/\/annapisze.art\/index.php?rest_route=%2Fwp%2Fv2%2Ftags&post=1846"}],"curies":[{"name":"wp","href":"https:\/\/api.w.org\/{rel}","templated":true}]}}