{"id":1797,"date":"2019-06-21T08:40:59","date_gmt":"2019-06-21T06:40:59","guid":{"rendered":"http:\/\/annapisze.art\/?p=1797"},"modified":"2019-07-05T21:21:15","modified_gmt":"2019-07-05T19:21:15","slug":"prezentacja-bohaterow-czyli-slowo-wyjasnienia-do-widocznie-tak-mialo-byc","status":"publish","type":"post","link":"https:\/\/annapisze.art\/?p=1797","title":{"rendered":"Prezentacja bohater\u00f3w czyli s\u0142owo wyja\u015bnienia do &#8222;Widocznie tak mia\u0142o by\u0107&#8221;"},"content":{"rendered":"<p>Przysz\u0142a pora na trzeci\u0105 cz\u0119\u015b\u0107 cyklu ursynowskiego. Akurat lektura na wakacje \ud83d\ude42 Pomy\u015bla\u0142am, \u017ce na pocz\u0105tek wstawi\u0119 spis bohater\u00f3w, dla \u0142atwiejszego przypomnienia kto jest kim. Kto czyta\u0142 &#8222;Po co wr\u00f3ci\u0142a\u015b, Agato?&#8221; (jest na blogu) szybko dzi\u0119ki temu wr\u00f3ci pami\u0119ci\u0105 do wydarze\u0144 i os\u00f3b z drugiej cz\u0119\u015bci, i &#8211; mam nadziej\u0119 &#8211; z przyjemno\u015bci\u0105 sp\u0119dzi kilka chwil w towarzystwie &#8222;mafii&#8221; ursynowskiej, czyli w\u015br\u00f3d takich ludzi, w\u015br\u00f3d kt\u00f3rych chcia\u0142oby si\u0119 zawsze przebywa\u0107, bowiem przyja\u017a\u0144, wzajemna pomoc, empatia, o mi\u0142o\u015bci nie wspomn\u0119 \ud83d\ude42 &#8211; \u00a0to warto\u015bci nie do przecenienia w codziennym \u017cyciu.<\/p>\n<p>We wpisie &#8222;Tytu\u0142em wst\u0119pu do &#8222;Po co wr\u00f3ci\u0142a\u015b &#8230;&#8221; pisa\u0142am o powie\u015bci, wi\u0119c nie b\u0119d\u0119 powtarza\u0107, na tym blogu opublikowany zosta\u0142 25.02.2019. Na bloxie pojawi\u0142 si\u0119 z dat\u0105 15.06.2017 czyli dwa lata wcze\u015bniej. Gdybym rzuci\u0142a okiem na daty kilka dni temu, mog\u0142abym r\u00f3wniutko co do dnia rozpocz\u0105\u0107 t\u0119 powie\u015b\u0107 w odcinkach. Ale co tam, pi\u0119\u0107 dni w jedn\u0105 czy w drug\u0105 stron\u0119 nie ma znaczenia. Zapraszam \ud83d\ude42 \ud83d\ude42 \ud83d\ude42<\/p>\n<p><strong>Wa\u017cniejsze istoty dwu i czworono\u017cne pojawiaj\u0105ce si\u0119 w \u201eWidocznie tak mia\u0142o by\u0107\u201d <\/strong><\/p>\n<p><strong>Aldona Jab\u0142o\u0144ska<\/strong> (37 l.) \u2013 prze\u017cywaj\u0105ca najwi\u0119ksze \u017cyciowe zawirowania, kt\u00f3rych pocz\u0105tki rozgrywaj\u0105 si\u0119 w \u201ePo co wr\u00f3ci\u0142a\u015b, Agato?\u201d<\/p>\n<p><strong>Inka i Linka<\/strong> (11 l.) \u2013 bli\u017aniaczki, c\u00f3rki Aldony zwane Stokrotkami<\/p>\n<p><strong>Iga <\/strong>\u2013 obserwuj\u0105ca wydarzenia z pozycji prenatalnej, pojawiaj\u0105ca si\u0119 na \u015bwiecie w odpowiednim czasie, maj\u0105ca najwi\u0119kszy wp\u0142yw\u00a0 na \u017cycie pewnych os\u00f3b<\/p>\n<p><strong>Tina, Bibi <\/strong>\u2013 sunia i kotka, pe\u0142noprawne cz\u0142onkinie rodziny<\/p>\n<p><strong>Dorota Brzozowska<\/strong> (37 l.) i Micha\u0142 <strong>Zabawski<\/strong>\u00a0 czyli para w dalszym ci\u0105gu tworz\u0105ca zwi\u0105zek nierozerwalny<\/p>\n<p><strong>Kajtu\u015b<\/strong> (7 l.) i <strong>J\u0119drek<\/strong> (10 l.) \u2013 synowie Doroty<\/p>\n<p><strong>Bartu\u015b<\/strong> (10 l.) \u2013 synek Micha\u0142a<\/p>\n<p><strong>Aza i Kot<\/strong> \u2013 domowe zwierzaki Doroty<\/p>\n<p><strong>Sergiusz Zdanowski<\/strong> \u2013 brat cioteczny Doroty, obiekt odwzajemnianych uczu\u0107 Aldony, pr\u00f3buj\u0105cy odnale\u017a\u0107 si\u0119 w nowej sytuacji, co niezbyt dobrze mu wychodzi<\/p>\n<p><strong>Monika<\/strong> (10 l.) \u2013 c\u00f3reczka Sergiusza zwana Biedroneczk\u0105<\/p>\n<p><strong>kotka Mimi<\/strong><\/p>\n<p><strong>pani Mela<\/strong> \u2013 mama Sergiusza<\/p>\n<p><strong>Agata<\/strong> \u2013 \u017cona Sergiusza, kt\u00f3ra po kilku latach separacji z m\u0119\u017cem sp\u0119dzonych za granic\u0105 niespodziewanie zmienia zdanie i wraca, wywracaj\u0105c kilku osobom \u017cycie do g\u00f3ry nogami<\/p>\n<p><strong>Marian, Greta<\/strong> \u2013 znajomi Aldony z pracy czerpi\u0105cy przyjemno\u015b\u0107 z niszczenia jej zwi\u0105zku z Sergiuszem<\/p>\n<p><strong>wsp\u00f3lnik<\/strong> Sergiusza wsp\u00f3\u0142pracuj\u0105cy z Agat\u0105 w tym samym celu oraz w celu zdobycia korzy\u015bci finansowych<\/p>\n<p><strong>Jola <\/strong>&#8211; szpitalna kole\u017canka Aldony<\/p>\n<p><strong>dr Aleksander<\/strong> \u2013 irydolog, kt\u00f3ry Aldon\u0119 doprowadzi\u0142 do porz\u0105dku<\/p>\n<p><strong>Teresa Olszy\u0144ska- Zacharska<\/strong> (37 l.) i <strong>Jurand Zacharski<\/strong> \u2013 para miotana uczuciami w \u201eWej\u015bciu w \u015bwiat\u0142o\u201d<\/p>\n<p><strong>Maciek<\/strong> (14 l.) i <strong>Kuba<\/strong> ( 11 l.) \u2013 synowie Teresy, zwani Brysiami przez Dziadka<\/p>\n<p><strong>Marek<\/strong> (11 l.) \u2013 synek Juranda, kt\u00f3ry do\u0142\u0105czy\u0142 do Brysi\u00f3w<\/p>\n<p><strong>Babcia Basia<\/strong> \u2013 mama Juranda, zwana babci\u0105 Basi\u0105 przez wszystkie \u201emafijne\u201d dzieciaki<\/p>\n<p><strong>Andrzej Garlicki<\/strong> \u2013 ojciec Teresy i Majki zwany popularnie Dziadkiem<\/p>\n<p><strong>Maks<\/strong> \u2013 skrzy\u017cowanie doga i owczarka niemieckiego o niezwykle \u0142agodnym usposobieniu<\/p>\n<p><strong>Mi\u0107ka i Arik<\/strong> \u2013 koty rodzinne<\/p>\n<p><strong>Majka <\/strong>\u2013 siostra Teresy,\u00a0<strong>Grzegorz <\/strong>\u2013 m\u0105\u017c Majki<\/p>\n<p><strong>Aba <\/strong>\u2013 sunia Majki o wysokim poziomie inteligencji<\/p>\n<p><strong>Helenka i Kazio, pan J\u00f3zef<\/strong> \u2013 przyjaciele Dziadka i ca\u0142ej rodziny<strong>\u00a0<\/strong><\/p>\n<p><strong>Magda i Marcin Nowiccy<\/strong> \u2013 s\u0105siedzi mieszkaj\u0105cy\u00a0 naprzeciwko Aldony, rodzice\u00a0<strong>\u00a0Justynki<\/strong> (13 l.) i <strong>Filipa<\/strong> (10 l.)<\/p>\n<p><strong>Danusia i Bronek Gaw\u0142owscy<\/strong> \u2013 s\u0105siedzi z trzeciego pi\u0119tra, rodzice <strong>Olka<\/strong> (14 l.), doros\u0142ej <strong>Iwonki<\/strong>, opiekunowie rudego kota <strong>Tygryska<\/strong> i czarnego owczarka <strong>Zb\u00f3ja<\/strong> oraz czasami miniaturowej jamniczki <strong>Busi<\/strong> mieszkaj\u0105cej u mamy Bronka<\/p>\n<p><strong>Stenia i Ziutek Koz\u0142owscy<\/strong>\u00a0&#8211; s\u0105siedzi maj\u0105cy dw\u00f3ch synk\u00f3w oraz <strong>Sar\u0119<\/strong>, przygarni\u0119t\u0105 czarn\u0105 suczk\u0119<\/p>\n<p><strong>Kasia Zaremba<\/strong> \u2013 s\u0105siadka Aldony z innej klatki w tym samym bloku, jedna z trzech bohaterek \u201ePasm \u017cycia\u201d, historii tocz\u0105cej si\u0119 wiele lat p\u00f3\u017aniej (jest na tym blogu}<\/p>\n<p><strong>Marianna Sadowska<\/strong> \u2013 s\u0105siadka Majki, znawczyni Tarota, mama bli\u017aniak\u00f3w, opiekunka jamniczki <strong>Alfy<\/strong> i kotki <strong>Kuleczki<\/strong>, znana z \u201eOpowie\u015bci Marianny&#8221;(jest na blogu)<\/p>\n<p><strong>Karolina Zacharska<\/strong> \u2013 kuzynka Juranda, mieszkanka Woli Filipowskiej, m\u0142oda lekarka<\/p>\n<p><strong>Renald Czerwi\u0144ski<\/strong> \u2013 stary znajomy, od niedawna bardzo bliski przyjaciel Karoliny<strong>\u00a0<\/strong><\/p>\n<p><strong>Martyna Matecka<\/strong> \u2013 s\u0105siadka Karoliny, wdowa, mama ma\u0142ej <strong>Milenki<\/strong><\/p>\n<p><strong>Mi\u0142osz Rzepecki<\/strong> \u2013 przyjaciel Sergiusza z okresu studi\u00f3w, dzi\u0119ki kt\u00f3remu wyprostuj\u0105 si\u0119 Sergiuszowe drogi<\/p>\n<p><strong>Paulina Czaplicka<\/strong> \u2013 w\u0142a\u015bcicielka domu duch\u00f3w, organizatorka przytuliska \u201e\u0141apka Barnaby\u201d<strong>\u00a0<\/strong><\/p>\n<p><strong>wujek Zygmunt Zacharski <\/strong>&#8211; krewny Juranda mieszkaj\u0105cy w Tenczynku, kt\u00f3ry okaza\u0142 si\u0119 przyjacielem Dziadka z okresu wojny, m\u0105\u017c <strong>cioci R\u00f3zi<\/strong> , opiekun <strong>Mi\u015bka<\/strong>, psa wygl\u0105dem przypominaj\u0105cego bernardyna<\/p>\n<p>cdn<\/p>\n<div class=\"fcbkbttn_buttons_block\" id=\"fcbkbttn_middle\"><div class=\"fcbkbttn_like \"><fb:like href=\"https:\/\/annapisze.art\/?p=1797\" action=\"like\" colorscheme=\"light\" layout=\"box_count\"  size=\"small\"><\/fb:like><\/div><div class=\"fb-share-button  \" data-href=\"https:\/\/annapisze.art\/?p=1797\" data-type=\"button_count\" data-size=\"small\"><\/div><\/div>","protected":false},"excerpt":{"rendered":"<p>Przysz\u0142a pora na trzeci\u0105 cz\u0119\u015b\u0107 cyklu ursynowskiego. Akurat lektura na wakacje \ud83d\ude42 Pomy\u015bla\u0142am, \u017ce na pocz\u0105tek wstawi\u0119 spis bohater\u00f3w, dla \u0142atwiejszego przypomnienia kto jest kim. Kto czyta\u0142 &#8222;Po co wr\u00f3ci\u0142a\u015b, Agato?&#8221; (jest na blogu) szybko dzi\u0119ki temu wr\u00f3ci pami\u0119ci\u0105 do &hellip; <a href=\"https:\/\/annapisze.art\/?p=1797\">Czytaj dalej <span class=\"meta-nav\">&rarr;<\/span><\/a><\/p>\n","protected":false},"author":1,"featured_media":0,"comment_status":"open","ping_status":"open","sticky":false,"template":"","format":"standard","meta":{"footnotes":""},"categories":[10,18],"tags":[],"class_list":["post-1797","post","type-post","status-publish","format-standard","hentry","category-powiesci","category-widocznie-tak-mialo-byc"],"_links":{"self":[{"href":"https:\/\/annapisze.art\/index.php?rest_route=\/wp\/v2\/posts\/1797","targetHints":{"allow":["GET"]}}],"collection":[{"href":"https:\/\/annapisze.art\/index.php?rest_route=\/wp\/v2\/posts"}],"about":[{"href":"https:\/\/annapisze.art\/index.php?rest_route=\/wp\/v2\/types\/post"}],"author":[{"embeddable":true,"href":"https:\/\/annapisze.art\/index.php?rest_route=\/wp\/v2\/users\/1"}],"replies":[{"embeddable":true,"href":"https:\/\/annapisze.art\/index.php?rest_route=%2Fwp%2Fv2%2Fcomments&post=1797"}],"version-history":[{"count":3,"href":"https:\/\/annapisze.art\/index.php?rest_route=\/wp\/v2\/posts\/1797\/revisions"}],"predecessor-version":[{"id":1804,"href":"https:\/\/annapisze.art\/index.php?rest_route=\/wp\/v2\/posts\/1797\/revisions\/1804"}],"wp:attachment":[{"href":"https:\/\/annapisze.art\/index.php?rest_route=%2Fwp%2Fv2%2Fmedia&parent=1797"}],"wp:term":[{"taxonomy":"category","embeddable":true,"href":"https:\/\/annapisze.art\/index.php?rest_route=%2Fwp%2Fv2%2Fcategories&post=1797"},{"taxonomy":"post_tag","embeddable":true,"href":"https:\/\/annapisze.art\/index.php?rest_route=%2Fwp%2Fv2%2Ftags&post=1797"}],"curies":[{"name":"wp","href":"https:\/\/api.w.org\/{rel}","templated":true}]}}