{"id":1785,"date":"2019-06-11T07:33:24","date_gmt":"2019-06-11T05:33:24","guid":{"rendered":"http:\/\/annapisze.art\/?p=1785"},"modified":"2019-06-11T11:40:16","modified_gmt":"2019-06-11T09:40:16","slug":"stokrotkowe-zwariowanie","status":"publish","type":"post","link":"https:\/\/annapisze.art\/?p=1785","title":{"rendered":"Stokrotkowe zwariowanie :)"},"content":{"rendered":"<p>Przeczyta\u0142am z wielk\u0105 przyjemno\u015bci\u0105 ksi\u0105\u017ck\u0119 Stokrotki naszej blogowej, czyli Jadwigi \u015amigiery, o Warszawie zatytu\u0142owan\u0105 &#8222;Moje warszawskie zwariowanie&#8221;. Poczta uprzejmie donios\u0142a j\u0105 dopiero w pi\u0105tek i nie mog\u0142am si\u0119 doczeka\u0107, aby da\u0107 nurka mi\u0119dzy kartki oczekuj\u0105c przyjemnych chwil i ciekawej wycieczki. I mia\u0142am racj\u0119, moje oczekiwania si\u0119 spe\u0142ni\u0142y!<br \/>\nOdwiedzi\u0142am miejsca, z kt\u00f3rymi zwi\u0105zana by\u0142am dawniej i jestem przecie\u017c na zawsze, cz\u0105stka przesz\u0142o\u015bci siedzi sobie w sercu bezszelestnie i czeka chwili, aby si\u0119 ujawni\u0107 np. dzi\u0119ki czyim\u015b wspomnieniom. W stolicy mieszkam ju\u017c p\u00f3\u0142 wieku, wi\u0119c jestem warszawiank\u0105 przez zasiedzenie \ud83d\ude42 Mieszkali\u015bmy z rodzink\u0105 na Pradze i czytaj\u0105c cz\u0119\u015b\u0107 dotycz\u0105c\u0105 tej &#8222;obrzydliwej&#8221; dzielnicy wr\u00f3ci\u0142am w przesz\u0142o\u015b\u0107. &#8222;Moje tereny&#8221; rozci\u0105ga\u0142y si\u0119 od mostu \u015al\u0105sko-D\u0105browskiego wzd\u0142u\u017c Wis\u0142y do mostu Poniatowskiego, a w drug\u0105 stron\u0119 do Targowej, do bazarku R\u00f3\u017cyckiego i dalej do Wile\u0144skiej i do Zamoyskiego. Przez cztery lata chodzi\u0142am do liceum, kt\u00f3rego okna wychodz\u0105 z jednej strony na cerkiew, mijaj\u0105c widoczne &#8211; po drugiej stronie \u00f3wczesnej \u015awierczewskiego &#8211; mi\u015bki na wybiegu. Park Praski i ZOO to pierwsze miejsca spacer\u00f3w moich synk\u00f3w. Wcze\u015bniej &#8211; cz\u0119sto piechot\u0105 przez most (7 min. drogi) sz\u0142am na zaj\u0119cia na uniwerku, sporo czasu sp\u0119dza\u0142am w biliotece na \u015awi\u0119toja\u0144skiej, obok akademik\u00f3w na Kickiego (ulicy nie pami\u0119tam) ale najwi\u0119cej na Koszykowej. Dos\u0142ownie ca\u0142e dnie tam sp\u0119dza\u0142am, wcale nie w BUW-ie. Czytelnia by\u0142a czynna do 22-iej i po tej godzinie wraca\u0142am do domu. Nigdy si\u0119 nie ba\u0142am. Nawet gdy napotyka\u0142am po drodze od przystanku tramwajowego do domu jak\u0105\u015b grup\u0119, s\u0142ysza\u0142am: &#8222;zostaw, to nasza&#8221; i \u017cadnych z\u0142ych prze\u017cy\u0107 nie mia\u0142am przez wszystkie lata mieszkania na ulicy, kt\u00f3ra teraz ma ju\u017c trzeci\u0105 nazw\u0119. Kiedy si\u0119 wprowadzili\u015bmy u wielu os\u00f3b funkcjonowa\u0142a nazwa przedwojenna, nawet listy do poprzednich lokator\u00f3w przychodzi\u0142y na ul. Szerok\u0105. Potem by\u0142a Karola W\u00f3jcika a teraz jest ksi\u0119dza K\u0142opotowskiego. Pewnie dalej jest, od \u015bmierci Taty, czyli od 13-tu lat nie bywam w tamtych stronach, Tato si\u0119 \u015bmia\u0142 (kiedy jeszcze by\u0142 zdrowy), \u017ce mieszka\u0142 w jednym miejsca a pod trzema adresami.<br \/>\nW 1981 roku zamieszka\u0142am na Ursynowie ( jak Stokrotka na Targ\u00f3wku) i pokocha\u0142am to miejsce od pierwszego wejrzenia, od &#8211; dok\u0142adnie &#8211; czasu i miejsca serialu &#8222;Alternatywy 4&#8221;, kr\u0119conego tu\u017c obok. Pami\u0119tam lokomotyw\u0119 stoj\u0105c\u0105 pod blokiem s\u0142u\u017c\u0105c\u0105 do ogrzewania w czasie zimy mieszka\u0144 serialowych bohater\u00f3w \ud83d\ude42 Mimo, \u017ce kilka lat temu przenios\u0142am si\u0119 na drug\u0105 stron\u0119 Lasu Kabackiego, Ursyn\u00f3w kocham i nigdy nie przestan\u0119. Najch\u0119tniej m\u00f3j obecny domek przenios\u0142abym na trawnik pod m\u00f3j blok i wtedy by\u0142oby idealnie \ud83d\ude42<br \/>\nRozgada\u0142am si\u0119, rozwspomina\u0142am przez t\u0119 Stokrotk\u0119 i jej wycieczk\u0119 po Warszawie. A przecie\u017c zamiast si\u0119 zag\u0142\u0119bia\u0107 we w\u0142asne prze\u017cycia, powinnam si\u0119 skupi\u0107 na spotkaniu na kartkach ksi\u0105\u017cki os\u00f3b ulubionych: Danuty Szaflarskiej, cudownego cz\u0142owieka Boles\u0142awa Prusa, Frycka &#8222;od Chopin\u00f3w&#8221;, Henryka Sienkiewicza darzonego przeze mnie mi\u0142o\u015bci\u0105 dozgonn\u0105, zmilcz\u0119 o tych, kt\u00f3rych sympati\u0105 nie darz\u0119. Przy okazji przypomnia\u0142am sobie pawie w \u0141azienkach niemi\u0142osiernie zag\u0142uszaj\u0105ce aktor\u00f3w w Teatrze na Wodzie poniewa\u017c wybra\u0142y sobie okoliczne drzewa na nocleg i dar\u0142y si\u0119 do siebie z g\u00f3ry. U\u015bmia\u0142y\u015bmy si\u0119 wtedy z kuzynk\u0105, \u017ce hej \ud83d\ude42<br \/>\nI jeszcze mi si\u0119 przypomnia\u0142o, \u017ce nasz budynek na Szerokiej mia\u0142 liczne \u015blady po kulach, w pierwszej chwili zrobi\u0142o to na mnie ogromne wra\u017cenie. I domki fi\u0144skie s\u0105 znajome. I do \u0141azienek najbardziej lubi\u0142am je\u017adzi\u0107 kiedy pada\u0142 deszcz, mog\u0142am sobie spacerowa\u0107 do woli pod parasolk\u0105 a ca\u0142e \u0141azienki moje \ud83d\ude42 I do Wilanowa pojecha\u0142y\u015bmy z kuzynk\u0105 w d\u0142ugich sp\u00f3dnicach (moda nareszcie taka nasta\u0142a), snu\u0142y\u015bmy si\u0119 po korytarzach pa\u0142acu szukaj\u0105c na portretach rodzinnego podobie\u0144stwa&#8230; :))) O matko, jakie wariatki!!!<br \/>\nTaka to jest ksi\u0105\u017cka, co i rusz wskrzesza wspomnienia, budzi skojarzenia, zawiera du\u017c\u0105 dawk\u0119 informacji, do kt\u00f3rych mo\u017cna w ka\u017cdej chwili wr\u00f3ci\u0107 maj\u0105c w\u0142asny egzemplarz pod r\u0119k\u0105.<br \/>\nBaaardzo si\u0119 ciesz\u0119, \u017ce mam ksi\u0105\u017ck\u0119 Stokrotki i mog\u0119 zagl\u0105da\u0107 do niej kiedy dusza ma tego zapragnie \ud83d\ude42<\/p>\n<div id=\"attachment_1594\" style=\"width: 510px\" class=\"wp-caption aligncenter\"><img loading=\"lazy\" decoding=\"async\" aria-describedby=\"caption-attachment-1594\" class=\"wp-image-1594\" src=\"https:\/\/annapisze.art\/wp-content\/uploads\/2019\/03\/100_6936-300x226.jpg\" alt=\"\" width=\"500\" height=\"376\" srcset=\"https:\/\/annapisze.art\/wp-content\/uploads\/2019\/03\/100_6936-300x226.jpg 300w, https:\/\/annapisze.art\/wp-content\/uploads\/2019\/03\/100_6936-1024x771.jpg 1024w\" sizes=\"auto, (max-width: 500px) 100vw, 500px\" \/><p id=\"caption-attachment-1594\" class=\"wp-caption-text\">Szila i Skitu\u015b zas\u0142uchane w czytane im fragmenty Stokrotkowej ksi\u0105\u017cki \ud83d\ude42<\/p><\/div>\n<div class=\"fcbkbttn_buttons_block\" id=\"fcbkbttn_middle\"><div class=\"fcbkbttn_like \"><fb:like href=\"https:\/\/annapisze.art\/?p=1785\" action=\"like\" colorscheme=\"light\" layout=\"box_count\"  size=\"small\"><\/fb:like><\/div><div class=\"fb-share-button  \" data-href=\"https:\/\/annapisze.art\/?p=1785\" data-type=\"button_count\" data-size=\"small\"><\/div><\/div>","protected":false},"excerpt":{"rendered":"<p>Przeczyta\u0142am z wielk\u0105 przyjemno\u015bci\u0105 ksi\u0105\u017ck\u0119 Stokrotki naszej blogowej, czyli Jadwigi \u015amigiery, o Warszawie zatytu\u0142owan\u0105 &#8222;Moje warszawskie zwariowanie&#8221;. Poczta uprzejmie donios\u0142a j\u0105 dopiero w pi\u0105tek i nie mog\u0142am si\u0119 doczeka\u0107, aby da\u0107 nurka mi\u0119dzy kartki oczekuj\u0105c przyjemnych chwil i ciekawej wycieczki. &hellip; <a href=\"https:\/\/annapisze.art\/?p=1785\">Czytaj dalej <span class=\"meta-nav\">&rarr;<\/span><\/a><\/p>\n","protected":false},"author":1,"featured_media":0,"comment_status":"open","ping_status":"open","sticky":false,"template":"","format":"standard","meta":{"footnotes":""},"categories":[8],"tags":[],"class_list":["post-1785","post","type-post","status-publish","format-standard","hentry","category-mysle-sobie"],"_links":{"self":[{"href":"https:\/\/annapisze.art\/index.php?rest_route=\/wp\/v2\/posts\/1785","targetHints":{"allow":["GET"]}}],"collection":[{"href":"https:\/\/annapisze.art\/index.php?rest_route=\/wp\/v2\/posts"}],"about":[{"href":"https:\/\/annapisze.art\/index.php?rest_route=\/wp\/v2\/types\/post"}],"author":[{"embeddable":true,"href":"https:\/\/annapisze.art\/index.php?rest_route=\/wp\/v2\/users\/1"}],"replies":[{"embeddable":true,"href":"https:\/\/annapisze.art\/index.php?rest_route=%2Fwp%2Fv2%2Fcomments&post=1785"}],"version-history":[{"count":2,"href":"https:\/\/annapisze.art\/index.php?rest_route=\/wp\/v2\/posts\/1785\/revisions"}],"predecessor-version":[{"id":1787,"href":"https:\/\/annapisze.art\/index.php?rest_route=\/wp\/v2\/posts\/1785\/revisions\/1787"}],"wp:attachment":[{"href":"https:\/\/annapisze.art\/index.php?rest_route=%2Fwp%2Fv2%2Fmedia&parent=1785"}],"wp:term":[{"taxonomy":"category","embeddable":true,"href":"https:\/\/annapisze.art\/index.php?rest_route=%2Fwp%2Fv2%2Fcategories&post=1785"},{"taxonomy":"post_tag","embeddable":true,"href":"https:\/\/annapisze.art\/index.php?rest_route=%2Fwp%2Fv2%2Ftags&post=1785"}],"curies":[{"name":"wp","href":"https:\/\/api.w.org\/{rel}","templated":true}]}}